{"id":231205,"date":"2025-09-05T10:47:48","date_gmt":"2025-09-05T07:47:48","guid":{"rendered":"https:\/\/www.tgrthaber.com\/mavikadin\/?p=231205"},"modified":"2025-09-05T10:47:48","modified_gmt":"2025-09-05T07:47:48","slug":"carpinti-dizisinin-hulya-gunesi-deniz-cakir-kimdir-deniz-cakir-yasinda-ve-esi-kim","status":"publish","type":"post","link":"https:\/\/www.tgrthaber.com\/mavikadin\/carpinti-dizisinin-hulya-gunesi-deniz-cakir-kimdir-deniz-cakir-yasinda-ve-esi-kim\/","title":{"rendered":"\u00c7arp\u0131nt\u0131 dizisinin H\u00fclya G\u00fcne\u015f\u2019i Deniz \u00c7ak\u0131r kimdir? Deniz \u00c7ak\u0131r ya\u015f\u0131nda ve e\u015fi kim?"},"content":{"rendered":"<p>Ba\u015frollerini Deniz \u00c7ak\u0131r, Kerem B\u00fcrsin, Sibel Ta\u015f\u00e7\u0131o\u011flu ve Lizge C\u00f6mert\u2019in \u00fcstlendi\u011fi \u00c7arp\u0131nt\u0131 dizisi her Pazar ak\u015fam\u0131 Star TV\u2019de ekrana geliyor. Deniz \u00c7ak\u0131r, \u00c7arp\u0131nt\u0131 dizisinde \u00e7ocuklar\u0131n\u0131 babas\u0131z b\u00fcy\u00fcten, maddi olarak \u00e7ok zorlanan 3 evlat sahibi bir anneyi \u201cH\u00fclya G\u00fcne\u015f\u201d karakterini oynuyor. \u00c7arp\u0131nt\u0131 dizisinin H\u00fclya G\u00fcne\u015f\u2019i Deniz \u00c7ak\u0131r kimdir? Deniz \u00c7ak\u0131r ya\u015f\u0131nda ve e\u015fi kim?<\/p>\n<h3>\u00c7ARPINTI D\u0130Z\u0130S\u0130N\u0130N H\u00dcLYA G\u00dcNE\u015e\u2019\u0130 DEN\u0130Z \u00c7AKIR K\u0130MD\u0130R?<\/h3>\n<p>Deniz \u00c7ak\u0131r \u00c7arp\u0131nt\u0131 dizisinde \u201cH\u00fclya G\u00fcne\u015f\u201d karakteri ile izleyici kar\u015f\u0131s\u0131na \u00e7\u0131k\u0131yor. \u00c7arp\u0131nt\u0131 dizisinin H\u00fclya\u2019s\u0131 Deniz \u00c7ak\u0131r\u2019\u0131 gelin birlikte tan\u0131yal\u0131m.<\/p>\n<p><img loading=\"lazy\" decoding=\"async\" class=\"size-full wp-image-231207 aligncenter\" src=\"https:\/\/www.tgrthaber.com\/mavikadin\/wp-content\/uploads\/carpinti-dizisinin-hulya-gunes-i-deniz-cakir-kimdir-deniz-cakir-kac-yasinda-ve-esi-kim-3.jpg\" alt=\"\" width=\"1208\" height=\"680\" title=\"\" srcset=\"https:\/\/www.tgrthaber.com\/mavikadin\/wp-content\/uploads\/carpinti-dizisinin-hulya-gunes-i-deniz-cakir-kimdir-deniz-cakir-kac-yasinda-ve-esi-kim-3.jpg 1208w, https:\/\/www.tgrthaber.com\/mavikadin\/wp-content\/uploads\/carpinti-dizisinin-hulya-gunes-i-deniz-cakir-kimdir-deniz-cakir-kac-yasinda-ve-esi-kim-3-300x169.jpg 300w, https:\/\/www.tgrthaber.com\/mavikadin\/wp-content\/uploads\/carpinti-dizisinin-hulya-gunes-i-deniz-cakir-kimdir-deniz-cakir-kac-yasinda-ve-esi-kim-3-1024x576.jpg 1024w, https:\/\/www.tgrthaber.com\/mavikadin\/wp-content\/uploads\/carpinti-dizisinin-hulya-gunes-i-deniz-cakir-kimdir-deniz-cakir-kac-yasinda-ve-esi-kim-3-768x432.jpg 768w\" sizes=\"(max-width: 1208px) 100vw, 1208px\" \/><\/p>\n<hr \/>\n<p>Deniz \u00c7ak\u0131r T\u00fcrk dizi, tiyatro, sinema oyuncusu ve seslendirme sanat\u00e7\u0131s\u0131d\u0131r. 31 Aral\u0131k 1981\u2019de Ankara\u2019da d\u00fcnyaya geldi. Annesi Nurdan \u00c7ak\u0131r, babas\u0131 ise H\u00fcseyin \u00c7ak\u0131r\u2019d\u0131r. Deniz \u00c7ak\u0131r\u2019\u0131n Tuna \u00c7ak\u0131r ad\u0131nda bir erkek karde\u015fi bulunmaktad\u0131r.<\/p>\n<p><img loading=\"lazy\" decoding=\"async\" class=\"size-full wp-image-231208 aligncenter\" src=\"https:\/\/www.tgrthaber.com\/mavikadin\/wp-content\/uploads\/carpinti-dizisinin-hulya-gunes-i-deniz-cakir-kimdir-deniz-cakir-kac-yasinda-ve-esi-kim-5.jpg\" alt=\"\" width=\"1208\" height=\"680\" title=\"\" srcset=\"https:\/\/www.tgrthaber.com\/mavikadin\/wp-content\/uploads\/carpinti-dizisinin-hulya-gunes-i-deniz-cakir-kimdir-deniz-cakir-kac-yasinda-ve-esi-kim-5.jpg 1208w, https:\/\/www.tgrthaber.com\/mavikadin\/wp-content\/uploads\/carpinti-dizisinin-hulya-gunes-i-deniz-cakir-kimdir-deniz-cakir-kac-yasinda-ve-esi-kim-5-300x169.jpg 300w, https:\/\/www.tgrthaber.com\/mavikadin\/wp-content\/uploads\/carpinti-dizisinin-hulya-gunes-i-deniz-cakir-kimdir-deniz-cakir-kac-yasinda-ve-esi-kim-5-1024x576.jpg 1024w, https:\/\/www.tgrthaber.com\/mavikadin\/wp-content\/uploads\/carpinti-dizisinin-hulya-gunes-i-deniz-cakir-kimdir-deniz-cakir-kac-yasinda-ve-esi-kim-5-768x432.jpg 768w\" sizes=\"(max-width: 1208px) 100vw, 1208px\" \/><\/p>\n<hr \/>\n<p>Ankara Ayranc\u0131 Lisesini bitirdi. Oyuncu olmaya lisedeyken gitti\u011fi tiyatroda Oyuncu Zeynep Eronat&#8217;\u0131n performans\u0131n\u0131 izlerken karar verdi.<\/p>\n<p>Hacettepe \u00dcniversitesi Ankara Devlet Konservatuvar\u0131&#8217;ndan mezun oldu. Konservatuvar\u0131 bitirmeden \u00f6nce Ankara Radyosu&#8217;nda, radyo tiyatrosu, radyo reklamlar\u0131nda seslendirme sanat\u00e7\u0131s\u0131 olarak \u00e7al\u0131\u015ft\u0131.<\/p>\n<p><img loading=\"lazy\" decoding=\"async\" class=\"size-full wp-image-231209 aligncenter\" src=\"https:\/\/www.tgrthaber.com\/mavikadin\/wp-content\/uploads\/carpinti-dizisinin-hulya-gunes-i-deniz-cakir-kimdir-deniz-cakir-kac-yasinda-ve-esi-kim-4.jpg\" alt=\"\" width=\"1208\" height=\"680\" title=\"\" srcset=\"https:\/\/www.tgrthaber.com\/mavikadin\/wp-content\/uploads\/carpinti-dizisinin-hulya-gunes-i-deniz-cakir-kimdir-deniz-cakir-kac-yasinda-ve-esi-kim-4.jpg 1208w, https:\/\/www.tgrthaber.com\/mavikadin\/wp-content\/uploads\/carpinti-dizisinin-hulya-gunes-i-deniz-cakir-kimdir-deniz-cakir-kac-yasinda-ve-esi-kim-4-300x169.jpg 300w, https:\/\/www.tgrthaber.com\/mavikadin\/wp-content\/uploads\/carpinti-dizisinin-hulya-gunes-i-deniz-cakir-kimdir-deniz-cakir-kac-yasinda-ve-esi-kim-4-1024x576.jpg 1024w, https:\/\/www.tgrthaber.com\/mavikadin\/wp-content\/uploads\/carpinti-dizisinin-hulya-gunes-i-deniz-cakir-kimdir-deniz-cakir-kac-yasinda-ve-esi-kim-4-768x432.jpg 768w\" sizes=\"(max-width: 1208px) 100vw, 1208px\" \/><\/p>\n<hr \/>\n<p>\u00c7ak\u0131r\u2019\u0131n \u00fcniversite hocalar\u0131ndan biri de \u00fcnl\u00fc sinema ve tiyatro oyuncu Cihan \u00dcnal\u2019d\u0131r.<\/p>\n<p>Deniz \u00c7ak\u0131r ilk TV dizi oyunculu\u011fu deneyimini ba\u015frollerini Cihal \u00dcnal ve H\u00fclya Av\u015far ile payla\u015ft\u0131\u011f\u0131 \u201cKad\u0131n \u0130sterse\u201d\u2019de \u201cAlev\u201d karakteri ile ya\u015fad\u0131.<\/p>\n<p><img loading=\"lazy\" decoding=\"async\" class=\"size-full wp-image-231210 aligncenter\" src=\"https:\/\/www.tgrthaber.com\/mavikadin\/wp-content\/uploads\/carpinti-dizisinin-hulya-gunes-i-deniz-cakir-kimdir-deniz-cakir-kac-yasinda-ve-esi-kim-7.jpg\" alt=\"\" width=\"1208\" height=\"680\" title=\"\" srcset=\"https:\/\/www.tgrthaber.com\/mavikadin\/wp-content\/uploads\/carpinti-dizisinin-hulya-gunes-i-deniz-cakir-kimdir-deniz-cakir-kac-yasinda-ve-esi-kim-7.jpg 1208w, https:\/\/www.tgrthaber.com\/mavikadin\/wp-content\/uploads\/carpinti-dizisinin-hulya-gunes-i-deniz-cakir-kimdir-deniz-cakir-kac-yasinda-ve-esi-kim-7-300x169.jpg 300w, https:\/\/www.tgrthaber.com\/mavikadin\/wp-content\/uploads\/carpinti-dizisinin-hulya-gunes-i-deniz-cakir-kimdir-deniz-cakir-kac-yasinda-ve-esi-kim-7-1024x576.jpg 1024w, https:\/\/www.tgrthaber.com\/mavikadin\/wp-content\/uploads\/carpinti-dizisinin-hulya-gunes-i-deniz-cakir-kimdir-deniz-cakir-kac-yasinda-ve-esi-kim-7-768x432.jpg 768w\" sizes=\"(max-width: 1208px) 100vw, 1208px\" \/><\/p>\n<hr \/>\n<p>\u0130ki Arada A\u015fk, Avrupa Yakas\u0131, Yaprak D\u00f6k\u00fcm\u00fc, \u0130ffet, Muhte\u015fem Y\u00fczy\u0131l, Yasak, Vurgun, E\u015fk\u0131ya D\u00fcnyaya H\u00fck\u00fcmdar Olmaz, Masumiyet gibi dizilerde rol ald\u0131.<\/p>\n<p>Deniz \u00c7ak\u0131r b\u00fcy\u00fck \u00e7\u0131k\u0131\u015f\u0131n\u0131 Yaprak D\u00f6k\u00fcm\u00fc dizisinde \u201cFerhunde\u201d karakteri ile yakalad\u0131. Ferhunde rol\u00fcyle milyonlarca ki\u015fi taraf\u0131ndan tan\u0131nmaya ba\u015flad\u0131.<\/p>\n<p>Deniz \u00c7ak\u0131r kariyeri boyunca, Sadri Al\u0131\u015f\u0131k Tiyatro ve Sinema Oyuncu \u00d6d\u00fclleri, Afife Tiyatro \u00d6d\u00fclleri, Mersin Alt\u0131n Palmiye \u00d6d\u00fclleri gibi \u00e7e\u015fitli \u00f6d\u00fcllere lay\u0131k g\u00f6r\u00fcld\u00fc.<\/p>\n<p>Oyuncu Deniz \u00c7ak\u0131r, \u00c7arp\u0131nt\u0131 dizisinde \u201cH\u00fclya G\u00fcne\u015f\u201d karakteri ile izleyicilerle bulu\u015fmaya haz\u0131rlan\u0131yor.<\/p>\n<p><img loading=\"lazy\" decoding=\"async\" class=\"size-full wp-image-231211 aligncenter\" src=\"https:\/\/www.tgrthaber.com\/mavikadin\/wp-content\/uploads\/carpinti-dizisinin-hulya-gunes-i-deniz-cakir-kimdir-deniz-cakir-kac-yasinda-ve-esi-kim-6.jpg\" alt=\"\" width=\"1208\" height=\"680\" title=\"\" srcset=\"https:\/\/www.tgrthaber.com\/mavikadin\/wp-content\/uploads\/carpinti-dizisinin-hulya-gunes-i-deniz-cakir-kimdir-deniz-cakir-kac-yasinda-ve-esi-kim-6.jpg 1208w, https:\/\/www.tgrthaber.com\/mavikadin\/wp-content\/uploads\/carpinti-dizisinin-hulya-gunes-i-deniz-cakir-kimdir-deniz-cakir-kac-yasinda-ve-esi-kim-6-300x169.jpg 300w, https:\/\/www.tgrthaber.com\/mavikadin\/wp-content\/uploads\/carpinti-dizisinin-hulya-gunes-i-deniz-cakir-kimdir-deniz-cakir-kac-yasinda-ve-esi-kim-6-1024x576.jpg 1024w, https:\/\/www.tgrthaber.com\/mavikadin\/wp-content\/uploads\/carpinti-dizisinin-hulya-gunes-i-deniz-cakir-kimdir-deniz-cakir-kac-yasinda-ve-esi-kim-6-768x432.jpg 768w\" sizes=\"(max-width: 1208px) 100vw, 1208px\" \/><\/p>\n<hr \/>\n<h3>\u00c7ARPINTI D\u0130Z\u0130S\u0130 H\u00dcLYA G\u00dcNE\u015e K\u0130MD\u0130R?<\/h3>\n<p>H\u00fclya G\u00fcne\u015f Asl\u0131, Sezin ve Murat isimlerinde 3 \u00e7ocu\u011fu bulunan, evlatlar\u0131n\u0131 babas\u0131z olarak maddi s\u0131k\u0131nt\u0131lar i\u00e7inde b\u00fcy\u00fcten bir kad\u0131nd\u0131r. G\u00fcne\u015f\u2019in b\u00fcy\u00fck k\u0131z\u0131 Asl\u0131 bir kahve zincirinde \u00e7al\u0131\u015fmakta, ta\u015f\u0131d\u0131\u011f\u0131 yapay kalp cihaz\u0131 sayesinde hayatta kalabilmekte ve kalp nakli beklemektedir.<\/p>\n<p><img loading=\"lazy\" decoding=\"async\" class=\"size-full wp-image-231212 aligncenter\" src=\"https:\/\/www.tgrthaber.com\/mavikadin\/wp-content\/uploads\/carpinti-dizisinin-hulya-gunes-i-deniz-cakir-kimdir-deniz-cakir-kac-yasinda-ve-esi-kim-2.jpg\" alt=\"\" width=\"1208\" height=\"680\" title=\"\" srcset=\"https:\/\/www.tgrthaber.com\/mavikadin\/wp-content\/uploads\/carpinti-dizisinin-hulya-gunes-i-deniz-cakir-kimdir-deniz-cakir-kac-yasinda-ve-esi-kim-2.jpg 1208w, https:\/\/www.tgrthaber.com\/mavikadin\/wp-content\/uploads\/carpinti-dizisinin-hulya-gunes-i-deniz-cakir-kimdir-deniz-cakir-kac-yasinda-ve-esi-kim-2-300x169.jpg 300w, https:\/\/www.tgrthaber.com\/mavikadin\/wp-content\/uploads\/carpinti-dizisinin-hulya-gunes-i-deniz-cakir-kimdir-deniz-cakir-kac-yasinda-ve-esi-kim-2-1024x576.jpg 1024w, https:\/\/www.tgrthaber.com\/mavikadin\/wp-content\/uploads\/carpinti-dizisinin-hulya-gunes-i-deniz-cakir-kimdir-deniz-cakir-kac-yasinda-ve-esi-kim-2-768x432.jpg 768w\" sizes=\"(max-width: 1208px) 100vw, 1208px\" \/><\/p>\n<hr \/>\n<h3>DEN\u0130Z \u00c7AKIR KA\u00c7 YA\u015eINDA?<\/h3>\n<p>Deniz \u00c7ak\u0131r 1981 do\u011fumludur. 2025 y\u0131l\u0131 itibariyle 44 ya\u015f\u0131ndad\u0131r.<\/p>\n<h3>DEN\u0130Z \u00c7AKIR EVL\u0130 M\u0130 VE E\u015e\u0130 K\u0130M?<\/h3>\n<p>Deniz \u00c7ak\u0131r, 10 Eyl\u00fcl 2023\u2019de Bilgehan Baykal ile d\u00fcnya evine girdi. Deniz \u00c7ak\u0131r\u2019\u0131n Bilgehan Baykal ile evlili\u011finden \u00e7ocu\u011fu bulunmamaktad\u0131r.<\/p>\n","protected":false},"excerpt":{"rendered":"<p>\u00c7arp\u0131nt\u0131 dizisi 7 Eyl\u00fcl Pazar saat 20:00\u2019de izleyici ile bulu\u015fmaya haz\u0131rlan\u0131yor. Dizide H\u00fclya G\u00fcne\u015f karakterini oynayan Deniz \u00c7ak\u0131r\u2019\u0131n kim oldu\u011fu ara\u015ft\u0131r\u0131lmaya ba\u015fland\u0131. \u00c7arp\u0131nt\u0131 dizisinin H\u00fclya G\u00fcne\u015f\u2019i Deniz \u00c7ak\u0131r kimdir? Deniz \u00c7ak\u0131r ya\u015f\u0131nda ve e\u015fi kim?<\/p>\n","protected":false},"author":30,"featured_media":231206,"comment_status":"closed","ping_status":"closed","sticky":false,"template":"","format":"standard","meta":{"rank_math_lock_modified_date":false,"footnotes":""},"categories":[491],"tags":[16521,23108,61534,61533,3560],"class_list":["post-231205","post","type-post","status-publish","format-standard","has-post-thumbnail","hentry","category-biyografi","tag-biyografi-haberleri","tag-carpinti-dizisi","tag-carpinti-dizisi-deniz-cakir","tag-carpinti-dizisi-hulya-gunes","tag-deniz-cakir"],"_links":{"self":[{"href":"https:\/\/www.tgrthaber.com\/mavikadin\/wp-json\/wp\/v2\/posts\/231205"}],"collection":[{"href":"https:\/\/www.tgrthaber.com\/mavikadin\/wp-json\/wp\/v2\/posts"}],"about":[{"href":"https:\/\/www.tgrthaber.com\/mavikadin\/wp-json\/wp\/v2\/types\/post"}],"author":[{"embeddable":true,"href":"https:\/\/www.tgrthaber.com\/mavikadin\/wp-json\/wp\/v2\/users\/30"}],"replies":[{"embeddable":true,"href":"https:\/\/www.tgrthaber.com\/mavikadin\/wp-json\/wp\/v2\/comments?post=231205"}],"version-history":[{"count":1,"href":"https:\/\/www.tgrthaber.com\/mavikadin\/wp-json\/wp\/v2\/posts\/231205\/revisions"}],"predecessor-version":[{"id":231213,"href":"https:\/\/www.tgrthaber.com\/mavikadin\/wp-json\/wp\/v2\/posts\/231205\/revisions\/231213"}],"wp:featuredmedia":[{"embeddable":true,"href":"https:\/\/www.tgrthaber.com\/mavikadin\/wp-json\/wp\/v2\/media\/231206"}],"wp:attachment":[{"href":"https:\/\/www.tgrthaber.com\/mavikadin\/wp-json\/wp\/v2\/media?parent=231205"}],"wp:term":[{"taxonomy":"category","embeddable":true,"href":"https:\/\/www.tgrthaber.com\/mavikadin\/wp-json\/wp\/v2\/categories?post=231205"},{"taxonomy":"post_tag","embeddable":true,"href":"https:\/\/www.tgrthaber.com\/mavikadin\/wp-json\/wp\/v2\/tags?post=231205"}],"curies":[{"name":"wp","href":"https:\/\/api.w.org\/{rel}","templated":true}]}}