{"id":231223,"date":"2025-09-05T11:16:16","date_gmt":"2025-09-05T08:16:16","guid":{"rendered":"https:\/\/www.tgrthaber.com\/mavikadin\/?p=231223"},"modified":"2025-09-05T11:16:16","modified_gmt":"2025-09-05T08:16:16","slug":"masterchefte-kadikoy-bogasi-anildi-mehmet-sef-ile-sezer-dirican-arasinda-gulduren-anlar-yasandi","status":"publish","type":"post","link":"https:\/\/www.tgrthaber.com\/mavikadin\/masterchefte-kadikoy-bogasi-anildi-mehmet-sef-ile-sezer-dirican-arasinda-gulduren-anlar-yasandi\/","title":{"rendered":"Masterchef&#8217;te &#8220;Kad\u0131k\u00f6y Bo\u011fas\u0131&#8221; an\u0131ld\u0131! Mehmet \u015eef ile Sezer Dirican aras\u0131nda g\u00fcld\u00fcren anlar ya\u015fand\u0131"},"content":{"rendered":"<p>Masterchef&#8217;te Sezer Dirican ile Mehmet \u015eef aras\u0131ndaki sohbet dikkat \u00e7ekti. Mehmet \u015eef &#8220;Kad\u0131k\u00f6y Bo\u011fas\u0131&#8221; olarak \u00fcnlenen Mustafa Ba\u015faran&#8217;\u0131 anarak herkesi kahkahaya bo\u011fdu.<\/p>\n<h3>MASTERCHEF&#8217;TE &#8220;KADIK\u00d6Y BO\u011eASI&#8221; ANILDI<\/h3>\n<p>Son d\u00f6nemde &#8220;Kad\u0131k\u00f6y Bo\u011fas\u0131&#8221; olarak \u00fcnlenen Mustafa Ba\u015faran g\u00fcndeme geldi. Masterchef&#8217;te de taklit edilen &#8220;Kad\u0131k\u00f6y Bo\u011fas\u0131&#8221; herkesi k\u0131rd\u0131 ge\u00e7ti. \u015eef Mehmet Yal\u00e7\u0131nkaya, yar\u0131\u015fmac\u0131 Sezer Dirican&#8217;a Kad\u0131k\u00f6y Bo\u011fas\u0131 gibi tak\u0131l\u0131nca ortaya e\u011flenceli anlar \u00e7\u0131kt\u0131.<\/p>\n<div style=\"width: 640px;\" class=\"wp-video\"><!--[if lt IE 9]><script>document.createElement('video');<\/script><![endif]-->\n<video class=\"wp-video-shortcode\" id=\"video-231223-1\" width=\"640\" height=\"1138\" preload=\"metadata\" controls=\"controls\"><source type=\"video\/mp4\" src=\"https:\/\/www.tgrthaber.com\/mavikadin\/wp-content\/uploads\/Masterchef-1.mp4?_=1\" \/><a href=\"https:\/\/www.tgrthaber.com\/mavikadin\/wp-content\/uploads\/Masterchef-1.mp4\">https:\/\/www.tgrthaber.com\/mavikadin\/wp-content\/uploads\/Masterchef-1.mp4<\/a><\/video><\/div>\n<hr \/>\n<h3>SEZER D\u0130R\u0130CAN K\u0130MD\u0130R?<\/h3>\n<p>MasterChef T\u00fcrkiye 2025 yar\u0131\u015fmac\u0131lar\u0131ndan biri olan Sezer Dirican g\u00fcndem oldu. MasterChef T\u00fcrkiye&#8217;nin 2025 sezonuna ilk b\u00f6l\u00fcm\u00fcnden damga vurmu\u015ftu. Somer ve Danilo \u015eef taraf\u0131ndan Sezer Dirican&#8217;a tebrikler pe\u015f pe\u015fe gelmi\u015fti. Peki ama Sezer Dirican kimdir?<\/p>\n<p><img loading=\"lazy\" decoding=\"async\" class=\"aligncenter size-full wp-image-231225\" src=\"https:\/\/www.tgrthaber.com\/mavikadin\/wp-content\/uploads\/Masterchef-1-3.png\" alt=\"\" width=\"795\" height=\"397\" title=\"\" srcset=\"https:\/\/www.tgrthaber.com\/mavikadin\/wp-content\/uploads\/Masterchef-1-3.png 795w, https:\/\/www.tgrthaber.com\/mavikadin\/wp-content\/uploads\/Masterchef-1-3-300x150.png 300w, https:\/\/www.tgrthaber.com\/mavikadin\/wp-content\/uploads\/Masterchef-1-3-768x384.png 768w\" sizes=\"(max-width: 795px) 100vw, 795px\" \/><\/p>\n<hr \/>\n<p>1995 y\u0131l\u0131nda d\u00fcnyaya gelen Sezer Dirican, \u015fu an 30 ya\u015f\u0131nda. Gen\u00e7 ama ayn\u0131 zamanda sekt\u00f6rde 7 y\u0131l\u0131 a\u015fk\u0131n bir tecr\u00fcbesi olan g\u00fc\u00e7l\u00fc yar\u0131\u015fmac\u0131 yapt\u0131\u011f\u0131 yemekleriyle be\u011feni topluyor.<\/p>\n<p>Ya\u015f\u0131 itibariyle enerjik ve dinamik yap\u0131s\u0131n\u0131 yar\u0131\u015fma s\u00fcrecine de ba\u015far\u0131yla yans\u0131t\u0131yor. Aslen Amasyal\u0131 olan Sezer Dirican bilinen restoran ve kafelerde &#8216;Ched De Partie&#8217; pozisyonunda uzun s\u00fcre g\u00f6rev ald\u0131.<\/p>\n<p><img loading=\"lazy\" decoding=\"async\" class=\"aligncenter size-full wp-image-231226\" src=\"https:\/\/www.tgrthaber.com\/mavikadin\/wp-content\/uploads\/Masterchef-2-1.jpg\" alt=\"\" width=\"1065\" height=\"710\" title=\"\" srcset=\"https:\/\/www.tgrthaber.com\/mavikadin\/wp-content\/uploads\/Masterchef-2-1.jpg 1065w, https:\/\/www.tgrthaber.com\/mavikadin\/wp-content\/uploads\/Masterchef-2-1-300x200.jpg 300w, https:\/\/www.tgrthaber.com\/mavikadin\/wp-content\/uploads\/Masterchef-2-1-1024x683.jpg 1024w, https:\/\/www.tgrthaber.com\/mavikadin\/wp-content\/uploads\/Masterchef-2-1-768x512.jpg 768w\" sizes=\"(max-width: 1065px) 100vw, 1065px\" \/><\/p>\n<hr \/>\n<h3>&#8220;KADIK\u00d6Y BO\u011eASI&#8221; K\u0130MD\u0130R?<\/h3>\n<p>Sosyal medyada &#8220;Kad\u0131k\u00f6y Bo\u011fas\u0131&#8221; olarak tan\u0131nan Mustafa Ba\u015faran, son zamanlarda payla\u015f\u0131mlar\u0131 ve dikkat \u00e7eken ya\u015fam \u00f6yk\u00fcs\u00fcyle ilgi g\u00f6r\u00fcyor.<\/p>\n<p><img loading=\"lazy\" decoding=\"async\" class=\"aligncenter size-full wp-image-231227\" src=\"https:\/\/www.tgrthaber.com\/mavikadin\/wp-content\/uploads\/Masterchef-5-1.png\" alt=\"\" width=\"795\" height=\"396\" title=\"\" srcset=\"https:\/\/www.tgrthaber.com\/mavikadin\/wp-content\/uploads\/Masterchef-5-1.png 795w, https:\/\/www.tgrthaber.com\/mavikadin\/wp-content\/uploads\/Masterchef-5-1-300x149.png 300w, https:\/\/www.tgrthaber.com\/mavikadin\/wp-content\/uploads\/Masterchef-5-1-768x383.png 768w\" sizes=\"(max-width: 795px) 100vw, 795px\" \/><\/p>\n<hr \/>\n<p>Renkli karakteriyle tan\u0131nan Ba\u015faran&#8217;\u0131n ka\u00e7 ya\u015f\u0131nda oldu\u011fu, nereli oldu\u011fu ise merak ediliyor. Peki Kad\u0131k\u00f6y Bo\u011fas\u0131 Mustafa Ba\u015faran kimdir, ka\u00e7 ya\u015f\u0131nda, nereli? Mustafa Ba\u015faran&#8217;\u0131n hastal\u0131\u011f\u0131 ne, evli mi, ne i\u015f yap\u0131yor?<\/p>\n<p><img loading=\"lazy\" decoding=\"async\" class=\"aligncenter size-full wp-image-231228\" src=\"https:\/\/www.tgrthaber.com\/mavikadin\/wp-content\/uploads\/Masterchef-3-2.png\" alt=\"\" width=\"778\" height=\"396\" title=\"\" srcset=\"https:\/\/www.tgrthaber.com\/mavikadin\/wp-content\/uploads\/Masterchef-3-2.png 778w, https:\/\/www.tgrthaber.com\/mavikadin\/wp-content\/uploads\/Masterchef-3-2-300x153.png 300w, https:\/\/www.tgrthaber.com\/mavikadin\/wp-content\/uploads\/Masterchef-3-2-768x391.png 768w\" sizes=\"(max-width: 778px) 100vw, 778px\" \/><\/p>\n<hr \/>\n<p>Sosyal medyada &#8220;Kad\u0131k\u00f6y Bo\u011fas\u0131&#8221; lakab\u0131yla ad\u0131ndan s\u00f6z ettiren Mustafa Ba\u015faran, Fenerbah\u00e7e&#8217;ye olan tutkusu ve dikkat \u00e7eken videolar\u0131yla son d\u00f6nemin en \u00e7ok konu\u015fulan isimlerinden.<\/p>\n<p><img loading=\"lazy\" decoding=\"async\" class=\"aligncenter size-full wp-image-231229\" src=\"https:\/\/www.tgrthaber.com\/mavikadin\/wp-content\/uploads\/Masterchef-2-2.png\" alt=\"\" width=\"772\" height=\"433\" title=\"\" srcset=\"https:\/\/www.tgrthaber.com\/mavikadin\/wp-content\/uploads\/Masterchef-2-2.png 772w, https:\/\/www.tgrthaber.com\/mavikadin\/wp-content\/uploads\/Masterchef-2-2-300x168.png 300w, https:\/\/www.tgrthaber.com\/mavikadin\/wp-content\/uploads\/Masterchef-2-2-768x431.png 768w\" sizes=\"(max-width: 772px) 100vw, 772px\" \/><\/p>\n<hr \/>\n<p>TikTok ve Instagram gibi platformlarda yay\u0131mlad\u0131\u011f\u0131 i\u00e7eriklerle geni\u015f kitlelere ula\u015fan Mustafa Ba\u015faran merak konusu oldu.<\/p>\n<p><img loading=\"lazy\" decoding=\"async\" class=\"aligncenter size-full wp-image-231230\" src=\"https:\/\/www.tgrthaber.com\/mavikadin\/wp-content\/uploads\/Masterchef-4-2.png\" alt=\"\" width=\"798\" height=\"393\" title=\"\" srcset=\"https:\/\/www.tgrthaber.com\/mavikadin\/wp-content\/uploads\/Masterchef-4-2.png 798w, https:\/\/www.tgrthaber.com\/mavikadin\/wp-content\/uploads\/Masterchef-4-2-300x148.png 300w, https:\/\/www.tgrthaber.com\/mavikadin\/wp-content\/uploads\/Masterchef-4-2-768x378.png 768w\" sizes=\"(max-width: 798px) 100vw, 798px\" \/><\/p>\n<hr \/>\n<p>Kad\u0131k\u00f6y Alt\u0131yol&#8217;daki Bo\u011fa Heykeli \u00e7evresinde \u00e7ekti\u011fi videolarla ad\u0131n\u0131 duyuran Mustafa Ba\u015faran Fenerbah\u00e7e trib\u00fcnlerine olan ba\u011fl\u0131l\u0131\u011f\u0131yla da dikkat \u00e7ekiyor.<\/p>\n","protected":false},"excerpt":{"rendered":"<p>Masterchef&#8217;te &#8220;Kad\u0131k\u00f6y Bo\u011fas\u0131&#8221; g\u00fcndem oldu. Yar\u0131\u015fmac\u0131lardan Sezer Dirican ile Mehmet \u015eef aras\u0131ndaki diyalog herkesi g\u00fcld\u00fcrd\u00fc. Herkesin g\u00fclme krizine girdi\u011fi o anlar sosyal medyada dikkat \u00e7ekti.<\/p>\n","protected":false},"author":5,"featured_media":231231,"comment_status":"closed","ping_status":"closed","sticky":false,"template":"","format":"standard","meta":{"rank_math_lock_modified_date":false,"footnotes":""},"categories":[76],"tags":[61536,1120,11305,61537],"class_list":["post-231223","post","type-post","status-publish","format-standard","has-post-thumbnail","hentry","category-magazin","tag-kadikoy-bogasi","tag-masterchef","tag-mehmet-sef","tag-sezer-dirican"],"_links":{"self":[{"href":"https:\/\/www.tgrthaber.com\/mavikadin\/wp-json\/wp\/v2\/posts\/231223"}],"collection":[{"href":"https:\/\/www.tgrthaber.com\/mavikadin\/wp-json\/wp\/v2\/posts"}],"about":[{"href":"https:\/\/www.tgrthaber.com\/mavikadin\/wp-json\/wp\/v2\/types\/post"}],"author":[{"embeddable":true,"href":"https:\/\/www.tgrthaber.com\/mavikadin\/wp-json\/wp\/v2\/users\/5"}],"replies":[{"embeddable":true,"href":"https:\/\/www.tgrthaber.com\/mavikadin\/wp-json\/wp\/v2\/comments?post=231223"}],"version-history":[{"count":1,"href":"https:\/\/www.tgrthaber.com\/mavikadin\/wp-json\/wp\/v2\/posts\/231223\/revisions"}],"predecessor-version":[{"id":231239,"href":"https:\/\/www.tgrthaber.com\/mavikadin\/wp-json\/wp\/v2\/posts\/231223\/revisions\/231239"}],"wp:featuredmedia":[{"embeddable":true,"href":"https:\/\/www.tgrthaber.com\/mavikadin\/wp-json\/wp\/v2\/media\/231231"}],"wp:attachment":[{"href":"https:\/\/www.tgrthaber.com\/mavikadin\/wp-json\/wp\/v2\/media?parent=231223"}],"wp:term":[{"taxonomy":"category","embeddable":true,"href":"https:\/\/www.tgrthaber.com\/mavikadin\/wp-json\/wp\/v2\/categories?post=231223"},{"taxonomy":"post_tag","embeddable":true,"href":"https:\/\/www.tgrthaber.com\/mavikadin\/wp-json\/wp\/v2\/tags?post=231223"}],"curies":[{"name":"wp","href":"https:\/\/api.w.org\/{rel}","templated":true}]}}