{"id":231243,"date":"2025-09-05T14:16:26","date_gmt":"2025-09-05T11:16:26","guid":{"rendered":"https:\/\/www.tgrthaber.com\/mavikadin\/?p=231243"},"modified":"2025-09-16T17:49:19","modified_gmt":"2025-09-16T14:49:19","slug":"milli-voleybolcu-zehra-gunesin-kardeslerinin-guzelligi-mest-etti-ailecek-hedef-ayni","status":"publish","type":"post","link":"https:\/\/www.tgrthaber.com\/mavikadin\/milli-voleybolcu-zehra-gunesin-kardeslerinin-guzelligi-mest-etti-ailecek-hedef-ayni\/","title":{"rendered":"Milli Voleybolcu Zehra G\u00fcne\u015f&#8217;in karde\u015flerinin g\u00fczelli\u011fi mest etti! Ailecek hedef ayn\u0131"},"content":{"rendered":"<p>A Milli Kad\u0131n Voleybol Tak\u0131m\u0131&#8217;n\u0131n gen\u00e7 y\u0131ld\u0131zlar\u0131ndan Zehra G\u00fcne\u015f, sadece sahadaki ba\u015far\u0131lar\u0131yla de\u011fil ,sosyal medya platformlar\u0131nda da ilgi oda\u011f\u0131 oluyor. Gen\u00e7 voleybolcu Zehra G\u00fcne\u015fin voleybol d\u00fcnyas\u0131nda ad\u0131ndan s\u00f6z ettiren iki k\u0131z karde\u015fi de bulunuyor.<\/p>\n<h3>ZEHRA G\u00dcNE\u015e VE KARDE\u015eLER\u0130 G\u00dcZELL\u0130KLER\u0130YLE SAHADA<\/h3>\n<p>Filenin Sultanlar\u0131\u2019n\u0131n gen\u00e7 ve gelecek vadeden y\u0131ld\u0131zlar\u0131ndan biri olan<a href=\"https:\/\/www.tgrthaber.com\/mavikadin\/zehra-gunes-yine-dunya-gundeminde-voleybol-basarisiyla-beraber-guzelligiyle-de-hayran-biraktiriyor\/\"> Zehra G\u00fcne\u015f<\/a>, sadece filedeki ba\u015far\u0131lar\u0131yla de\u011fil, ayn\u0131 zamanda g\u00fczelli\u011fiyle de s\u0131k s\u0131k g\u00fcndeme geliyor. Anne ve baba taraf\u0131ndan Bo\u015fnak k\u00f6kenli olan Zehra G\u00fcne\u015f, spora olan yetene\u011fi de ailenin geneti\u011fin de var gibi g\u00f6r\u00fcn\u00fcyor. Kendisi gibi voleybolcu olan \u0130rem Nur G\u00fcne\u015f ve Mina G\u00fcne\u015f ad\u0131nda iki k\u0131z karde\u015fi bulunuyor.<\/p>\n<p><img loading=\"lazy\" decoding=\"async\" class=\"alignnone size-full wp-image-231280\" src=\"https:\/\/www.tgrthaber.com\/mavikadin\/wp-content\/uploads\/Adsiz-tasarim-50-9.png\" alt=\"\" width=\"1208\" height=\"680\" title=\"\" srcset=\"https:\/\/www.tgrthaber.com\/mavikadin\/wp-content\/uploads\/Adsiz-tasarim-50-9.png 1208w, https:\/\/www.tgrthaber.com\/mavikadin\/wp-content\/uploads\/Adsiz-tasarim-50-9-300x169.png 300w, https:\/\/www.tgrthaber.com\/mavikadin\/wp-content\/uploads\/Adsiz-tasarim-50-9-1024x576.png 1024w, https:\/\/www.tgrthaber.com\/mavikadin\/wp-content\/uploads\/Adsiz-tasarim-50-9-768x432.png 768w\" sizes=\"(max-width: 1208px) 100vw, 1208px\" \/><\/p>\n<hr \/>\n<p>Zehra G\u00fcne\u015f\u2019in k\u0131z karde\u015fleri de ablas\u0131n\u0131n izinden giderek hem yetenekleri hem de g\u00fczellikleriyle dikkat \u00e7ekiyor g\u00f6renleri hayran b\u0131rak\u0131yorlar.<\/p>\n<p><img loading=\"lazy\" decoding=\"async\" class=\"alignnone size-full wp-image-231284\" src=\"https:\/\/www.tgrthaber.com\/mavikadin\/wp-content\/uploads\/Adsiz-tasarim-49-11.png\" alt=\"\" width=\"1208\" height=\"680\" title=\"\" srcset=\"https:\/\/www.tgrthaber.com\/mavikadin\/wp-content\/uploads\/Adsiz-tasarim-49-11.png 1208w, https:\/\/www.tgrthaber.com\/mavikadin\/wp-content\/uploads\/Adsiz-tasarim-49-11-300x169.png 300w, https:\/\/www.tgrthaber.com\/mavikadin\/wp-content\/uploads\/Adsiz-tasarim-49-11-1024x576.png 1024w, https:\/\/www.tgrthaber.com\/mavikadin\/wp-content\/uploads\/Adsiz-tasarim-49-11-768x432.png 768w\" sizes=\"(max-width: 1208px) 100vw, 1208px\" \/><\/p>\n<hr \/>\n<p>Ba\u015far\u0131lar\u0131yla ad\u0131ndan s\u00f6z ettiren \u0130rem Nur ve Mina G\u00fcne\u015f, ablalar\u0131 Zehra G\u00fcne\u015f\u2019in taht\u0131na aday olabilecek nitelikte g\u00f6r\u00fcn\u00fcyor. Bu gen\u00e7 yetenekli ve g\u00fczel karde\u015fler, spor camias\u0131nda ve sosyal medyada h\u0131zla g\u00fcndeme d\u00fc\u015f\u00fcyor ve adlar\u0131n\u0131 ba\u015far\u0131lar\u0131 ve g\u00fczellikleriyle s\u0131k s\u0131k duyurmaya devam edecekler gibi.<\/p>\n<p><img loading=\"lazy\" decoding=\"async\" class=\"alignnone size-full wp-image-231296\" src=\"https:\/\/www.tgrthaber.com\/mavikadin\/wp-content\/uploads\/Adsiz-tasarim-47-10.png\" alt=\"\" width=\"1208\" height=\"680\" title=\"\" srcset=\"https:\/\/www.tgrthaber.com\/mavikadin\/wp-content\/uploads\/Adsiz-tasarim-47-10.png 1208w, https:\/\/www.tgrthaber.com\/mavikadin\/wp-content\/uploads\/Adsiz-tasarim-47-10-300x169.png 300w, https:\/\/www.tgrthaber.com\/mavikadin\/wp-content\/uploads\/Adsiz-tasarim-47-10-1024x576.png 1024w, https:\/\/www.tgrthaber.com\/mavikadin\/wp-content\/uploads\/Adsiz-tasarim-47-10-768x432.png 768w\" sizes=\"(max-width: 1208px) 100vw, 1208px\" \/><\/p>\n<hr \/>\n<p>Karde\u015flerden \u0130rem Nur G\u00fcne\u015f, son olarak Edremit Belediyesi Alt\u0131noluk tak\u0131m\u0131nda \u201cPas\u00f6r \u00c7apraz\u0131\u201d pozisyonunda forma giyiyor. Mina G\u00fcne\u015f ise Fenerbah\u00e7e tak\u0131m\u0131nda ayn\u0131 pozisyonda m\u00fccadele ediyor. \u00d6te yandan, Zehra G\u00fcne\u015f, A Milli Kad\u0131n Voleybol Tak\u0131m\u0131\u2019n\u0131n parlayan isimlerinden biri olarak, hem ulusal hem de uluslararas\u0131 arenada tak\u0131m\u0131yla forma terletmeye devam ediyor.<\/p>\n<p>G\u00fcne\u015fin ba\u015far\u0131lar\u0131, karde\u015flerinin de g\u00f6z\u00fcnde bir \u00f6rnek te\u015fkil ediyor ve onlar\u0131n kariyerleri de yak\u0131ndan takip ediliyor.<\/p>\n<p><img loading=\"lazy\" decoding=\"async\" class=\"alignnone size-full wp-image-231282\" src=\"https:\/\/www.tgrthaber.com\/mavikadin\/wp-content\/uploads\/Adsiz-tasarim-51-8.png\" alt=\"\" width=\"1208\" height=\"680\" title=\"\" srcset=\"https:\/\/www.tgrthaber.com\/mavikadin\/wp-content\/uploads\/Adsiz-tasarim-51-8.png 1208w, https:\/\/www.tgrthaber.com\/mavikadin\/wp-content\/uploads\/Adsiz-tasarim-51-8-300x169.png 300w, https:\/\/www.tgrthaber.com\/mavikadin\/wp-content\/uploads\/Adsiz-tasarim-51-8-1024x576.png 1024w, https:\/\/www.tgrthaber.com\/mavikadin\/wp-content\/uploads\/Adsiz-tasarim-51-8-768x432.png 768w\" sizes=\"(max-width: 1208px) 100vw, 1208px\" \/><\/p>\n<hr \/>\n<h3>VOLEYBOL SAHALARINDA G\u00dcNE\u015e A\u0130LES\u0130<\/h3>\n<p>1999 do\u011fumlu olan Zehra G\u00fcne\u015f, voleybol kariyerine Vak\u0131fBank SK altyap\u0131s\u0131nda ba\u015flad\u0131. Gen\u00e7 ya\u015fta elde etti\u011fi \u015fampiyonluklarla ad\u0131ndan s\u00f6z ettiren G\u00fcne\u015f, iki y\u0131l \u00fcst \u00fcste hem Y\u0131ld\u0131z hem de Gen\u00e7 kategorilerinde T\u00fcrkiye \u015fampiyonlu\u011fu ya\u015fad\u0131. Ard\u0131ndan PAF tak\u0131m ve gen\u00e7 tak\u0131mda T\u00fcrkiye \u015fampiyonluklar\u0131n\u0131 kazanmaya devam etti.<\/p>\n<p>Profesyonel kariyerinde de ba\u015far\u0131lar\u0131na ara vermeyen Zehra G\u00fcne\u015f, FIVB Kul\u00fcpler D\u00fcnya \u015eampiyonas\u0131, 1 CEV Avrupa \u015eampiyonlar Ligi, 3 T\u00fcrkiye Ligi, 2 T\u00fcrkiye Kupas\u0131 ve 1 T\u00fcrkiye S\u00fcper Kupa \u015fampiyonlu\u011fu ya\u015fad\u0131. Ayr\u0131ca milli tak\u0131m kariyerinde de dikkat \u00e7ekti. Y\u0131ld\u0131z Milli Tak\u0131m\u0131yla D\u00fcnya D\u00f6rd\u00fcnc\u00fcl\u00fc\u011f\u00fc, Balkan ve EYOF \u015fampiyonlu\u011fu; Gen\u00e7 Milli Tak\u0131m ile Avrupa \u00fc\u00e7\u00fcnc\u00fcl\u00fc\u011f\u00fc ve D\u00fcnya d\u00f6rd\u00fcnc\u00fcl\u00fc\u011f\u00fc; U23 Milli Tak\u0131m\u0131yla ise D\u00fcnya \u015fampiyonlu\u011fu elde etti.<\/p>\n<p><img loading=\"lazy\" decoding=\"async\" class=\"alignnone size-full wp-image-231289\" src=\"https:\/\/www.tgrthaber.com\/mavikadin\/wp-content\/uploads\/Adsiz-tasarim-53-9.png\" alt=\"\" width=\"1208\" height=\"680\" title=\"\" srcset=\"https:\/\/www.tgrthaber.com\/mavikadin\/wp-content\/uploads\/Adsiz-tasarim-53-9.png 1208w, https:\/\/www.tgrthaber.com\/mavikadin\/wp-content\/uploads\/Adsiz-tasarim-53-9-300x169.png 300w, https:\/\/www.tgrthaber.com\/mavikadin\/wp-content\/uploads\/Adsiz-tasarim-53-9-1024x576.png 1024w, https:\/\/www.tgrthaber.com\/mavikadin\/wp-content\/uploads\/Adsiz-tasarim-53-9-768x432.png 768w\" sizes=\"(max-width: 1208px) 100vw, 1208px\" \/><\/p>\n<hr \/>\n<p>2020 y\u0131l\u0131nda Tokyo Olimpiyat Elemelerinde T\u00fcrkiye\u2019nin ilk s\u0131ray\u0131 alarak 2020 Tokyo Olimpiyatlar\u0131 biletini kazanmas\u0131nda \u00f6nemli rol oynayan Zehra G\u00fcne\u015f, Filenin Sultanlar\u0131 kadrosunda yer almaya devam ediyor ve tak\u0131m\u0131n\u0131n en g\u00fcvenilen oyuncular\u0131ndan biri olarak \u00f6ne \u00e7\u0131k\u0131yor.<\/p>\n<p>Zehra G\u00fcne\u015f, sadece saha i\u00e7indeki yetenekleriyle de\u011fil, ayn\u0131 zamanda g\u00fczelli\u011fi, disiplinli \u00e7al\u0131\u015fmas\u0131 ve gen\u00e7 karde\u015flerine ilham veren ki\u015fili\u011fiyle de spor d\u00fcnyas\u0131n\u0131n parlayan y\u0131ld\u0131zlar\u0131ndan biri olarak an\u0131l\u0131yor. Onun ba\u015far\u0131lar\u0131, hem T\u00fcrkiye\u2019de hem de uluslararas\u0131 arenada Filenin Sultanlar\u0131n\u0131n g\u00fcc\u00fcn\u00fc temsil etmeye devam ediyor.<\/p>\n","protected":false},"excerpt":{"rendered":"<p>A Milli Kad\u0131n Voleybol Tak\u0131m\u0131\u2019n\u0131n y\u0131ld\u0131z\u0131 Zehra G\u00fcne\u015f, sahadaki ba\u015far\u0131lar\u0131 ve g\u00fczelli\u011fiyle dikkat \u00e7ekerken, k\u0131z karde\u015fleri \u0130rem Nur ve Mina G\u00fcne\u015f de voleybol yetenekleri ve g\u00fczellikleriyle dikkat \u00e7ekiyorlar. \u0130rem Nur Edremit Belediyesi Alt\u0131noluk\u2019ta, Mina ise Fenerbah\u00e7e\u2019de \u201cPas\u00f6r \u00c7apraz\u0131\u201d olarak forma giyiyor. G\u00fcne\u015f karde\u015fler, hem spor camias\u0131nda hem sosyal medyada g\u00fcndem olmaya devam ediyorlar.<\/p>\n","protected":false},"author":37,"featured_media":231279,"comment_status":"closed","ping_status":"closed","sticky":false,"template":"","format":"standard","meta":{"rank_math_lock_modified_date":false,"footnotes":""},"categories":[76],"tags":[11515,61546,133,61545,15721,11514,2280],"class_list":["post-231243","post","type-post","status-publish","format-standard","has-post-thumbnail","hentry","category-magazin","tag-a-milli-kadin-voleybol-takimi","tag-irem-nur-gunes","tag-magazin","tag-mina-gunes","tag-turkiye","tag-vakifbank","tag-zehra-gunes"],"_links":{"self":[{"href":"https:\/\/www.tgrthaber.com\/mavikadin\/wp-json\/wp\/v2\/posts\/231243"}],"collection":[{"href":"https:\/\/www.tgrthaber.com\/mavikadin\/wp-json\/wp\/v2\/posts"}],"about":[{"href":"https:\/\/www.tgrthaber.com\/mavikadin\/wp-json\/wp\/v2\/types\/post"}],"author":[{"embeddable":true,"href":"https:\/\/www.tgrthaber.com\/mavikadin\/wp-json\/wp\/v2\/users\/37"}],"replies":[{"embeddable":true,"href":"https:\/\/www.tgrthaber.com\/mavikadin\/wp-json\/wp\/v2\/comments?post=231243"}],"version-history":[{"count":2,"href":"https:\/\/www.tgrthaber.com\/mavikadin\/wp-json\/wp\/v2\/posts\/231243\/revisions"}],"predecessor-version":[{"id":231334,"href":"https:\/\/www.tgrthaber.com\/mavikadin\/wp-json\/wp\/v2\/posts\/231243\/revisions\/231334"}],"wp:featuredmedia":[{"embeddable":true,"href":"https:\/\/www.tgrthaber.com\/mavikadin\/wp-json\/wp\/v2\/media\/231279"}],"wp:attachment":[{"href":"https:\/\/www.tgrthaber.com\/mavikadin\/wp-json\/wp\/v2\/media?parent=231243"}],"wp:term":[{"taxonomy":"category","embeddable":true,"href":"https:\/\/www.tgrthaber.com\/mavikadin\/wp-json\/wp\/v2\/categories?post=231243"},{"taxonomy":"post_tag","embeddable":true,"href":"https:\/\/www.tgrthaber.com\/mavikadin\/wp-json\/wp\/v2\/tags?post=231243"}],"curies":[{"name":"wp","href":"https:\/\/api.w.org\/{rel}","templated":true}]}}