{"id":231258,"date":"2025-09-05T11:59:27","date_gmt":"2025-09-05T08:59:27","guid":{"rendered":"https:\/\/www.tgrthaber.com\/mavikadin\/?p=231258"},"modified":"2025-09-05T11:59:27","modified_gmt":"2025-09-05T08:59:27","slug":"aerro-kimdir-aerro-kac-yasinda-gercek-adi-ne","status":"publish","type":"post","link":"https:\/\/www.tgrthaber.com\/mavikadin\/aerro-kimdir-aerro-kac-yasinda-gercek-adi-ne\/","title":{"rendered":"Aerro kimdir? Aerro ka\u00e7 ya\u015f\u0131nda ger\u00e7ek ad\u0131 ne?"},"content":{"rendered":"<p>Yetene\u011fi ile dikkatleri \u00fczerine \u00e7eken Aerro, ge\u00e7ti\u011fimiz saatlerde Soner Sar\u0131kabaday\u0131 ve Sefo ile \u00e7\u0131kard\u0131klar\u0131 \u015fark\u0131 sonras\u0131 g\u00fcndem olan isimler aras\u0131nda yer ald\u0131. Arama motorlar\u0131nda Aerro hakk\u0131nda ara\u015ft\u0131r\u0131lmaya ba\u015fland\u0131. Peki, Aerro kimdir? Aerro ka\u00e7 ya\u015f\u0131nda ger\u00e7ek ad\u0131 ne? sorular\u0131n\u0131 sizin i\u00e7in ara\u015ft\u0131rd\u0131k. \u0130\u015fte Aerro hakk\u0131nda merak edilenler\u2026<\/p>\n<h3>AERRO K\u0130MD\u0130R?<\/h3>\n<p>T\u00fcrk\u00e7e pop ve rap m\u00fczi\u011finin iki sevilen iki g\u00fc\u00e7l\u00fc ismi Soner Sar\u0131kabaday\u0131 ve Sefo y\u0131l\u0131n hitlerinden biri olacak \u015fark\u0131lar\u0131 \u2018Her \u0130ki Durumda\u2019 par\u00e7as\u0131n\u0131 yay\u0131nlad\u0131lar.<\/p>\n<p><img loading=\"lazy\" decoding=\"async\" class=\"alignnone size-full wp-image-231261\" src=\"https:\/\/www.tgrthaber.com\/mavikadin\/wp-content\/uploads\/ARZU-2025-09-05T115712.794.jpg\" alt=\"Aerro kimdir? Aerro ka\u00e7 ya\u015f\u0131nda ger\u00e7ek ad\u0131 ne?\" width=\"1208\" height=\"680\" title=\"\" srcset=\"https:\/\/www.tgrthaber.com\/mavikadin\/wp-content\/uploads\/ARZU-2025-09-05T115712.794.jpg 1208w, https:\/\/www.tgrthaber.com\/mavikadin\/wp-content\/uploads\/ARZU-2025-09-05T115712.794-300x169.jpg 300w, https:\/\/www.tgrthaber.com\/mavikadin\/wp-content\/uploads\/ARZU-2025-09-05T115712.794-1024x576.jpg 1024w, https:\/\/www.tgrthaber.com\/mavikadin\/wp-content\/uploads\/ARZU-2025-09-05T115712.794-768x432.jpg 768w\" sizes=\"(max-width: 1208px) 100vw, 1208px\" \/><\/p>\n<hr \/>\n<p>Aerro\u2019nun da i\u00e7inde bulundu\u011fu bu proje t\u00fcm dijital platformlarda yer ald\u0131. Y\u0131llard\u0131r hit \u015fark\u0131lar\u0131 ile listelerin zirvesinde olan Soner Sar\u0131kabaday\u0131 ve T\u00fcrk rap \u015fark\u0131c\u0131lar\u0131ndan biri olan Sefo, gen\u00e7 prod\u00fckt\u00f6r Aerro ile g\u00fcndeme geliyor.<\/p>\n<p><img loading=\"lazy\" decoding=\"async\" class=\"alignnone size-full wp-image-231262\" src=\"https:\/\/www.tgrthaber.com\/mavikadin\/wp-content\/uploads\/ARZU-2025-09-05T115658.512.jpg\" alt=\"Aerro kimdir? Aerro ka\u00e7 ya\u015f\u0131nda ger\u00e7ek ad\u0131 ne?\" width=\"1208\" height=\"680\" title=\"\" srcset=\"https:\/\/www.tgrthaber.com\/mavikadin\/wp-content\/uploads\/ARZU-2025-09-05T115658.512.jpg 1208w, https:\/\/www.tgrthaber.com\/mavikadin\/wp-content\/uploads\/ARZU-2025-09-05T115658.512-300x169.jpg 300w, https:\/\/www.tgrthaber.com\/mavikadin\/wp-content\/uploads\/ARZU-2025-09-05T115658.512-1024x576.jpg 1024w, https:\/\/www.tgrthaber.com\/mavikadin\/wp-content\/uploads\/ARZU-2025-09-05T115658.512-768x432.jpg 768w\" sizes=\"(max-width: 1208px) 100vw, 1208px\" \/><\/p>\n<hr \/>\n<p>Bu \u015fark\u0131dan sonra Aerro\u2019da merak edilen isimler aras\u0131nda yer ald\u0131. M\u00fczik piyasas\u0131nda olduk\u00e7a tan\u0131nan Aerro say\u0131s\u0131z par\u00e7alar yaparak tan\u0131nmaya ba\u015flad\u0131. \u0130lk etapta Sefo ile \u00e7\u0131kard\u0131\u011f\u0131 \u2018Gitti\u2019 \u015fark\u0131s\u0131ndan sonra merakla takip edilen Aerro, m\u00fczik piyasas\u0131nda sa\u011flam ad\u0131mlar atmaya devam ediyor.<\/p>\n<p><img loading=\"lazy\" decoding=\"async\" class=\"alignnone size-full wp-image-231264\" src=\"https:\/\/www.tgrthaber.com\/mavikadin\/wp-content\/uploads\/ARZU-2025-09-05T115639.551.jpg\" alt=\"Aerro kimdir? Aerro ka\u00e7 ya\u015f\u0131nda ger\u00e7ek ad\u0131 ne?\" width=\"1208\" height=\"680\" title=\"\" srcset=\"https:\/\/www.tgrthaber.com\/mavikadin\/wp-content\/uploads\/ARZU-2025-09-05T115639.551.jpg 1208w, https:\/\/www.tgrthaber.com\/mavikadin\/wp-content\/uploads\/ARZU-2025-09-05T115639.551-300x169.jpg 300w, https:\/\/www.tgrthaber.com\/mavikadin\/wp-content\/uploads\/ARZU-2025-09-05T115639.551-1024x576.jpg 1024w, https:\/\/www.tgrthaber.com\/mavikadin\/wp-content\/uploads\/ARZU-2025-09-05T115639.551-768x432.jpg 768w\" sizes=\"(max-width: 1208px) 100vw, 1208px\" \/><\/p>\n<hr \/>\n<p>Arama motorlar\u0131nda ara\u015ft\u0131r\u0131lan Aerro hakk\u0131nda k\u0131s\u0131tl\u0131 bilgiler bulunmaktad\u0131r. Kendisi hakk\u0131nda sadece 1994 do\u011fumlu oldu\u011fu baz\u0131 kaynaklarda yazmaktad\u0131r. Onun haricinde prod\u00fckt\u00f6rl\u00fck yapt\u0131\u011f\u0131 da bilinmektedir.<\/p>\n<h3><img loading=\"lazy\" decoding=\"async\" class=\"alignnone size-full wp-image-231265\" src=\"https:\/\/www.tgrthaber.com\/mavikadin\/wp-content\/uploads\/ARZU-2025-09-05T115627.432.jpg\" alt=\"Aerro kimdir? Aerro ka\u00e7 ya\u015f\u0131nda ger\u00e7ek ad\u0131 ne?\" width=\"1208\" height=\"680\" title=\"\" srcset=\"https:\/\/www.tgrthaber.com\/mavikadin\/wp-content\/uploads\/ARZU-2025-09-05T115627.432.jpg 1208w, https:\/\/www.tgrthaber.com\/mavikadin\/wp-content\/uploads\/ARZU-2025-09-05T115627.432-300x169.jpg 300w, https:\/\/www.tgrthaber.com\/mavikadin\/wp-content\/uploads\/ARZU-2025-09-05T115627.432-1024x576.jpg 1024w, https:\/\/www.tgrthaber.com\/mavikadin\/wp-content\/uploads\/ARZU-2025-09-05T115627.432-768x432.jpg 768w\" sizes=\"(max-width: 1208px) 100vw, 1208px\" \/><\/h3>\n<hr \/>\n<h3>AERRO KA\u00c7 YA\u015eINDA?<\/h3>\n<p>Aerro\u2019nun 1994 do\u011fumlu baz\u0131 kaynaklarda yazmaktad\u0131r. Bu bilgiye bak\u0131laraktan ba\u015far\u0131l\u0131 isim Aerro, \u015fimdilerde 31 ya\u015f\u0131ndad\u0131r. Do\u011fum yeri ya da nereli oldu\u011fu bilgisi kamuoyunda bulunmayan Aerro, ba\u015far\u0131l\u0131 kariyeri ile dikkatleri \u00fczerine \u00e7ekiyor.<\/p>\n<p><img loading=\"lazy\" decoding=\"async\" class=\"alignnone size-full wp-image-231259\" src=\"https:\/\/www.tgrthaber.com\/mavikadin\/wp-content\/uploads\/ARZU-2025-09-05T115724.887.jpg\" alt=\"Aerro kimdir? Aerro ka\u00e7 ya\u015f\u0131nda ger\u00e7ek ad\u0131 ne?\" width=\"1208\" height=\"680\" title=\"\" srcset=\"https:\/\/www.tgrthaber.com\/mavikadin\/wp-content\/uploads\/ARZU-2025-09-05T115724.887.jpg 1208w, https:\/\/www.tgrthaber.com\/mavikadin\/wp-content\/uploads\/ARZU-2025-09-05T115724.887-300x169.jpg 300w, https:\/\/www.tgrthaber.com\/mavikadin\/wp-content\/uploads\/ARZU-2025-09-05T115724.887-1024x576.jpg 1024w, https:\/\/www.tgrthaber.com\/mavikadin\/wp-content\/uploads\/ARZU-2025-09-05T115724.887-768x432.jpg 768w\" sizes=\"(max-width: 1208px) 100vw, 1208px\" \/><\/p>\n<hr \/>\n<p>Kendisinin \u2018Gitti\u2019, \u2018Ba\u015fa Sar\u2019, \u2018El Turco Loco\u2019 \u2018Artist\u2019 ve \u2018Ruj\u2019 gibi \u015fark\u0131lar\u0131 bulunan gen\u00e7 m\u00fczik prod\u00fckt\u00f6r\u00fc sosyal medyay\u0131 da aktif kullanmas\u0131 ile dikkatleri \u00fczerine \u00e7ekmektedir.<\/p>\n<h3><img loading=\"lazy\" decoding=\"async\" class=\"alignnone size-full wp-image-231266\" src=\"https:\/\/www.tgrthaber.com\/mavikadin\/wp-content\/uploads\/ARZU-2025-09-05T115617.876.jpg\" alt=\"Aerro kimdir? Aerro ka\u00e7 ya\u015f\u0131nda ger\u00e7ek ad\u0131 ne?\" width=\"1208\" height=\"680\" title=\"\" srcset=\"https:\/\/www.tgrthaber.com\/mavikadin\/wp-content\/uploads\/ARZU-2025-09-05T115617.876.jpg 1208w, https:\/\/www.tgrthaber.com\/mavikadin\/wp-content\/uploads\/ARZU-2025-09-05T115617.876-300x169.jpg 300w, https:\/\/www.tgrthaber.com\/mavikadin\/wp-content\/uploads\/ARZU-2025-09-05T115617.876-1024x576.jpg 1024w, https:\/\/www.tgrthaber.com\/mavikadin\/wp-content\/uploads\/ARZU-2025-09-05T115617.876-768x432.jpg 768w\" sizes=\"(max-width: 1208px) 100vw, 1208px\" \/><\/h3>\n<hr \/>\n<h3>AERRO\u2019NUN GER\u00c7EK ADI NE?<\/h3>\n<p>Prod\u00fckt\u00f6r d\u00fcnyas\u0131n\u0131n gen\u00e7 isimlerinden biri olan Aerro, ger\u00e7ek ad\u0131 ile de merak edilen isimler aras\u0131nda yer al\u0131yor. Ancak kendisi hakk\u0131nda kamuoyunda detayl\u0131 bir bilgi bulunamam\u0131\u015ft\u0131r. \u015eark\u0131lar\u0131 ile hem modern hem de duygusal bir deneyim sunmaya devam ediyor.<\/p>\n<p><img loading=\"lazy\" decoding=\"async\" class=\"alignnone size-full wp-image-231267\" src=\"https:\/\/www.tgrthaber.com\/mavikadin\/wp-content\/uploads\/ARZU-2025-09-05T115610.971.jpg\" alt=\"Aerro kimdir? Aerro ka\u00e7 ya\u015f\u0131nda ger\u00e7ek ad\u0131 ne?\" width=\"1208\" height=\"680\" title=\"\" srcset=\"https:\/\/www.tgrthaber.com\/mavikadin\/wp-content\/uploads\/ARZU-2025-09-05T115610.971.jpg 1208w, https:\/\/www.tgrthaber.com\/mavikadin\/wp-content\/uploads\/ARZU-2025-09-05T115610.971-300x169.jpg 300w, https:\/\/www.tgrthaber.com\/mavikadin\/wp-content\/uploads\/ARZU-2025-09-05T115610.971-1024x576.jpg 1024w, https:\/\/www.tgrthaber.com\/mavikadin\/wp-content\/uploads\/ARZU-2025-09-05T115610.971-768x432.jpg 768w\" sizes=\"(max-width: 1208px) 100vw, 1208px\" \/><\/p>\n<hr \/>\n<p>Gen\u00e7 isim ba\u015far\u0131lar\u0131 ile yeniden g\u00fcndeme geliyor. \u015eimdilerde Sefo ve Soner Sar\u0131kabaday\u0131 ile \u00e7\u0131kard\u0131klar\u0131 \u2018Her \u0130ki Durumda\u2019 \u015fark\u0131s\u0131 m\u00fczik d\u00fcnyas\u0131n\u0131n yeni hitleri aras\u0131nda yer al\u0131yor.<\/p>\n","protected":false},"excerpt":{"rendered":"<p>\u00dcnl\u00fc m\u00fczik prod\u00fckt\u00f6r\u00fc Aerro, Soner Sar\u0131kabaday\u0131 ve Sefo ile \u00e7\u0131kard\u0131klar\u0131 \u015fark\u0131 sonras\u0131 merak edildi. Arama motorlar\u0131ndan Aerro hakk\u0131nda merak edilenler ara\u015ft\u0131r\u0131lmaya ba\u015fland\u0131. Peki, Aerro kimdir? Aerro ka\u00e7 ya\u015f\u0131nda ger\u00e7ek ad\u0131 ne? \u0130\u015fte detaylar\u2026 <\/p>\n","protected":false},"author":34,"featured_media":231263,"comment_status":"closed","ping_status":"closed","sticky":false,"template":"","format":"standard","meta":{"rank_math_lock_modified_date":false,"footnotes":""},"categories":[491],"tags":[61541,61542,3374,133],"class_list":["post-231258","post","type-post","status-publish","format-standard","has-post-thumbnail","hentry","category-biyografi","tag-aerro","tag-aerro-kimdir","tag-biyografi","tag-magazin"],"_links":{"self":[{"href":"https:\/\/www.tgrthaber.com\/mavikadin\/wp-json\/wp\/v2\/posts\/231258"}],"collection":[{"href":"https:\/\/www.tgrthaber.com\/mavikadin\/wp-json\/wp\/v2\/posts"}],"about":[{"href":"https:\/\/www.tgrthaber.com\/mavikadin\/wp-json\/wp\/v2\/types\/post"}],"author":[{"embeddable":true,"href":"https:\/\/www.tgrthaber.com\/mavikadin\/wp-json\/wp\/v2\/users\/34"}],"replies":[{"embeddable":true,"href":"https:\/\/www.tgrthaber.com\/mavikadin\/wp-json\/wp\/v2\/comments?post=231258"}],"version-history":[{"count":1,"href":"https:\/\/www.tgrthaber.com\/mavikadin\/wp-json\/wp\/v2\/posts\/231258\/revisions"}],"predecessor-version":[{"id":231268,"href":"https:\/\/www.tgrthaber.com\/mavikadin\/wp-json\/wp\/v2\/posts\/231258\/revisions\/231268"}],"wp:featuredmedia":[{"embeddable":true,"href":"https:\/\/www.tgrthaber.com\/mavikadin\/wp-json\/wp\/v2\/media\/231263"}],"wp:attachment":[{"href":"https:\/\/www.tgrthaber.com\/mavikadin\/wp-json\/wp\/v2\/media?parent=231258"}],"wp:term":[{"taxonomy":"category","embeddable":true,"href":"https:\/\/www.tgrthaber.com\/mavikadin\/wp-json\/wp\/v2\/categories?post=231258"},{"taxonomy":"post_tag","embeddable":true,"href":"https:\/\/www.tgrthaber.com\/mavikadin\/wp-json\/wp\/v2\/tags?post=231258"}],"curies":[{"name":"wp","href":"https:\/\/api.w.org\/{rel}","templated":true}]}}