{"id":231260,"date":"2025-09-05T12:03:57","date_gmt":"2025-09-05T09:03:57","guid":{"rendered":"https:\/\/www.tgrthaber.com\/mavikadin\/?p=231260"},"modified":"2025-09-05T12:03:58","modified_gmt":"2025-09-05T09:03:58","slug":"muge-anli-18-yasindaki-kayip-kizi-dakikalar-icinde-buldu-yeni-sezona-hizli-bir-giris-yaptilar","status":"publish","type":"post","link":"https:\/\/www.tgrthaber.com\/mavikadin\/muge-anli-18-yasindaki-kayip-kizi-dakikalar-icinde-buldu-yeni-sezona-hizli-bir-giris-yaptilar\/","title":{"rendered":"M\u00fcge Anl\u0131 18 ya\u015f\u0131ndaki kay\u0131p k\u0131z\u0131 dakikalar i\u00e7inde buldu! Yeni sezona h\u0131zl\u0131 bir giri\u015f yapt\u0131lar"},"content":{"rendered":"<p>Yeni sezona h\u0131zl\u0131 bir giri\u015f yapan M\u00fcge Anl\u0131 18 ya\u015f\u0131ndaki kay\u0131p k\u0131z\u0131 dakikalar i\u00e7inde buldu. 1 Eyl\u00fcl tarihinde bir kez defa atv ekranlar\u0131nda izleyiciyle bulu\u015fan M\u00fcge Anl\u0131 yo\u011fun ilgiyle kar\u015f\u0131la\u015ft\u0131.<\/p>\n<h3>M\u00dcGE ANLI 18 YA\u015eINDAK\u0130 KAYIP KIZI DAK\u0130KALAR \u0130\u00c7\u0130NDE BULDU<\/h3>\n<p>Hen\u00fcz re\u015fit olan gen\u00e7 bir k\u0131z\u0131 bularak milyonlara rahat bir nefes ald\u0131ran M\u00fcge Anl\u0131 g\u00fcndem oldu. Nazif Turan, 18 ya\u015f\u0131na basar basmaz s\u0131rra kadem k\u0131z\u0131n\u0131 aramak i\u00e7in M\u00fcge Anl\u0131&#8217;dan yard\u0131m istedi.<br \/>\nAra\u015ft\u0131rmac\u0131 gazeteci M\u00fcge Anl\u0131 kay\u0131p k\u0131z\u0131 dakikalar i\u00e7inde buldu. K\u0131z\u0131n bulunmas\u0131ndan sonra aile de rahat bir nefes ald\u0131.<\/p>\n<p><img loading=\"lazy\" decoding=\"async\" class=\"aligncenter size-full wp-image-231269\" src=\"https:\/\/www.tgrthaber.com\/mavikadin\/wp-content\/uploads\/Muge-Anli-1-10.jpg\" alt=\"\" width=\"1920\" height=\"1080\" title=\"\" srcset=\"https:\/\/www.tgrthaber.com\/mavikadin\/wp-content\/uploads\/Muge-Anli-1-10.jpg 1920w, https:\/\/www.tgrthaber.com\/mavikadin\/wp-content\/uploads\/Muge-Anli-1-10-300x169.jpg 300w, https:\/\/www.tgrthaber.com\/mavikadin\/wp-content\/uploads\/Muge-Anli-1-10-1024x576.jpg 1024w, https:\/\/www.tgrthaber.com\/mavikadin\/wp-content\/uploads\/Muge-Anli-1-10-768x432.jpg 768w, https:\/\/www.tgrthaber.com\/mavikadin\/wp-content\/uploads\/Muge-Anli-1-10-1536x864.jpg 1536w\" sizes=\"(max-width: 1920px) 100vw, 1920px\" \/><\/p>\n<hr \/>\n<p>Atv&#8217;nin fenomen program\u0131 M\u00fcge Anl\u0131 ile Tatl\u0131 Sert&#8217;te yine izleyicileri sevindiren bir olay ya\u015fand\u0131. 27 g\u00fcnd\u00fcr kay\u0131p olan 18 ya\u015f\u0131ndaki Mira\u00e7 Nur, canl\u0131 yay\u0131nda bulundu. 25 ya\u015f\u0131ndaki bir ki\u015fiyle ka\u00e7t\u0131\u011f\u0131 d\u00fc\u015f\u00fcn\u00fclen Mira\u00e7, nerede oldu\u011funu a\u00e7\u0131klamak istemedi.<\/p>\n<p><img loading=\"lazy\" decoding=\"async\" class=\"aligncenter size-full wp-image-231270\" src=\"https:\/\/www.tgrthaber.com\/mavikadin\/wp-content\/uploads\/Muge-Anli-2-7.jpg\" alt=\"\" width=\"1920\" height=\"1080\" title=\"\" srcset=\"https:\/\/www.tgrthaber.com\/mavikadin\/wp-content\/uploads\/Muge-Anli-2-7.jpg 1920w, https:\/\/www.tgrthaber.com\/mavikadin\/wp-content\/uploads\/Muge-Anli-2-7-300x169.jpg 300w, https:\/\/www.tgrthaber.com\/mavikadin\/wp-content\/uploads\/Muge-Anli-2-7-1024x576.jpg 1024w, https:\/\/www.tgrthaber.com\/mavikadin\/wp-content\/uploads\/Muge-Anli-2-7-768x432.jpg 768w, https:\/\/www.tgrthaber.com\/mavikadin\/wp-content\/uploads\/Muge-Anli-2-7-1536x864.jpg 1536w\" sizes=\"(max-width: 1920px) 100vw, 1920px\" \/><\/p>\n<hr \/>\n<p>Babas\u0131ndan \u015fiddet g\u00f6rd\u00fc\u011f\u00fcn\u00fc iddia eden gen\u00e7 k\u0131z ailesiyle g\u00f6r\u00fc\u015fmeyi de reddetti.<\/p>\n<p>&nbsp;<\/p>\n","protected":false},"excerpt":{"rendered":"<p>M\u00fcge Anl\u0131 18 ya\u015f\u0131ndaki kay\u0131p k\u0131z\u0131 dakikalar i\u00e7inde buldu. Ekranlar\u0131n sevilen program\u0131 M\u00fcge Anl\u0131 \u0130le Tatl\u0131 Sert yeni sezona h\u0131zl\u0131 bir giri\u015f yapt\u0131.<\/p>\n","protected":false},"author":5,"featured_media":231271,"comment_status":"closed","ping_status":"closed","sticky":false,"template":"","format":"standard","meta":{"rank_math_lock_modified_date":false,"footnotes":""},"categories":[76],"tags":[133,2453,61543],"class_list":["post-231260","post","type-post","status-publish","format-standard","has-post-thumbnail","hentry","category-magazin","tag-magazin","tag-muge-anli","tag-nazif-turan"],"_links":{"self":[{"href":"https:\/\/www.tgrthaber.com\/mavikadin\/wp-json\/wp\/v2\/posts\/231260"}],"collection":[{"href":"https:\/\/www.tgrthaber.com\/mavikadin\/wp-json\/wp\/v2\/posts"}],"about":[{"href":"https:\/\/www.tgrthaber.com\/mavikadin\/wp-json\/wp\/v2\/types\/post"}],"author":[{"embeddable":true,"href":"https:\/\/www.tgrthaber.com\/mavikadin\/wp-json\/wp\/v2\/users\/5"}],"replies":[{"embeddable":true,"href":"https:\/\/www.tgrthaber.com\/mavikadin\/wp-json\/wp\/v2\/comments?post=231260"}],"version-history":[{"count":1,"href":"https:\/\/www.tgrthaber.com\/mavikadin\/wp-json\/wp\/v2\/posts\/231260\/revisions"}],"predecessor-version":[{"id":231272,"href":"https:\/\/www.tgrthaber.com\/mavikadin\/wp-json\/wp\/v2\/posts\/231260\/revisions\/231272"}],"wp:featuredmedia":[{"embeddable":true,"href":"https:\/\/www.tgrthaber.com\/mavikadin\/wp-json\/wp\/v2\/media\/231271"}],"wp:attachment":[{"href":"https:\/\/www.tgrthaber.com\/mavikadin\/wp-json\/wp\/v2\/media?parent=231260"}],"wp:term":[{"taxonomy":"category","embeddable":true,"href":"https:\/\/www.tgrthaber.com\/mavikadin\/wp-json\/wp\/v2\/categories?post=231260"},{"taxonomy":"post_tag","embeddable":true,"href":"https:\/\/www.tgrthaber.com\/mavikadin\/wp-json\/wp\/v2\/tags?post=231260"}],"curies":[{"name":"wp","href":"https:\/\/api.w.org\/{rel}","templated":true}]}}