{"id":231278,"date":"2025-09-05T12:35:03","date_gmt":"2025-09-05T09:35:03","guid":{"rendered":"https:\/\/www.tgrthaber.com\/mavikadin\/?p=231278"},"modified":"2025-09-05T12:35:03","modified_gmt":"2025-09-05T09:35:03","slug":"dilan-polat-evden-mi-kovuldu-engin-polatla-bosaniyor-mu","status":"publish","type":"post","link":"https:\/\/www.tgrthaber.com\/mavikadin\/dilan-polat-evden-mi-kovuldu-engin-polatla-bosaniyor-mu\/","title":{"rendered":"Dilan Polat evden mi kovuldu? Engin Polat\u2019la bo\u015fan\u0131yor mu?"},"content":{"rendered":"<p>Dilan Polat, ge\u00e7ti\u011fimiz y\u0131l kara para aklama su\u00e7uyla g\u00f6z alt\u0131na al\u0131nm\u0131\u015ft\u0131. Bir s\u00fcre hapis cezas\u0131 ald\u0131ktan sonra tahliye olan Dilan Polat, eski hayat\u0131na kald\u0131\u011f\u0131 yerden devam etmeye ba\u015flam\u0131\u015ft\u0131. \u00dcnl\u00fc fenomen bu kez evden kovulup kovulmad\u0131\u011f\u0131 haberleriyle g\u00fcndeme geldi. Peki, Dilan Polat evden mi kovuldu? Engin Polat\u2019la bo\u015fan\u0131yor mu? Dilan Polat\u2019\u0131n evden kovulup kovulmad\u0131\u011f\u0131na dair merak edilenleri sizin i\u00e7in ara\u015ft\u0131rd\u0131k. \u0130\u015fte Dilan Polat ve Engin Polat\u2019\u0131n bo\u015fan\u0131p bo\u015fanmayaca\u011f\u0131na dair detaylar\u2026<\/p>\n<h3>D\u0130LAN POLAT EVDEN M\u0130 KOVULDU?<\/h3>\n<p>Dilan Polat, ge\u00e7ti\u011fimiz ak\u015fam yapt\u0131\u011f\u0131 bir payla\u015f\u0131mla karde\u015finin evine gitti\u011fini duyurdu. Sosyal medya payla\u015f\u0131mlar\u0131yla bir an olsun g\u00fcndemden d\u00fc\u015fmeyen Polat, ge\u00e7ti\u011fimiz y\u0131l kara para aklama su\u00e7uyla g\u00f6z alt\u0131na al\u0131nm\u0131\u015ft\u0131. \u00dcnl\u00fc fenomen, bir s\u00fcre hapis cezas\u0131 ald\u0131ktan sonra tahliye olmu\u015ftu.<\/p>\n<p><img loading=\"lazy\" decoding=\"async\" class=\"alignnone wp-image-231287\" src=\"https:\/\/www.tgrthaber.com\/mavikadin\/wp-content\/uploads\/Dilan-Polat-Engin-Polat-bosanma-6-1024x576.jpg\" alt=\"Dilan Polat evden mi kovuldu? Engin Polat\u2019la bo\u015fan\u0131yor mu?\" width=\"1208\" height=\"680\" title=\"\" srcset=\"https:\/\/www.tgrthaber.com\/mavikadin\/wp-content\/uploads\/Dilan-Polat-Engin-Polat-bosanma-6-1024x576.jpg 1024w, https:\/\/www.tgrthaber.com\/mavikadin\/wp-content\/uploads\/Dilan-Polat-Engin-Polat-bosanma-6-300x169.jpg 300w, https:\/\/www.tgrthaber.com\/mavikadin\/wp-content\/uploads\/Dilan-Polat-Engin-Polat-bosanma-6-768x432.jpg 768w, https:\/\/www.tgrthaber.com\/mavikadin\/wp-content\/uploads\/Dilan-Polat-Engin-Polat-bosanma-6.jpg 1208w\" sizes=\"(max-width: 1208px) 100vw, 1208px\" \/><\/p>\n<hr \/>\n<p>Ge\u00e7ti\u011fimiz aylarda \u2018Su\u00e7 i\u015flemek amac\u0131yla \u00f6rg\u00fct kurma y\u00f6netme\u2019, \u2018Su\u00e7tan kaynaklanan mal varl\u0131\u011f\u0131 de\u011ferlerini aklama\u2019 ve \u2018Futbol ve di\u011fer spor m\u00fcsabakalar\u0131nda bahis ve \u015fans oyunlar\u0131 d\u00fczenlenmesi hakk\u0131nda kanuna muhalefet\u2019 su\u00e7lar\u0131ndan 20 y\u0131ldan 40 y\u0131la kadar hapis istemiyle yarg\u0131lanm\u0131\u015ft\u0131. Yarg\u0131land\u0131\u011f\u0131 dava da herhangi bir hapis cezas\u0131 almayan Polat, sosyal medya hesab\u0131ndan yapt\u0131\u011f\u0131 g\u00f6steri\u015fli payla\u015f\u0131mlar\u0131yla ad\u0131ndan s\u00f6z ettirmeye devam ediyor.<\/p>\n<p><img loading=\"lazy\" decoding=\"async\" class=\"alignnone wp-image-231288\" src=\"https:\/\/www.tgrthaber.com\/mavikadin\/wp-content\/uploads\/Dilan-Polat-Engin-Polat-bosanma-7-1024x576.jpg\" alt=\"Dilan Polat evden mi kovuldu? Engin Polat\u2019la bo\u015fan\u0131yor mu?\" width=\"1208\" height=\"680\" title=\"\" srcset=\"https:\/\/www.tgrthaber.com\/mavikadin\/wp-content\/uploads\/Dilan-Polat-Engin-Polat-bosanma-7-1024x576.jpg 1024w, https:\/\/www.tgrthaber.com\/mavikadin\/wp-content\/uploads\/Dilan-Polat-Engin-Polat-bosanma-7-300x169.jpg 300w, https:\/\/www.tgrthaber.com\/mavikadin\/wp-content\/uploads\/Dilan-Polat-Engin-Polat-bosanma-7-768x432.jpg 768w, https:\/\/www.tgrthaber.com\/mavikadin\/wp-content\/uploads\/Dilan-Polat-Engin-Polat-bosanma-7.jpg 1208w\" sizes=\"(max-width: 1208px) 100vw, 1208px\" \/><\/p>\n<hr \/>\n<p>Ge\u00e7ti\u011fimiz mart ay\u0131nda e\u015fi Engin Polat ile bo\u015fanma haberleriyle g\u00fcndeme gelen Dilan Polat, aile i\u00e7i huzuru sa\u011flam\u0131\u015f ve bo\u015fanmaktan vazge\u00e7mi\u015fti. Ge\u00e7ti\u011fimiz g\u00fcn karde\u015finin evine gitti\u011fini s\u00f6yleyen Dilan Polat, e\u015fi Engin Polat taraf\u0131ndan kovuldu\u011funu sosyal medya hesab\u0131ndan payla\u015ft\u0131.<\/p>\n<p><img loading=\"lazy\" decoding=\"async\" class=\"alignnone wp-image-231290\" src=\"https:\/\/www.tgrthaber.com\/mavikadin\/wp-content\/uploads\/Dilan-Polat-Engin-Polat-bosanma-3-1024x576.jpg\" alt=\"Dilan Polat evden mi kovuldu? Engin Polat\u2019la bo\u015fan\u0131yor mu?\" width=\"1208\" height=\"680\" title=\"\" srcset=\"https:\/\/www.tgrthaber.com\/mavikadin\/wp-content\/uploads\/Dilan-Polat-Engin-Polat-bosanma-3-1024x576.jpg 1024w, https:\/\/www.tgrthaber.com\/mavikadin\/wp-content\/uploads\/Dilan-Polat-Engin-Polat-bosanma-3-300x169.jpg 300w, https:\/\/www.tgrthaber.com\/mavikadin\/wp-content\/uploads\/Dilan-Polat-Engin-Polat-bosanma-3-768x432.jpg 768w, https:\/\/www.tgrthaber.com\/mavikadin\/wp-content\/uploads\/Dilan-Polat-Engin-Polat-bosanma-3.jpg 1208w\" sizes=\"(max-width: 1208px) 100vw, 1208px\" \/><\/p>\n<hr \/>\n<p>\u00d6zel hayat\u0131nda ya\u015fad\u0131\u011f\u0131 s\u0131k\u0131nt\u0131lar\u0131 takip\u00e7ileriyle payla\u015fmaktan \u00e7ekinmeyen Dilan Polat, bu kez Instagram hesab\u0131ndan e\u015fi Engin Polat\u2019la ya\u015fad\u0131\u011f\u0131 s\u0131k\u0131nt\u0131lar\u0131 payla\u015ft\u0131. Bir an olsun magazin g\u00fcndeminden d\u00fc\u015fmeyen \u00fcnl\u00fc fenomen, uzun y\u0131llard\u0131r birlikte oldu\u011fu e\u015fine dair sitemli payla\u015f\u0131mlarda bulundu. Takip\u00e7ilerinin durumu fark etmesi \u00fczerine Polat, e\u015fiyle aras\u0131nda olup biteni anlatt\u0131.<\/p>\n<p><img loading=\"lazy\" decoding=\"async\" class=\"alignnone wp-image-231291\" src=\"https:\/\/www.tgrthaber.com\/mavikadin\/wp-content\/uploads\/Dilan-Polat-Engin-Polat-bosanma-4-1024x576.jpg\" alt=\"Dilan Polat evden mi kovuldu? Engin Polat\u2019la bo\u015fan\u0131yor mu?\" width=\"1208\" height=\"680\" title=\"\" srcset=\"https:\/\/www.tgrthaber.com\/mavikadin\/wp-content\/uploads\/Dilan-Polat-Engin-Polat-bosanma-4-1024x576.jpg 1024w, https:\/\/www.tgrthaber.com\/mavikadin\/wp-content\/uploads\/Dilan-Polat-Engin-Polat-bosanma-4-300x169.jpg 300w, https:\/\/www.tgrthaber.com\/mavikadin\/wp-content\/uploads\/Dilan-Polat-Engin-Polat-bosanma-4-768x432.jpg 768w, https:\/\/www.tgrthaber.com\/mavikadin\/wp-content\/uploads\/Dilan-Polat-Engin-Polat-bosanma-4.jpg 1208w\" sizes=\"(max-width: 1208px) 100vw, 1208px\" \/><\/p>\n<hr \/>\n<h3>ENG\u0130N POLAT\u2019LA BO\u015eANIYOR MU?<\/h3>\n<p>Dilan Polat\u2019\u0131n Engin Polat\u2019la bo\u015fan\u0131p bo\u015fanmayacaklar\u0131na dair hen\u00fcz net bir bilgi bulunmuyor. Zaman zaman sinirle sosyal medya hesab\u0131ndan payla\u015f\u0131mda bulunan Dilan Polat, bu kez kendisini evden kovan e\u015fini affetmeyece\u011fini dile getirdi.<\/p>\n<p><img loading=\"lazy\" decoding=\"async\" class=\"alignnone wp-image-231292\" src=\"https:\/\/www.tgrthaber.com\/mavikadin\/wp-content\/uploads\/Dilan-Polat-Engin-Polat-bosanma-8-1024x576.jpg\" alt=\"Dilan Polat evden mi kovuldu? Engin Polat\u2019la bo\u015fan\u0131yor mu?\" width=\"1208\" height=\"680\" title=\"\" srcset=\"https:\/\/www.tgrthaber.com\/mavikadin\/wp-content\/uploads\/Dilan-Polat-Engin-Polat-bosanma-8-1024x576.jpg 1024w, https:\/\/www.tgrthaber.com\/mavikadin\/wp-content\/uploads\/Dilan-Polat-Engin-Polat-bosanma-8-300x169.jpg 300w, https:\/\/www.tgrthaber.com\/mavikadin\/wp-content\/uploads\/Dilan-Polat-Engin-Polat-bosanma-8-768x432.jpg 768w, https:\/\/www.tgrthaber.com\/mavikadin\/wp-content\/uploads\/Dilan-Polat-Engin-Polat-bosanma-8.jpg 1208w\" sizes=\"(max-width: 1208px) 100vw, 1208px\" \/><\/p>\n<hr \/>\n<p>Birden \u00e7ok farkl\u0131 sosyal medya hesab\u0131 kullanan Dilan Polat, e\u015fiyle aras\u0131nda olup biteni Instagram\u2019dan duyurdu. \u0130lk olarak karde\u015finin evine gitti\u011fini dile getiren Dilan Polat\u2019\u0131n imal\u0131 payla\u015f\u0131mlar\u0131 pe\u015f pe\u015fe geldi. \u201cYar\u0131n yeni hayat\u0131m\u0131n ilk g\u00fcn\u00fc\u201d vurgusunu yapmay\u0131 da es ge\u00e7meyen \u00fcnl\u00fc fenomen sosyal medyada g\u00fcndem oldu.<\/p>\n<p><img loading=\"lazy\" decoding=\"async\" class=\"alignnone wp-image-231293\" src=\"https:\/\/www.tgrthaber.com\/mavikadin\/wp-content\/uploads\/Dilan-Polat-Engin-Polat-bosanma-5-1024x576.jpg\" alt=\"Dilan Polat evden mi kovuldu? Engin Polat\u2019la bo\u015fan\u0131yor mu?\" width=\"1208\" height=\"680\" title=\"\" srcset=\"https:\/\/www.tgrthaber.com\/mavikadin\/wp-content\/uploads\/Dilan-Polat-Engin-Polat-bosanma-5-1024x576.jpg 1024w, https:\/\/www.tgrthaber.com\/mavikadin\/wp-content\/uploads\/Dilan-Polat-Engin-Polat-bosanma-5-300x169.jpg 300w, https:\/\/www.tgrthaber.com\/mavikadin\/wp-content\/uploads\/Dilan-Polat-Engin-Polat-bosanma-5-768x432.jpg 768w, https:\/\/www.tgrthaber.com\/mavikadin\/wp-content\/uploads\/Dilan-Polat-Engin-Polat-bosanma-5.jpg 1208w\" sizes=\"(max-width: 1208px) 100vw, 1208px\" \/><\/p>\n<hr \/>\n<p>Zaman zaman evliliklerinde s\u0131k\u0131nt\u0131 ya\u015fayan Dilan Polat ve Engin Polat \u00e7iftinin bir s\u00fcredir aralar\u0131nda ileti\u015fim s\u0131k\u0131nt\u0131s\u0131 ya\u015f\u0131yor. Ge\u00e7ti\u011fimiz aylarda da aralar\u0131nda s\u0131k\u0131nt\u0131 ya\u015fayan \u00e7ift, bir s\u00fcre sonra bar\u0131\u015ft\u0131klar\u0131n\u0131 duyurmu\u015ftu. Bu sefer e\u015fi Engin Polat\u2019\u0131 affetmeyece\u011fini s\u00f6yleyen Dilan Polat\u2019\u0131n karar\u0131n\u0131n ne olaca\u011f\u0131 merak ediliyor. \u00c7iftin bo\u015fanacaklar\u0131na dair hen\u00fcz kesin bir bilgi kamuoyunda yer alm\u0131yor.<\/p>\n","protected":false},"excerpt":{"rendered":"<p>Dilan Polat sosyal medya payla\u015f\u0131mlar\u0131yla g\u00fcndem olmaya devam ediyor. \u00dcnl\u00fc fenomen bu kez evden kovulup kovulmad\u0131\u011f\u0131 haberleriyle g\u00fcndeme geliyor. Peki, Dilan Polat evden mi kovuldu? Engin Polat\u2019la bo\u015fan\u0131yor mu? \u0130\u015fte detaylar\u2026<\/p>\n","protected":false},"author":26,"featured_media":231285,"comment_status":"closed","ping_status":"closed","sticky":false,"template":"","format":"standard","meta":{"rank_math_lock_modified_date":false,"footnotes":""},"categories":[76],"tags":[2715,12679,2908,133,2218],"class_list":["post-231278","post","type-post","status-publish","format-standard","has-post-thumbnail","hentry","category-magazin","tag-dilan-polat","tag-dilan-polat-engin-polat-bosanma","tag-engin-polat","tag-magazin","tag-magazin-haberleri"],"_links":{"self":[{"href":"https:\/\/www.tgrthaber.com\/mavikadin\/wp-json\/wp\/v2\/posts\/231278"}],"collection":[{"href":"https:\/\/www.tgrthaber.com\/mavikadin\/wp-json\/wp\/v2\/posts"}],"about":[{"href":"https:\/\/www.tgrthaber.com\/mavikadin\/wp-json\/wp\/v2\/types\/post"}],"author":[{"embeddable":true,"href":"https:\/\/www.tgrthaber.com\/mavikadin\/wp-json\/wp\/v2\/users\/26"}],"replies":[{"embeddable":true,"href":"https:\/\/www.tgrthaber.com\/mavikadin\/wp-json\/wp\/v2\/comments?post=231278"}],"version-history":[{"count":2,"href":"https:\/\/www.tgrthaber.com\/mavikadin\/wp-json\/wp\/v2\/posts\/231278\/revisions"}],"predecessor-version":[{"id":231295,"href":"https:\/\/www.tgrthaber.com\/mavikadin\/wp-json\/wp\/v2\/posts\/231278\/revisions\/231295"}],"wp:featuredmedia":[{"embeddable":true,"href":"https:\/\/www.tgrthaber.com\/mavikadin\/wp-json\/wp\/v2\/media\/231285"}],"wp:attachment":[{"href":"https:\/\/www.tgrthaber.com\/mavikadin\/wp-json\/wp\/v2\/media?parent=231278"}],"wp:term":[{"taxonomy":"category","embeddable":true,"href":"https:\/\/www.tgrthaber.com\/mavikadin\/wp-json\/wp\/v2\/categories?post=231278"},{"taxonomy":"post_tag","embeddable":true,"href":"https:\/\/www.tgrthaber.com\/mavikadin\/wp-json\/wp\/v2\/tags?post=231278"}],"curies":[{"name":"wp","href":"https:\/\/api.w.org\/{rel}","templated":true}]}}