{"id":231318,"date":"2025-09-05T13:53:15","date_gmt":"2025-09-05T10:53:15","guid":{"rendered":"https:\/\/www.tgrthaber.com\/mavikadin\/?p=231318"},"modified":"2025-09-05T13:53:15","modified_gmt":"2025-09-05T10:53:15","slug":"ben-leman-dizisinin-setinden-ilk-kareler-yayinlandi-dizi-yayin-tarihi-icin-gun-sayiyor","status":"publish","type":"post","link":"https:\/\/www.tgrthaber.com\/mavikadin\/ben-leman-dizisinin-setinden-ilk-kareler-yayinlandi-dizi-yayin-tarihi-icin-gun-sayiyor\/","title":{"rendered":"Ben Leman dizisinin setinden ilk kareler yay\u0131nland\u0131! Dizi yay\u0131n tarihi i\u00e7in g\u00fcn say\u0131yor"},"content":{"rendered":"<p>Ben Leman dizisi NOW TV ekranlar\u0131nda izleyici kar\u015f\u0131s\u0131na \u00e7\u0131kmaya haz\u0131rlan\u0131yor. Yeni sezonun iddial\u0131 dizileri aras\u0131nda yer alan Ben Leman, g\u00fc\u00e7l\u00fc oyuncu kadrosu ve etkileyici hikayesiyle dikkat \u00e7ekiyor. \u00c7ok yak\u0131nda ekranlara gelecek olan dizinin setinden ilk kareler yay\u0131nland\u0131. Merakla beklenen dizi, hen\u00fcz yay\u0131nlanmadan sosyal medyada ilgi g\u00f6rd\u00fc.<\/p>\n<h3>BEN LEMAN D\u0130Z\u0130S\u0130N\u0130N SET\u0130NDEN \u0130LK KARELER YAYINLANDI!<\/h3>\n<p>Ben Leman dizisi NTC Medya\u2019n\u0131n imzas\u0131yla izleyici kar\u015f\u0131s\u0131na \u00e7\u0131kmaya haz\u0131rlan\u0131yor. Yeni sezonun iddial\u0131 dizileri aras\u0131nda yer alan Ben Leman, NOW TV ekranlar\u0131nda yay\u0131nlanmak i\u00e7in g\u00fcn say\u0131yor. Bir kad\u0131n ve gen\u00e7lik dramas\u0131 olarak izleyici kar\u015f\u0131s\u0131na \u00e7\u0131kmaya haz\u0131rlanan dizi, g\u00fc\u00e7l\u00fc oyuncu kadrosu ve etkileyici hikayesiyle dikkat \u00e7ekiyor.<\/p>\n<p><img loading=\"lazy\" decoding=\"async\" class=\"alignnone wp-image-231319\" src=\"https:\/\/www.tgrthaber.com\/mavikadin\/wp-content\/uploads\/Ben-Leman-dizi-2-1024x576.jpg\" alt=\"Ben Leman dizisinin setinden ilk kareler yay\u0131nland\u0131! Dizi yay\u0131n tarihi i\u00e7in g\u00fcn say\u0131yor\" width=\"1208\" height=\"680\" title=\"\" srcset=\"https:\/\/www.tgrthaber.com\/mavikadin\/wp-content\/uploads\/Ben-Leman-dizi-2-1024x576.jpg 1024w, https:\/\/www.tgrthaber.com\/mavikadin\/wp-content\/uploads\/Ben-Leman-dizi-2-300x169.jpg 300w, https:\/\/www.tgrthaber.com\/mavikadin\/wp-content\/uploads\/Ben-Leman-dizi-2-768x432.jpg 768w, https:\/\/www.tgrthaber.com\/mavikadin\/wp-content\/uploads\/Ben-Leman-dizi-2.jpg 1208w\" sizes=\"(max-width: 1208px) 100vw, 1208px\" \/><\/p>\n<hr \/>\n<p><a href=\"https:\/\/www.tgrthaber.com\/mavikadin\/ben-leman-dizisinin-konusu-nedir-ben-leman-oyunculari-kimlerdir\/\">Ben Leman<\/a> dizisinin setinden yay\u0131nlanan ilk kareler izleyici taraf\u0131ndan b\u00fcy\u00fck ilgi g\u00f6r\u00fcyor. Yap\u0131m\u0131n\u0131 NTC Medya\u2019n\u0131n, yap\u0131mc\u0131l\u0131\u011f\u0131n\u0131 ise Mehmet Yi\u011fit Alp\u2019in \u00fcstlendi\u011fi \u2018Ben Leman\u2019 dizisinin y\u00f6netmen koltu\u011funda Semih Ba\u011fc\u0131 oturuyor. Hikayesi Yekta Torun\u2019a ait olan dizinin senaryosunu ise Yekta Torun ile Hilal Y\u0131ld\u0131z kaleme al\u0131yor.<\/p>\n<p><img loading=\"lazy\" decoding=\"async\" class=\"alignnone wp-image-231326\" src=\"https:\/\/www.tgrthaber.com\/mavikadin\/wp-content\/uploads\/Ben-Leman-dizi-9-1024x576.jpg\" alt=\"Ben Leman dizisinin setinden ilk kareler yay\u0131nland\u0131! Dizi yay\u0131n tarihi i\u00e7in g\u00fcn say\u0131yor\" width=\"1208\" height=\"680\" title=\"\" srcset=\"https:\/\/www.tgrthaber.com\/mavikadin\/wp-content\/uploads\/Ben-Leman-dizi-9-1024x576.jpg 1024w, https:\/\/www.tgrthaber.com\/mavikadin\/wp-content\/uploads\/Ben-Leman-dizi-9-300x169.jpg 300w, https:\/\/www.tgrthaber.com\/mavikadin\/wp-content\/uploads\/Ben-Leman-dizi-9-768x432.jpg 768w, https:\/\/www.tgrthaber.com\/mavikadin\/wp-content\/uploads\/Ben-Leman-dizi-9.jpg 1208w\" sizes=\"(max-width: 1208px) 100vw, 1208px\" \/><\/p>\n<hr \/>\n<p>Ge\u00e7ti\u011fimiz haftalarda okuma provas\u0131 yap\u0131lan dizi sete \u00e7\u0131kt\u0131 ve ilk kareler yay\u0131nland\u0131. Sete \u00e7\u0131kmadan \u00f6nce oyuncu de\u011fi\u015fikli\u011fine giden diziye, taciz if\u015falar\u0131n\u0131n ard\u0131ndan Tayan\u00e7 Ayayd\u0131n veda etti. Tayan\u00e7 Ayayd\u0131n yerine ise diziye dahil olan isim \u00d6zg\u00fcr \u00c7evik oldu. Ba\u015frollerinde birbirinden ba\u015far\u0131l\u0131 isimler yer ald\u0131\u011f\u0131 dizinin \u00e7ekimleri \u0130zmir, Urla ve Seferihisar il\u00e7elerinde ger\u00e7ekle\u015fti.<\/p>\n<p><img loading=\"lazy\" decoding=\"async\" class=\"alignnone wp-image-231327\" src=\"https:\/\/www.tgrthaber.com\/mavikadin\/wp-content\/uploads\/Ben-Leman-dizi-10-1024x576.jpg\" alt=\"Ben Leman dizisinin setinden ilk kareler yay\u0131nland\u0131! Dizi yay\u0131n tarihi i\u00e7in g\u00fcn say\u0131yor\" width=\"1208\" height=\"680\" title=\"\" srcset=\"https:\/\/www.tgrthaber.com\/mavikadin\/wp-content\/uploads\/Ben-Leman-dizi-10-1024x576.jpg 1024w, https:\/\/www.tgrthaber.com\/mavikadin\/wp-content\/uploads\/Ben-Leman-dizi-10-300x169.jpg 300w, https:\/\/www.tgrthaber.com\/mavikadin\/wp-content\/uploads\/Ben-Leman-dizi-10-768x432.jpg 768w, https:\/\/www.tgrthaber.com\/mavikadin\/wp-content\/uploads\/Ben-Leman-dizi-10.jpg 1208w\" sizes=\"(max-width: 1208px) 100vw, 1208px\" \/><\/p>\n<hr \/>\n<p>Konusu ve g\u00fc\u00e7l\u00fc oyuncu kadrosuyla dikkat \u00e7eken <a href=\"https:\/\/www.tgrthaber.com\/mavikadin\/ben-leman-dizisi-nerede-cekiliyor-ben-leman-dizisi-ne-zaman-yayinlanacak\/\">Ben Leman<\/a> dizisi, setten ilk karelerin yay\u0131nlanmas\u0131yla birlikte b\u00fcy\u00fck ilgi g\u00f6rd\u00fc. Olduk\u00e7a kalabal\u0131k ve g\u00fc\u00e7l\u00fc bir oyuncu kadrosuna sahip olan dizi, Bur\u00e7in Terzio\u011flu, Selin \u015eekerci, Duygu Sar\u0131\u015f\u0131n, G\u00f6k\u00e7e Ey\u00fcpo\u011flu ve \u00d6zg\u00fcr \u00c7evik gibi ba\u015far\u0131l\u0131 oyuncular\u0131 bir araya getiriyor.<\/p>\n<p><img loading=\"lazy\" decoding=\"async\" class=\"alignnone wp-image-231329\" src=\"https:\/\/www.tgrthaber.com\/mavikadin\/wp-content\/uploads\/Ben-Leman-dizi-12-1024x576.jpg\" alt=\"Ben Leman dizisinin setinden ilk kareler yay\u0131nland\u0131! Dizi yay\u0131n tarihi i\u00e7in g\u00fcn say\u0131yor\" width=\"1208\" height=\"680\" title=\"\" srcset=\"https:\/\/www.tgrthaber.com\/mavikadin\/wp-content\/uploads\/Ben-Leman-dizi-12-1024x576.jpg 1024w, https:\/\/www.tgrthaber.com\/mavikadin\/wp-content\/uploads\/Ben-Leman-dizi-12-300x169.jpg 300w, https:\/\/www.tgrthaber.com\/mavikadin\/wp-content\/uploads\/Ben-Leman-dizi-12-768x432.jpg 768w, https:\/\/www.tgrthaber.com\/mavikadin\/wp-content\/uploads\/Ben-Leman-dizi-12.jpg 1208w\" sizes=\"(max-width: 1208px) 100vw, 1208px\" \/><\/p>\n<hr \/>\n<h3>BEN LEMAN D\u0130Z\u0130S\u0130 ETK\u0130LEY\u0130C\u0130 H\u0130KAYES\u0130YLE D\u0130KKAT \u00c7EK\u0130YOR!<\/h3>\n<p>Ben Leman dizisi, ge\u00e7mi\u015fin s\u0131rlar\u0131yla hayatlar\u0131 kesi\u015fen d\u00f6rt kad\u0131n ve bir adam\u0131n hikayesini ele al\u0131yor. Leman, \u015eahika, Mine, Suzi ve Demir karakterleri etraf\u0131nda \u015fekillenecek olan dizi merakla bekleniyor.<\/p>\n<p><img loading=\"lazy\" decoding=\"async\" class=\"alignnone wp-image-231330\" src=\"https:\/\/www.tgrthaber.com\/mavikadin\/wp-content\/uploads\/Ben-Leman-dizi-13-1024x576.jpg\" alt=\"Ben Leman dizisinin setinden ilk kareler yay\u0131nland\u0131! Dizi yay\u0131n tarihi i\u00e7in g\u00fcn say\u0131yor\" width=\"1208\" height=\"680\" title=\"\" srcset=\"https:\/\/www.tgrthaber.com\/mavikadin\/wp-content\/uploads\/Ben-Leman-dizi-13-1024x576.jpg 1024w, https:\/\/www.tgrthaber.com\/mavikadin\/wp-content\/uploads\/Ben-Leman-dizi-13-300x169.jpg 300w, https:\/\/www.tgrthaber.com\/mavikadin\/wp-content\/uploads\/Ben-Leman-dizi-13-768x432.jpg 768w, https:\/\/www.tgrthaber.com\/mavikadin\/wp-content\/uploads\/Ben-Leman-dizi-13.jpg 1208w\" sizes=\"(max-width: 1208px) 100vw, 1208px\" \/><\/p>\n<hr \/>\n<p>Dostluklar\u0131n ve a\u015fklar\u0131n s\u0131nand\u0131\u011f\u0131, s\u0131rlar\u0131n g\u00fcn y\u00fcz\u00fcne \u00e7\u0131kt\u0131\u011f\u0131 ve ayn\u0131 zamanda cesur y\u00fczle\u015fmelerin ya\u015fand\u0131\u011f\u0131 bu hik\u00e2yede, huzurlu g\u00f6r\u00fcnen ama derinlerde f\u0131rt\u0131nalar koparan atmosferiyle izleyiciyi ekran ba\u015f\u0131na kilitlemeye haz\u0131rlan\u0131yor.<\/p>\n<p><img loading=\"lazy\" decoding=\"async\" class=\"alignnone wp-image-231325\" src=\"https:\/\/www.tgrthaber.com\/mavikadin\/wp-content\/uploads\/Ben-Leman-dizi-8-1024x576.jpg\" alt=\"Ben Leman dizisinin setinden ilk kareler yay\u0131nland\u0131! Dizi yay\u0131n tarihi i\u00e7in g\u00fcn say\u0131yor\" width=\"1208\" height=\"680\" title=\"\" srcset=\"https:\/\/www.tgrthaber.com\/mavikadin\/wp-content\/uploads\/Ben-Leman-dizi-8-1024x576.jpg 1024w, https:\/\/www.tgrthaber.com\/mavikadin\/wp-content\/uploads\/Ben-Leman-dizi-8-300x169.jpg 300w, https:\/\/www.tgrthaber.com\/mavikadin\/wp-content\/uploads\/Ben-Leman-dizi-8-768x432.jpg 768w, https:\/\/www.tgrthaber.com\/mavikadin\/wp-content\/uploads\/Ben-Leman-dizi-8.jpg 1208w\" sizes=\"(max-width: 1208px) 100vw, 1208px\" \/><\/p>\n<hr \/>\n<h3>BEN LEMAN D\u0130Z\u0130S\u0130 G\u00dc\u00c7L\u00dc OYUNCU KADROSU!<\/h3>\n<ul>\n<li>Bur\u00e7in Terzio\u011flu<\/li>\n<li>\u00d6zg\u00fcr \u00c7evik<\/li>\n<li>Selin \u015eekerci<\/li>\n<li>Duygu Sar\u0131\u015f\u0131n<\/li>\n<li>G\u00f6k\u00e7e Ey\u00fcbo\u011flu<\/li>\n<li>Tansel \u00d6ngel<\/li>\n<li>\u015eebnem S\u00f6nmez<\/li>\n<li>H\u00fcseyin Soysalan<\/li>\n<li>Neriman U\u011fur<\/li>\n<li>Durukan \u00c7elikkaya<\/li>\n<li>G\u00fcne\u015f Hayat<\/li>\n<li>Erhan Alpay<\/li>\n<li>Merve Ate\u015f<\/li>\n<li>G\u00f6k\u00e7e G\u00fcne\u015f Do\u011frus\u00f6z<\/li>\n<li>Ceren Ayruk<\/li>\n<li>Kaan Akkaya<\/li>\n<li>Deniz G\u00fcrkan<\/li>\n<li>Duygu \u00dcst\u00fcnba\u015f<\/li>\n<li>Sena Ba\u015fdo\u011fan<\/li>\n<li>Tahir Y\u0131lmaz<\/li>\n<\/ul>\n","protected":false},"excerpt":{"rendered":"<p>Ben Leman dizisi, yeni sezonun iddial\u0131 dizileri aras\u0131na ad\u0131n\u0131 yazd\u0131r\u0131yor. Konusu ve oyuncu kadrosuyla dikkat \u00e7eken dizinin setinden ilk kareler yay\u0131nland\u0131. \u0130zleyicilerin merakla bekledi\u011fi dizi, sosyal medyada ilgi g\u00f6rd\u00fc. <\/p>\n","protected":false},"author":26,"featured_media":231320,"comment_status":"closed","ping_status":"closed","sticky":false,"template":"","format":"standard","meta":{"rank_math_lock_modified_date":false,"footnotes":""},"categories":[602],"tags":[51218,60168,32159,2628,3602],"class_list":["post-231318","post","type-post","status-publish","format-standard","has-post-thumbnail","hentry","category-diziler","tag-ben-leman","tag-ben-leman-dizi","tag-dizi","tag-dizi-haberleri","tag-diziler"],"_links":{"self":[{"href":"https:\/\/www.tgrthaber.com\/mavikadin\/wp-json\/wp\/v2\/posts\/231318"}],"collection":[{"href":"https:\/\/www.tgrthaber.com\/mavikadin\/wp-json\/wp\/v2\/posts"}],"about":[{"href":"https:\/\/www.tgrthaber.com\/mavikadin\/wp-json\/wp\/v2\/types\/post"}],"author":[{"embeddable":true,"href":"https:\/\/www.tgrthaber.com\/mavikadin\/wp-json\/wp\/v2\/users\/26"}],"replies":[{"embeddable":true,"href":"https:\/\/www.tgrthaber.com\/mavikadin\/wp-json\/wp\/v2\/comments?post=231318"}],"version-history":[{"count":1,"href":"https:\/\/www.tgrthaber.com\/mavikadin\/wp-json\/wp\/v2\/posts\/231318\/revisions"}],"predecessor-version":[{"id":231333,"href":"https:\/\/www.tgrthaber.com\/mavikadin\/wp-json\/wp\/v2\/posts\/231318\/revisions\/231333"}],"wp:featuredmedia":[{"embeddable":true,"href":"https:\/\/www.tgrthaber.com\/mavikadin\/wp-json\/wp\/v2\/media\/231320"}],"wp:attachment":[{"href":"https:\/\/www.tgrthaber.com\/mavikadin\/wp-json\/wp\/v2\/media?parent=231318"}],"wp:term":[{"taxonomy":"category","embeddable":true,"href":"https:\/\/www.tgrthaber.com\/mavikadin\/wp-json\/wp\/v2\/categories?post=231318"},{"taxonomy":"post_tag","embeddable":true,"href":"https:\/\/www.tgrthaber.com\/mavikadin\/wp-json\/wp\/v2\/tags?post=231318"}],"curies":[{"name":"wp","href":"https:\/\/api.w.org\/{rel}","templated":true}]}}