{"id":231335,"date":"2025-09-05T14:29:11","date_gmt":"2025-09-05T11:29:11","guid":{"rendered":"https:\/\/www.tgrthaber.com\/mavikadin\/?p=231335"},"modified":"2025-09-05T14:29:11","modified_gmt":"2025-09-05T11:29:11","slug":"aynadaki-yabanci-dizisi-sete-cikti-iddiali-dizi-icin-geri-sayim-basladi","status":"publish","type":"post","link":"https:\/\/www.tgrthaber.com\/mavikadin\/aynadaki-yabanci-dizisi-sete-cikti-iddiali-dizi-icin-geri-sayim-basladi\/","title":{"rendered":"Aynadaki Yabanc\u0131 dizisi sete \u00e7\u0131kt\u0131! \u0130ddial\u0131 dizi i\u00e7in geri say\u0131m ba\u015flad\u0131"},"content":{"rendered":"<p>Aynadaki Yabanc\u0131 dizisi i\u00e7in geri say\u0131m adeta ba\u015flad\u0131. Setten ilk g\u00f6r\u00fcnt\u00fcleri payla\u015f\u0131lan dizi, sosyal medyada yo\u011fun ilgi g\u00f6rd\u00fc. Hem konusu hem de g\u00fc\u00e7l\u00fc oyuncu kadrosuyla dikkat \u00e7eken dizi, yeni sezonun iddial\u0131 projelerine ad\u0131n\u0131 yazd\u0131rd\u0131. Ba\u015frollerinde Simay Barlas ve Onur Tuna\u2019n\u0131n yer alaca\u011f\u0131 Aynadaki Yabanc\u0131, hen\u00fcz yay\u0131nlanmadan ilgiyle kar\u015f\u0131land\u0131.<\/p>\n<h3>AYNADAK\u0130 YABANCI D\u0130Z\u0130S\u0130 SETE \u00c7IKTI!<\/h3>\n<p>Aynadaki Yabanc\u0131 dizsi sete \u00e7\u0131kt\u0131. ATV ekranlar\u0131nda yeni sezon maceras\u0131na ba\u015flayacak olan dizinin setten ilk g\u00f6r\u00fcnt\u00fcleri de yay\u0131nland\u0131. Konusu ve g\u00fc\u00e7l\u00fc oyuncu kadrosuyla dikkat \u00e7eken dizi, yeni sezonun iddial\u0131 dizileri aras\u0131nda \u015fimdiden yerini ald\u0131.<\/p>\n<p><img loading=\"lazy\" decoding=\"async\" class=\"alignnone wp-image-231340\" src=\"https:\/\/www.tgrthaber.com\/mavikadin\/wp-content\/uploads\/Aynadaki-Yabanci-dizi-5-1-1024x576.jpg\" alt=\"Aynadaki Yabanc\u0131 dizisi sete \u00e7\u0131kt\u0131! \u0130ddial\u0131 dizi i\u00e7in geri say\u0131m ba\u015flad\u0131 \" width=\"1208\" height=\"680\" title=\"\" srcset=\"https:\/\/www.tgrthaber.com\/mavikadin\/wp-content\/uploads\/Aynadaki-Yabanci-dizi-5-1-1024x576.jpg 1024w, https:\/\/www.tgrthaber.com\/mavikadin\/wp-content\/uploads\/Aynadaki-Yabanci-dizi-5-1-300x169.jpg 300w, https:\/\/www.tgrthaber.com\/mavikadin\/wp-content\/uploads\/Aynadaki-Yabanci-dizi-5-1-768x432.jpg 768w, https:\/\/www.tgrthaber.com\/mavikadin\/wp-content\/uploads\/Aynadaki-Yabanci-dizi-5-1.jpg 1208w\" sizes=\"(max-width: 1208px) 100vw, 1208px\" \/><\/p>\n<hr \/>\n<p>Yap\u0131mc\u0131l\u0131\u011f\u0131n\u0131 Asena B\u00fclb\u00fclo\u011flu\u2019nun \u00fcstlendi\u011fi MF Yap\u0131m imzas\u0131 ta\u015f\u0131yan Aynadaki Yabanc\u0131 dizisi resmen sete \u00e7\u0131kt\u0131. Ba\u015frollerinde Simay Barlas, Caner Top\u00e7u ve Onur Tuna\u2019n\u0131n bulundu\u011fu dizi sosyal medyada ilgiyle kar\u015f\u0131land\u0131.<\/p>\n<p><img loading=\"lazy\" decoding=\"async\" class=\"alignnone wp-image-231337\" src=\"https:\/\/www.tgrthaber.com\/mavikadin\/wp-content\/uploads\/Aynadaki-Yabanci-dizi-2-1-1024x576.jpg\" alt=\"Aynadaki Yabanc\u0131 dizisi sete \u00e7\u0131kt\u0131! \u0130ddial\u0131 dizi i\u00e7in geri say\u0131m ba\u015flad\u0131 \" width=\"1208\" height=\"680\" title=\"\" srcset=\"https:\/\/www.tgrthaber.com\/mavikadin\/wp-content\/uploads\/Aynadaki-Yabanci-dizi-2-1-1024x576.jpg 1024w, https:\/\/www.tgrthaber.com\/mavikadin\/wp-content\/uploads\/Aynadaki-Yabanci-dizi-2-1-300x169.jpg 300w, https:\/\/www.tgrthaber.com\/mavikadin\/wp-content\/uploads\/Aynadaki-Yabanci-dizi-2-1-768x432.jpg 768w, https:\/\/www.tgrthaber.com\/mavikadin\/wp-content\/uploads\/Aynadaki-Yabanci-dizi-2-1.jpg 1208w\" sizes=\"(max-width: 1208px) 100vw, 1208px\" \/><\/p>\n<hr \/>\n<p>Haz\u0131rl\u0131klar\u0131na t\u00fcm h\u0131z\u0131yla devam edilen Aynadaki Yabanc\u0131 dizisi, etkileyici hikayesiyle izleyiciyi ekran ba\u015f\u0131na kilitlemeye haz\u0131rlan\u0131yor. ATV ekranlar\u0131n\u0131n iddial\u0131 yap\u0131mlar\u0131 aras\u0131nda yer alan proje, birbirinden ba\u015far\u0131l\u0131 isimleri de bir araya getiriyor. Eda Teks\u00f6z\u2019\u00fcn y\u00f6netece\u011fi ve yetenekli oyuncular\u0131n yer alaca\u011f\u0131 diziyi Pelin G\u00fclcan, Lara Bulut Tecim ve Batuhan \u00d6zbay birlikte kaleme al\u0131yor.<\/p>\n<p><img loading=\"lazy\" decoding=\"async\" class=\"alignnone wp-image-231338\" src=\"https:\/\/www.tgrthaber.com\/mavikadin\/wp-content\/uploads\/Aynadaki-Yabanci-dizi-3-1024x576.jpg\" alt=\"Aynadaki Yabanc\u0131 dizisi sete \u00e7\u0131kt\u0131! \u0130ddial\u0131 dizi i\u00e7in geri say\u0131m ba\u015flad\u0131 \" width=\"1208\" height=\"680\" title=\"\" srcset=\"https:\/\/www.tgrthaber.com\/mavikadin\/wp-content\/uploads\/Aynadaki-Yabanci-dizi-3-1024x576.jpg 1024w, https:\/\/www.tgrthaber.com\/mavikadin\/wp-content\/uploads\/Aynadaki-Yabanci-dizi-3-300x169.jpg 300w, https:\/\/www.tgrthaber.com\/mavikadin\/wp-content\/uploads\/Aynadaki-Yabanci-dizi-3-768x432.jpg 768w, https:\/\/www.tgrthaber.com\/mavikadin\/wp-content\/uploads\/Aynadaki-Yabanci-dizi-3.jpg 1208w\" sizes=\"(max-width: 1208px) 100vw, 1208px\" \/><\/p>\n<hr \/>\n<p>\u00c7ok yak\u0131nda izleyicisiyle bulu\u015facak olan Aynadaki Yabanc\u0131 dizisi, \u201cAk\u0131l unutur, kalp unutmaz\u201d slogan\u0131yla ekran maceras\u0131na ba\u015flamaya haz\u0131rlan\u0131yor. Hen\u00fcz yay\u0131n tarihi hakk\u0131nda kesin bir bilgi bulunmayan dizinin, yeni sezonda eyl\u00fcl ay\u0131nda izleyiciyle bulu\u015fmas\u0131 planlan\u0131yor.<\/p>\n<p><img loading=\"lazy\" decoding=\"async\" class=\"alignnone wp-image-231339\" src=\"https:\/\/www.tgrthaber.com\/mavikadin\/wp-content\/uploads\/Aynadaki-Yabanci-dizi-4-1-1024x576.jpg\" alt=\"Aynadaki Yabanc\u0131 dizisi sete \u00e7\u0131kt\u0131! \u0130ddial\u0131 dizi i\u00e7in geri say\u0131m ba\u015flad\u0131 \" width=\"1208\" height=\"680\" title=\"\" srcset=\"https:\/\/www.tgrthaber.com\/mavikadin\/wp-content\/uploads\/Aynadaki-Yabanci-dizi-4-1-1024x576.jpg 1024w, https:\/\/www.tgrthaber.com\/mavikadin\/wp-content\/uploads\/Aynadaki-Yabanci-dizi-4-1-300x169.jpg 300w, https:\/\/www.tgrthaber.com\/mavikadin\/wp-content\/uploads\/Aynadaki-Yabanci-dizi-4-1-768x432.jpg 768w, https:\/\/www.tgrthaber.com\/mavikadin\/wp-content\/uploads\/Aynadaki-Yabanci-dizi-4-1.jpg 1208w\" sizes=\"(max-width: 1208px) 100vw, 1208px\" \/><\/p>\n<hr \/>\n<h3>AYNADAK\u0130 YABANCI D\u0130Z\u0130S\u0130 \u0130\u00c7\u0130N GER\u0130 SAYIM BA\u015eLADI!<\/h3>\n<p>Aynadaki Yabanc\u0131 dizisi, estetikle yeniden do\u011fan bir annenin kimlik aray\u0131\u015f\u0131n\u0131 ve evlad\u0131 i\u00e7in verdi\u011fi sava\u015f\u0131 konu al\u0131yor.<\/p>\n<p><img loading=\"lazy\" decoding=\"async\" class=\"alignnone wp-image-231341\" src=\"https:\/\/www.tgrthaber.com\/mavikadin\/wp-content\/uploads\/Aynadaki-Yabanci-dizi-6-1-1024x576.jpg\" alt=\"Aynadaki Yabanc\u0131 dizisi sete \u00e7\u0131kt\u0131! \u0130ddial\u0131 dizi i\u00e7in geri say\u0131m ba\u015flad\u0131 \" width=\"1208\" height=\"680\" title=\"\" srcset=\"https:\/\/www.tgrthaber.com\/mavikadin\/wp-content\/uploads\/Aynadaki-Yabanci-dizi-6-1-1024x576.jpg 1024w, https:\/\/www.tgrthaber.com\/mavikadin\/wp-content\/uploads\/Aynadaki-Yabanci-dizi-6-1-300x169.jpg 300w, https:\/\/www.tgrthaber.com\/mavikadin\/wp-content\/uploads\/Aynadaki-Yabanci-dizi-6-1-768x432.jpg 768w, https:\/\/www.tgrthaber.com\/mavikadin\/wp-content\/uploads\/Aynadaki-Yabanci-dizi-6-1.jpg 1208w\" sizes=\"(max-width: 1208px) 100vw, 1208px\" \/><\/p>\n<hr \/>\n<p>Etkileyici bir hik\u00e2yeyi ele alacak olan dizide; Azra\u2019n\u0131n (Simay Barlas) en b\u00fcy\u00fck iste\u011fi k\u0131z\u0131 Leyla\u2019ya kavu\u015fmak olacak ve tesad\u00fcfen tan\u0131\u015ft\u0131\u011f\u0131 estetik cerrah Kaan\u2019dan (Caner Top\u00e7u) yard\u0131m istemesi dikkat \u00e7ekiyor. Onur Tuna ise dizide \u2018Alihan\u2019 karakteriyle izleyici kar\u015f\u0131s\u0131na \u00e7\u0131kmaya haz\u0131rlan\u0131yor.<\/p>\n<p><img loading=\"lazy\" decoding=\"async\" class=\"alignnone wp-image-231342\" src=\"https:\/\/www.tgrthaber.com\/mavikadin\/wp-content\/uploads\/Aynadaki-Yabanci-dizi-7-1-1024x576.jpg\" alt=\"Aynadaki Yabanc\u0131 dizisi sete \u00e7\u0131kt\u0131! \u0130ddial\u0131 dizi i\u00e7in geri say\u0131m ba\u015flad\u0131 \" width=\"1208\" height=\"680\" title=\"\" srcset=\"https:\/\/www.tgrthaber.com\/mavikadin\/wp-content\/uploads\/Aynadaki-Yabanci-dizi-7-1-1024x576.jpg 1024w, https:\/\/www.tgrthaber.com\/mavikadin\/wp-content\/uploads\/Aynadaki-Yabanci-dizi-7-1-300x169.jpg 300w, https:\/\/www.tgrthaber.com\/mavikadin\/wp-content\/uploads\/Aynadaki-Yabanci-dizi-7-1-768x432.jpg 768w, https:\/\/www.tgrthaber.com\/mavikadin\/wp-content\/uploads\/Aynadaki-Yabanci-dizi-7-1.jpg 1208w\" sizes=\"(max-width: 1208px) 100vw, 1208px\" \/><\/p>\n<hr \/>\n<p>Aynadaki Yabanc\u0131 dizisi, estetik operasyon sonras\u0131 yeniden do\u011fan ve Azra olan ad\u0131n\u0131 Defne olarak de\u011fi\u015ftiren gen\u00e7 bir annenin evlad\u0131na ula\u015fma m\u00fccadelesi ekrana ta\u015f\u0131maya geliyor.<\/p>\n<h3>AYNADAK\u0130 YABANCI D\u0130Z\u0130S\u0130 OYUNCU KADROSU!<\/h3>\n<ul>\n<li>Onur Tuna (Alihan)<\/li>\n<li>Simay Barlas (Azra)<\/li>\n<li>Caner Top\u00e7u (Kaan)<\/li>\n<li>Asuman Dabak (Hanzade)<\/li>\n<li>Kerem Arslano\u011flu<\/li>\n<li>Nazl\u0131 Senem \u00dcnal<\/li>\n<li>Emre Ta\u015fk\u0131ran<\/li>\n<li>Ayten Soyk\u00f6k<\/li>\n<li>Sara Y\u0131lmaz (Leyla)<\/li>\n<\/ul>\n","protected":false},"excerpt":{"rendered":"<p>Aynadaki Yabanc\u0131 dizisi sete \u00e7\u0131kt\u0131. Setten gelen ilk g\u00f6r\u00fcnt\u00fcler izleyicide b\u00fcy\u00fck heyecan olu\u015fturdu. Yeni sezonun iddial\u0131 dizileri aras\u0131nda yer alan Aynadaki Yabanc\u0131 i\u00e7in geri say\u0131m ba\u015flad\u0131. <\/p>\n","protected":false},"author":26,"featured_media":231345,"comment_status":"closed","ping_status":"closed","sticky":false,"template":"","format":"standard","meta":{"rank_math_lock_modified_date":false,"footnotes":""},"categories":[602],"tags":[39691,29911,61550,32159,2628,3602],"class_list":["post-231335","post","type-post","status-publish","format-standard","has-post-thumbnail","hentry","category-diziler","tag-aynadaki-yabanci","tag-aynadaki-yabanci-dizisi","tag-aynadaki-yabanci-set","tag-dizi","tag-dizi-haberleri","tag-diziler"],"_links":{"self":[{"href":"https:\/\/www.tgrthaber.com\/mavikadin\/wp-json\/wp\/v2\/posts\/231335"}],"collection":[{"href":"https:\/\/www.tgrthaber.com\/mavikadin\/wp-json\/wp\/v2\/posts"}],"about":[{"href":"https:\/\/www.tgrthaber.com\/mavikadin\/wp-json\/wp\/v2\/types\/post"}],"author":[{"embeddable":true,"href":"https:\/\/www.tgrthaber.com\/mavikadin\/wp-json\/wp\/v2\/users\/26"}],"replies":[{"embeddable":true,"href":"https:\/\/www.tgrthaber.com\/mavikadin\/wp-json\/wp\/v2\/comments?post=231335"}],"version-history":[{"count":2,"href":"https:\/\/www.tgrthaber.com\/mavikadin\/wp-json\/wp\/v2\/posts\/231335\/revisions"}],"predecessor-version":[{"id":231350,"href":"https:\/\/www.tgrthaber.com\/mavikadin\/wp-json\/wp\/v2\/posts\/231335\/revisions\/231350"}],"wp:featuredmedia":[{"embeddable":true,"href":"https:\/\/www.tgrthaber.com\/mavikadin\/wp-json\/wp\/v2\/media\/231345"}],"wp:attachment":[{"href":"https:\/\/www.tgrthaber.com\/mavikadin\/wp-json\/wp\/v2\/media?parent=231335"}],"wp:term":[{"taxonomy":"category","embeddable":true,"href":"https:\/\/www.tgrthaber.com\/mavikadin\/wp-json\/wp\/v2\/categories?post=231335"},{"taxonomy":"post_tag","embeddable":true,"href":"https:\/\/www.tgrthaber.com\/mavikadin\/wp-json\/wp\/v2\/tags?post=231335"}],"curies":[{"name":"wp","href":"https:\/\/api.w.org\/{rel}","templated":true}]}}