{"id":231336,"date":"2025-09-05T14:32:45","date_gmt":"2025-09-05T11:32:45","guid":{"rendered":"https:\/\/www.tgrthaber.com\/mavikadin\/?p=231336"},"modified":"2025-09-05T14:32:46","modified_gmt":"2025-09-05T11:32:46","slug":"erkan-petekkaya-ve-aycin-bingolu-bir-araya-getiren-al-beni-baba-filminden-ilk-kareler","status":"publish","type":"post","link":"https:\/\/www.tgrthaber.com\/mavikadin\/erkan-petekkaya-ve-aycin-bingolu-bir-araya-getiren-al-beni-baba-filminden-ilk-kareler\/","title":{"rendered":"Erkan Petekkaya ve Ay\u00e7in Bing\u00f6l\u2019\u00fc bir araya getiren \u201cAl Beni Baba\u201d filminden ilk kareler!"},"content":{"rendered":"<p>\u201c\u00d6yle Bir Ge\u00e7er Zaman ki\u201d dizisi ile 13 y\u0131l \u00f6nce ekranlara gelen Erken Petekkaya ve Ay\u00e7a Bingol, \u201cAl Beni Baba\u201d filmi ile yeniden partner oluyorlar. \u00c7ekimlerine ge\u00e7ti\u011fimiz aylarda ba\u015flayan filmin ilk kareleri geldi.<\/p>\n<h3>ERKAN PETEKKAYA VE AY\u00c7\u0130N B\u0130NG\u00d6L\u2019\u00dc B\u0130R ARAYA GET\u0130REN \u201cAL BEN\u0130 BABA\u201d F\u0130LM\u0130NDEN \u0130LK KARELER!<\/h3>\n<p>Bir d\u00f6nemin unutulmaz dizilerinden biri olan \u201c\u00d6yle Bir Ge\u00e7er Zaman ki\u201d y\u0131llar ge\u00e7se de g\u00fcndem olmaya devam ediyor. Ba\u015far\u0131l\u0131 oyuncular Ay\u00e7a Bingol ve Erkan Petekkaya 13 y\u0131l\u0131n ard\u0131ndan yeniden partner oldular.<\/p>\n<p><img loading=\"lazy\" decoding=\"async\" class=\"alignnone size-full wp-image-231359\" src=\"https:\/\/www.tgrthaber.com\/mavikadin\/wp-content\/uploads\/ARZU-2025-09-05T142909.215.jpg\" alt=\"Erkan Petekkaya ve Ay\u00e7in Bing\u00f6l\u2019\u00fc bir araya getiren \u201cAl Beni Baba\u201d filminden ilk kareler!\" width=\"1208\" height=\"680\" title=\"\" srcset=\"https:\/\/www.tgrthaber.com\/mavikadin\/wp-content\/uploads\/ARZU-2025-09-05T142909.215.jpg 1208w, https:\/\/www.tgrthaber.com\/mavikadin\/wp-content\/uploads\/ARZU-2025-09-05T142909.215-300x169.jpg 300w, https:\/\/www.tgrthaber.com\/mavikadin\/wp-content\/uploads\/ARZU-2025-09-05T142909.215-1024x576.jpg 1024w, https:\/\/www.tgrthaber.com\/mavikadin\/wp-content\/uploads\/ARZU-2025-09-05T142909.215-768x432.jpg 768w\" sizes=\"(max-width: 1208px) 100vw, 1208px\" \/><\/p>\n<hr \/>\n<p>Gazeteci Birsen Altunta\u015f\u2019\u0131n haberine g\u00f6re, ba\u015far\u0131l\u0131 oyuncular \u201cAl Beni Baba\u201d filmi ile yeniden bir araya geliyor. Ay\u00e7a Ay\u015fin Turan\u2019\u0131n da rol ald\u0131\u011f\u0131 filmin \u00e7ekimleri tamamlan\u0131yor.<\/p>\n<p><img loading=\"lazy\" decoding=\"async\" class=\"alignnone size-full wp-image-231353\" src=\"https:\/\/www.tgrthaber.com\/mavikadin\/wp-content\/uploads\/ARZU-2025-09-05T143043.711.jpg\" alt=\"Erkan Petekkaya ve Ay\u00e7in Bing\u00f6l\u2019\u00fc bir araya getiren \u201cAl Beni Baba\u201d filminden ilk kareler!\" width=\"1208\" height=\"680\" title=\"\" srcset=\"https:\/\/www.tgrthaber.com\/mavikadin\/wp-content\/uploads\/ARZU-2025-09-05T143043.711.jpg 1208w, https:\/\/www.tgrthaber.com\/mavikadin\/wp-content\/uploads\/ARZU-2025-09-05T143043.711-300x169.jpg 300w, https:\/\/www.tgrthaber.com\/mavikadin\/wp-content\/uploads\/ARZU-2025-09-05T143043.711-1024x576.jpg 1024w, https:\/\/www.tgrthaber.com\/mavikadin\/wp-content\/uploads\/ARZU-2025-09-05T143043.711-768x432.jpg 768w\" sizes=\"(max-width: 1208px) 100vw, 1208px\" \/><\/p>\n<hr \/>\n<p>Ge\u00e7ti\u011fimiz haftalarda sete \u00e7\u0131kan \u201cAl Beni Baba\u201d filminde Nazl\u0131 rol\u00fc ile Ay\u00e7a Ay\u015fin Turan oynarken Erkan Petekkaya ve Ay\u00e7a Bing\u00f6l ise Nazl\u0131\u2019n\u0131n annesi, babas\u0131 olan Sava\u015f ve G\u00fclderen karakterleri ile seyirci kar\u015f\u0131s\u0131na \u00e7\u0131k\u0131yorlar.<\/p>\n<p><img loading=\"lazy\" decoding=\"async\" class=\"alignnone size-full wp-image-231355\" src=\"https:\/\/www.tgrthaber.com\/mavikadin\/wp-content\/uploads\/ARZU-2025-09-05T142937.841.jpg\" alt=\"Erkan Petekkaya ve Ay\u00e7in Bing\u00f6l\u2019\u00fc bir araya getiren \u201cAl Beni Baba\u201d filminden ilk kareler!\" width=\"1208\" height=\"680\" title=\"\" srcset=\"https:\/\/www.tgrthaber.com\/mavikadin\/wp-content\/uploads\/ARZU-2025-09-05T142937.841.jpg 1208w, https:\/\/www.tgrthaber.com\/mavikadin\/wp-content\/uploads\/ARZU-2025-09-05T142937.841-300x169.jpg 300w, https:\/\/www.tgrthaber.com\/mavikadin\/wp-content\/uploads\/ARZU-2025-09-05T142937.841-1024x576.jpg 1024w, https:\/\/www.tgrthaber.com\/mavikadin\/wp-content\/uploads\/ARZU-2025-09-05T142937.841-768x432.jpg 768w\" sizes=\"(max-width: 1208px) 100vw, 1208px\" \/><\/p>\n<hr \/>\n<p>Hikayesi ger\u00e7ek bir olaya dayana filmin Sinem Uslu ve Mustafa Uslu\u2019nun kaleme almas\u0131 ile beyaz perdeye yans\u0131yor. \u00c7orum\u2019da devam eden \u00e7ekimleri ile dikkat \u00e7eken \u201cAl Beni Baba\u201d filminin yap\u0131mc\u0131l\u0131\u011f\u0131n\u0131 Kemalhan Bal\u00e7\u0131k \u00fcstlenirken Ahmet Topuz y\u00f6netmen koltu\u011funda oturuyor.<\/p>\n<p><img loading=\"lazy\" decoding=\"async\" class=\"alignnone size-full wp-image-231356\" src=\"https:\/\/www.tgrthaber.com\/mavikadin\/wp-content\/uploads\/ARZU-2025-09-05T142929.696.jpg\" alt=\"Erkan Petekkaya ve Ay\u00e7in Bing\u00f6l\u2019\u00fc bir araya getiren \u201cAl Beni Baba\u201d filminden ilk kareler!\" width=\"1208\" height=\"680\" title=\"\" srcset=\"https:\/\/www.tgrthaber.com\/mavikadin\/wp-content\/uploads\/ARZU-2025-09-05T142929.696.jpg 1208w, https:\/\/www.tgrthaber.com\/mavikadin\/wp-content\/uploads\/ARZU-2025-09-05T142929.696-300x169.jpg 300w, https:\/\/www.tgrthaber.com\/mavikadin\/wp-content\/uploads\/ARZU-2025-09-05T142929.696-1024x576.jpg 1024w, https:\/\/www.tgrthaber.com\/mavikadin\/wp-content\/uploads\/ARZU-2025-09-05T142929.696-768x432.jpg 768w\" sizes=\"(max-width: 1208px) 100vw, 1208px\" \/><\/p>\n<hr \/>\n<p>Ba\u015far\u0131l\u0131 oyuncular\u0131n yan\u0131 s\u0131ra, G\u00fclper \u00d6zdemir, Lilly Joan Gutzeit, Murat Serezli, Mert Denizmen, Asiye Din\u00e7soy, R\u00fczg\u00e2r Aksoy, Metin Ke\u00e7eci, Nathalie Griffin, Dilek \u00c7elebi, Mehmet Esen, Necmi Yap\u0131c\u0131, Bahtiyar Engin, Bur\u00e7 K\u00fcmbetlio\u011flu, G\u00fcrberk Polat, Mahmut Cevher, Macit Koper ve Mehmet \u00d6zg\u00fcr gibi oyuncular oynuyor.<\/p>\n<h3><img loading=\"lazy\" decoding=\"async\" class=\"alignnone size-full wp-image-231358\" src=\"https:\/\/www.tgrthaber.com\/mavikadin\/wp-content\/uploads\/ARZU-2025-09-05T142919.061.jpg\" alt=\"Erkan Petekkaya ve Ay\u00e7in Bing\u00f6l\u2019\u00fc bir araya getiren \u201cAl Beni Baba\u201d filminden ilk kareler!\" width=\"1208\" height=\"680\" title=\"\" srcset=\"https:\/\/www.tgrthaber.com\/mavikadin\/wp-content\/uploads\/ARZU-2025-09-05T142919.061.jpg 1208w, https:\/\/www.tgrthaber.com\/mavikadin\/wp-content\/uploads\/ARZU-2025-09-05T142919.061-300x169.jpg 300w, https:\/\/www.tgrthaber.com\/mavikadin\/wp-content\/uploads\/ARZU-2025-09-05T142919.061-1024x576.jpg 1024w, https:\/\/www.tgrthaber.com\/mavikadin\/wp-content\/uploads\/ARZU-2025-09-05T142919.061-768x432.jpg 768w\" sizes=\"(max-width: 1208px) 100vw, 1208px\" \/><\/h3>\n<hr \/>\n<h3>AL BEN\u0130 BABA KONUSU NED\u0130R?<\/h3>\n<p>Alman oyuncu Malik Blumenthal\u2019in Ay\u00e7a Ay\u015fin turan ile ba\u015frol oldu\u011fu film konusu ile de dikkat \u00e7ekmeye devam ediyor. Nazl\u0131 kand\u0131r\u0131lan bir gen\u00e7 kad\u0131n olarak kar\u015f\u0131m\u0131za \u00e7\u0131k\u0131yor. \u0130nternette tan\u0131\u015ft\u0131\u011f\u0131 Yasin taraf\u0131ndan kand\u0131r\u0131lan Nazl\u0131, gizli ve karanl\u0131k bir yap\u0131ya \u00e7ekilir.<\/p>\n<p><img loading=\"lazy\" decoding=\"async\" class=\"alignnone wp-image-231354 size-full\" src=\"https:\/\/www.tgrthaber.com\/mavikadin\/wp-content\/uploads\/ARZU-2025-09-05T143031.221.jpg\" alt=\"Erkan Petekkaya ve Ay\u00e7in Bing\u00f6l\u2019\u00fc bir araya getiren \u201cAl Beni Baba\u201d filminden ilk kareler!\" width=\"1208\" height=\"680\" title=\"\" srcset=\"https:\/\/www.tgrthaber.com\/mavikadin\/wp-content\/uploads\/ARZU-2025-09-05T143031.221.jpg 1208w, https:\/\/www.tgrthaber.com\/mavikadin\/wp-content\/uploads\/ARZU-2025-09-05T143031.221-300x169.jpg 300w, https:\/\/www.tgrthaber.com\/mavikadin\/wp-content\/uploads\/ARZU-2025-09-05T143031.221-1024x576.jpg 1024w, https:\/\/www.tgrthaber.com\/mavikadin\/wp-content\/uploads\/ARZU-2025-09-05T143031.221-768x432.jpg 768w\" sizes=\"(max-width: 1208px) 100vw, 1208px\" \/><\/p>\n<hr \/>\n<p>Nazl\u0131 olaylar\u0131 anlad\u0131\u011f\u0131nda babas\u0131na \u201cAl Beni Baba\u201d yazan bir mesaj g\u00f6ndermesi ile babas\u0131 Sava\u015f\u2019\u0131n k\u0131z\u0131n\u0131 kurtarmak i\u00e7in verdi\u011fi m\u00fccadele izleyiciye aktar\u0131lacak. Nazl\u0131\u2019n\u0131n ya\u015fad\u0131klar\u0131 ve babas\u0131n\u0131n k\u0131z\u0131 i\u00e7in verdi\u011fi \u00e7etin m\u00fccadele filmin merkezinde yer al\u0131yor.<\/p>\n","protected":false},"excerpt":{"rendered":"<p>Y\u0131llar \u00f6nce \u201c\u00d6yle Bir Ge\u00e7er Zaman ki\u201d dizisi ile ekranlara gelen Erkan Petekkaya ve Ay\u00e7a Bing\u00f6l yeniden bir proje i\u00e7in bir araya geldi. \u201cAl Beni Baba\u201d filmi ile kamera kar\u015f\u0131s\u0131na yeniden \u00e7\u0131kan ikilinin filminden ilk kareler geldi. <\/p>\n","protected":false},"author":34,"featured_media":231360,"comment_status":"closed","ping_status":"closed","sticky":false,"template":"","format":"standard","meta":{"rank_math_lock_modified_date":false,"footnotes":""},"categories":[602],"tags":[28596,3026,11619,4091,32160],"class_list":["post-231336","post","type-post","status-publish","format-standard","has-post-thumbnail","hentry","category-diziler","tag-al-beni-baba","tag-ayca-aysin-turan","tag-ayca-bingol","tag-erkan-petekkaya","tag-film"],"_links":{"self":[{"href":"https:\/\/www.tgrthaber.com\/mavikadin\/wp-json\/wp\/v2\/posts\/231336"}],"collection":[{"href":"https:\/\/www.tgrthaber.com\/mavikadin\/wp-json\/wp\/v2\/posts"}],"about":[{"href":"https:\/\/www.tgrthaber.com\/mavikadin\/wp-json\/wp\/v2\/types\/post"}],"author":[{"embeddable":true,"href":"https:\/\/www.tgrthaber.com\/mavikadin\/wp-json\/wp\/v2\/users\/34"}],"replies":[{"embeddable":true,"href":"https:\/\/www.tgrthaber.com\/mavikadin\/wp-json\/wp\/v2\/comments?post=231336"}],"version-history":[{"count":1,"href":"https:\/\/www.tgrthaber.com\/mavikadin\/wp-json\/wp\/v2\/posts\/231336\/revisions"}],"predecessor-version":[{"id":231366,"href":"https:\/\/www.tgrthaber.com\/mavikadin\/wp-json\/wp\/v2\/posts\/231336\/revisions\/231366"}],"wp:featuredmedia":[{"embeddable":true,"href":"https:\/\/www.tgrthaber.com\/mavikadin\/wp-json\/wp\/v2\/media\/231360"}],"wp:attachment":[{"href":"https:\/\/www.tgrthaber.com\/mavikadin\/wp-json\/wp\/v2\/media?parent=231336"}],"wp:term":[{"taxonomy":"category","embeddable":true,"href":"https:\/\/www.tgrthaber.com\/mavikadin\/wp-json\/wp\/v2\/categories?post=231336"},{"taxonomy":"post_tag","embeddable":true,"href":"https:\/\/www.tgrthaber.com\/mavikadin\/wp-json\/wp\/v2\/tags?post=231336"}],"curies":[{"name":"wp","href":"https:\/\/api.w.org\/{rel}","templated":true}]}}