{"id":231368,"date":"2025-09-05T15:15:59","date_gmt":"2025-09-05T12:15:59","guid":{"rendered":"https:\/\/www.tgrthaber.com\/mavikadin\/?p=231368"},"modified":"2025-09-05T15:17:52","modified_gmt":"2025-09-05T12:17:52","slug":"kardeniz-kilic-kimdir-kac-yasinda-kardeniz-kilic-kiminle-evlendi","status":"publish","type":"post","link":"https:\/\/www.tgrthaber.com\/mavikadin\/kardeniz-kilic-kimdir-kac-yasinda-kardeniz-kilic-kiminle-evlendi\/","title":{"rendered":"Kardeniz K\u0131l\u0131\u00e7 kimdir ka\u00e7 ya\u015f\u0131nda? Kardeniz K\u0131l\u0131\u00e7 kiminle evlendi?"},"content":{"rendered":"<p>Kardeniz K\u0131l\u0131\u00e7 kimdir ka\u00e7 ya\u015f\u0131nda? merak konusu oldu. Survivor 2024 All Star kadrosuna kat\u0131ld\u0131ktan sonra ad\u0131n\u0131 geni\u015f kitlelere duyuran Kardeniz K\u0131l\u0131\u00e7 d\u00fcnyaevine girdi. Evlendikten sonra Kardeniz K\u0131l\u0131\u00e7 ve e\u015fi hakk\u0131nda bomba iddialar at\u0131ld\u0131.<\/p>\n<h3>KARDEN\u0130Z KILI\u00c7 \u0130DD\u0130ALARA CEVAP VERD\u0130<\/h3>\n<p>\u0130zmir&#8217;de Mahir Bekta\u015f ile d\u00fcnyaevine giren Kardeniz K\u0131l\u0131\u00e7\u2019\u0131 d\u00fc\u011f\u00fcn\u00fcnde arkada\u015f\u0131 Aleyna Kalayc\u0131o\u011flu da yaln\u0131z b\u0131rakmad\u0131. 2024 Survivor All Star&#8217;a kat\u0131lan fakat erken elenen Kardeniz K\u0131l\u0131\u00e7, d\u00fc\u011f\u00fcn\u00fcnden sonra ortaya at\u0131lan iddalara cevap verdi.<\/p>\n<p><img loading=\"lazy\" decoding=\"async\" class=\"aligncenter size-full wp-image-231369\" src=\"https:\/\/www.tgrthaber.com\/mavikadin\/wp-content\/uploads\/Kardeniz-Kilic-2.png\" alt=\"\" width=\"1208\" height=\"680\" title=\"\" srcset=\"https:\/\/www.tgrthaber.com\/mavikadin\/wp-content\/uploads\/Kardeniz-Kilic-2.png 1208w, https:\/\/www.tgrthaber.com\/mavikadin\/wp-content\/uploads\/Kardeniz-Kilic-2-300x169.png 300w, https:\/\/www.tgrthaber.com\/mavikadin\/wp-content\/uploads\/Kardeniz-Kilic-2-1024x576.png 1024w, https:\/\/www.tgrthaber.com\/mavikadin\/wp-content\/uploads\/Kardeniz-Kilic-2-768x432.png 768w\" sizes=\"(max-width: 1208px) 100vw, 1208px\" \/><\/p>\n<hr \/>\n<h3>KARDEN\u0130Z KILI\u00c7 K\u0130M\u0130NLE EVLEND\u0130?<\/h3>\n<p>E\u015finin y\u00fcz\u00fcn\u00fc saklamay\u0131 tercih eden K\u0131l\u0131\u00e7 kuzeninin eski e\u015fiyle evlendi. \u0130ddialar yay\u0131ld\u0131ktan sonra K\u0131l\u0131\u00e7&#8217;tan a\u00e7\u0131klama geldi. Hakk\u0131nda \u00e7\u0131kan as\u0131ls\u0131z haberlere tepki g\u00f6steren K\u0131l\u0131\u00e7 \u015fu ifadeleri kulland\u0131:<\/p>\n<p>D\u00fc\u011f\u00fcn g\u00fcn\u00fcm\u00fczden beri birka\u00e7 ki\u015finin ortaya att\u0131\u011f\u0131 as\u0131ls\u0131z haberlerin \u00e7o\u011falarak artmas\u0131 sonucu, ba\u015fta e\u015fimin eski e\u015finin durumdan rahats\u0131z olmas\u0131 sebebiyle bu a\u00e7\u0131klamay\u0131 yapmak zorunda kald\u0131m.E\u015fimin evlili\u011fi 10 y\u0131l \u00f6nce bitmekle birlikte, ili\u015fkimiz yakla\u015f\u0131k 5 y\u0131l \u00f6nce ba\u015flam\u0131\u015ft\u0131r. Ortada bahsedildi\u011fi gibi aldatma, ay\u0131rma yoktur. E\u015fimin eski e\u015fiyle aram\u0131zda bir problem yoktur. Kendisi \u00e7\u0131kan bu as\u0131ls\u0131z haberlerden olduk\u00e7a rahats\u0131z. Anla\u015fmazl\u0131k sonucu bitmi\u015f bir evlili\u011fin ard\u0131ndan olduk\u00e7a medeni bir \u015fekilde ileti\u015fim devam etmektedir.<br \/>\nKonuyla ilgili \u00e7\u0131kan t\u00fcm as\u0131ls\u0131z haber ve hakaretlerle ilgili hukuki s\u00fcre\u00e7ler ba\u015flat\u0131lacakt\u0131r.<\/p>\n<p><img loading=\"lazy\" decoding=\"async\" class=\"aligncenter size-full wp-image-231370\" src=\"https:\/\/www.tgrthaber.com\/mavikadin\/wp-content\/uploads\/Kardeniz-Kilic-3.png\" alt=\"\" width=\"1208\" height=\"680\" title=\"\" srcset=\"https:\/\/www.tgrthaber.com\/mavikadin\/wp-content\/uploads\/Kardeniz-Kilic-3.png 1208w, https:\/\/www.tgrthaber.com\/mavikadin\/wp-content\/uploads\/Kardeniz-Kilic-3-300x169.png 300w, https:\/\/www.tgrthaber.com\/mavikadin\/wp-content\/uploads\/Kardeniz-Kilic-3-1024x576.png 1024w, https:\/\/www.tgrthaber.com\/mavikadin\/wp-content\/uploads\/Kardeniz-Kilic-3-768x432.png 768w\" sizes=\"(max-width: 1208px) 100vw, 1208px\" \/><\/p>\n<hr \/>\n<h3>KARDEN\u0130Z KILI\u00c7 K\u0130MD\u0130R KA\u00c7 YA\u015eINDA?<\/h3>\n<p>Gen\u00e7 ya\u015fta elde etti\u011fi ba\u015far\u0131lar\u0131yla ad\u0131ndan s\u00f6z ettiren Kardeniz K\u0131l\u0131\u00e7, Survivor All Star 2024&#8217;te yedek yar\u0131\u015fmac\u0131 olarak yer almas\u0131yla birlikte Google&#8217;da en \u00e7ok aranan isimlerden biri oldu.<br \/>\nSosyal medyada geni\u015f bir takip\u00e7i kitlesine sahip olan K\u0131l\u0131\u00e7, moda projeleri ve markalarla yapt\u0131\u011f\u0131 i\u015f birlikleriyle ad\u0131ndan s\u00f6z ettiriyor. Influencer ve model kimli\u011fiyle \u00f6ne \u00e7\u0131kan K\u0131l\u0131\u00e7 sosyal medyada geni\u015f bir takip\u00e7i kitlesine sahip.<\/p>\n<p><img loading=\"lazy\" decoding=\"async\" class=\"aligncenter size-full wp-image-231371\" src=\"https:\/\/www.tgrthaber.com\/mavikadin\/wp-content\/uploads\/Kardeniz-Kilic-4.png\" alt=\"\" width=\"1208\" height=\"680\" title=\"\" srcset=\"https:\/\/www.tgrthaber.com\/mavikadin\/wp-content\/uploads\/Kardeniz-Kilic-4.png 1208w, https:\/\/www.tgrthaber.com\/mavikadin\/wp-content\/uploads\/Kardeniz-Kilic-4-300x169.png 300w, https:\/\/www.tgrthaber.com\/mavikadin\/wp-content\/uploads\/Kardeniz-Kilic-4-1024x576.png 1024w, https:\/\/www.tgrthaber.com\/mavikadin\/wp-content\/uploads\/Kardeniz-Kilic-4-768x432.png 768w\" sizes=\"(max-width: 1208px) 100vw, 1208px\" \/><\/p>\n<hr \/>\n<p>Aslen \u0130zmirli olan Kardeniz K\u0131l\u0131\u00e7, Ege&#8217;nin pozitif havas\u0131n\u0131 ve samimi ya\u015fam tarz\u0131n\u0131 benimsemi\u015ftir. K\u0131l\u0131\u00e7 bu \u00f6zelliklerini hem g\u00fcnl\u00fck hayat\u0131nda hem de sosyal medya payla\u015f\u0131mlar\u0131nda s\u0131k s\u0131k g\u00f6steriyor.<\/p>\n<p><img loading=\"lazy\" decoding=\"async\" class=\"aligncenter size-full wp-image-231372\" src=\"https:\/\/www.tgrthaber.com\/mavikadin\/wp-content\/uploads\/Kardeniz-Kilic-5.png\" alt=\"\" width=\"1208\" height=\"680\" title=\"\" srcset=\"https:\/\/www.tgrthaber.com\/mavikadin\/wp-content\/uploads\/Kardeniz-Kilic-5.png 1208w, https:\/\/www.tgrthaber.com\/mavikadin\/wp-content\/uploads\/Kardeniz-Kilic-5-300x169.png 300w, https:\/\/www.tgrthaber.com\/mavikadin\/wp-content\/uploads\/Kardeniz-Kilic-5-1024x576.png 1024w, https:\/\/www.tgrthaber.com\/mavikadin\/wp-content\/uploads\/Kardeniz-Kilic-5-768x432.png 768w\" sizes=\"(max-width: 1208px) 100vw, 1208px\" \/><\/p>\n<hr \/>\n<p>9 Ocak 1999 do\u011fumlu Kardeniz K\u0131l\u0131\u00e7, gen\u00e7 ya\u015f\u0131na ra\u011fmen dijital d\u00fcnyada ad\u0131ndan s\u0131k\u00e7a s\u00f6z ettiriyor.<\/p>\n<h3><img loading=\"lazy\" decoding=\"async\" class=\"aligncenter size-full wp-image-231373\" src=\"https:\/\/www.tgrthaber.com\/mavikadin\/wp-content\/uploads\/Kardeniz-Kilic-1.png\" alt=\"\" width=\"1208\" height=\"680\" title=\"\" srcset=\"https:\/\/www.tgrthaber.com\/mavikadin\/wp-content\/uploads\/Kardeniz-Kilic-1.png 1208w, https:\/\/www.tgrthaber.com\/mavikadin\/wp-content\/uploads\/Kardeniz-Kilic-1-300x169.png 300w, https:\/\/www.tgrthaber.com\/mavikadin\/wp-content\/uploads\/Kardeniz-Kilic-1-1024x576.png 1024w, https:\/\/www.tgrthaber.com\/mavikadin\/wp-content\/uploads\/Kardeniz-Kilic-1-768x432.png 768w\" sizes=\"(max-width: 1208px) 100vw, 1208px\" \/><\/h3>\n<hr \/>\n<h3>MAH\u0130R BEKTA\u015e K\u0130MD\u0130R?<\/h3>\n<p>Mahir Bekta\u015f, \u015eubat 2025&#8217;te Bayrampa\u015fa Belediyesi Tefti\u015f Kurulu M\u00fcd\u00fcr\u00fc g\u00f6revine getirildi. Denetim s\u00fcre\u00e7lerinde g\u00f6sterdi\u011fi titiz ve disiplinli tutumuyla \u00f6n plana \u00e7\u0131kan Bekta\u015f, 2007 KPSS&#8217;de\u00a0 T\u00fcrkiye genelinde 92&#8217;nci s\u0131rada yer alarak dikkat \u00e7ekmi\u015ftir. 1979 do\u011fumlu olan Mahir Bekta\u015f, kamu y\u00f6netimi alan\u0131nda uzun y\u0131llard\u0131r edindi\u011fi deneyimlerle tan\u0131nd\u0131.<\/p>\n","protected":false},"excerpt":{"rendered":"<p>Kardeniz K\u0131l\u0131\u00e7 kimdir ka\u00e7 ya\u015f\u0131nda? merak konusu oldu. Yapt\u0131\u011f\u0131 evlilikle g\u00fcndem olan fenomen isim e\u015fiyle ilgili ortaya at\u0131lan iddialar hakk\u0131nda uzun bir a\u00e7\u0131klama yaparak dikkatleri \u00fczerine \u00e7ekti. Peki Kardeniz K\u0131l\u0131\u00e7 kiminle evlendi?<\/p>\n","protected":false},"author":5,"featured_media":231375,"comment_status":"closed","ping_status":"closed","sticky":false,"template":"","format":"standard","meta":{"rank_math_lock_modified_date":false,"footnotes":""},"categories":[491],"tags":[3374,61552,61553],"class_list":["post-231368","post","type-post","status-publish","format-standard","has-post-thumbnail","hentry","category-biyografi","tag-biyografi","tag-kardeniz-kilic","tag-mahir-bektas"],"_links":{"self":[{"href":"https:\/\/www.tgrthaber.com\/mavikadin\/wp-json\/wp\/v2\/posts\/231368"}],"collection":[{"href":"https:\/\/www.tgrthaber.com\/mavikadin\/wp-json\/wp\/v2\/posts"}],"about":[{"href":"https:\/\/www.tgrthaber.com\/mavikadin\/wp-json\/wp\/v2\/types\/post"}],"author":[{"embeddable":true,"href":"https:\/\/www.tgrthaber.com\/mavikadin\/wp-json\/wp\/v2\/users\/5"}],"replies":[{"embeddable":true,"href":"https:\/\/www.tgrthaber.com\/mavikadin\/wp-json\/wp\/v2\/comments?post=231368"}],"version-history":[{"count":2,"href":"https:\/\/www.tgrthaber.com\/mavikadin\/wp-json\/wp\/v2\/posts\/231368\/revisions"}],"predecessor-version":[{"id":231377,"href":"https:\/\/www.tgrthaber.com\/mavikadin\/wp-json\/wp\/v2\/posts\/231368\/revisions\/231377"}],"wp:featuredmedia":[{"embeddable":true,"href":"https:\/\/www.tgrthaber.com\/mavikadin\/wp-json\/wp\/v2\/media\/231375"}],"wp:attachment":[{"href":"https:\/\/www.tgrthaber.com\/mavikadin\/wp-json\/wp\/v2\/media?parent=231368"}],"wp:term":[{"taxonomy":"category","embeddable":true,"href":"https:\/\/www.tgrthaber.com\/mavikadin\/wp-json\/wp\/v2\/categories?post=231368"},{"taxonomy":"post_tag","embeddable":true,"href":"https:\/\/www.tgrthaber.com\/mavikadin\/wp-json\/wp\/v2\/tags?post=231368"}],"curies":[{"name":"wp","href":"https:\/\/api.w.org\/{rel}","templated":true}]}}