{"id":231378,"date":"2025-09-05T15:25:29","date_gmt":"2025-09-05T12:25:29","guid":{"rendered":"https:\/\/www.tgrthaber.com\/mavikadin\/?p=231378"},"modified":"2025-09-05T15:25:29","modified_gmt":"2025-09-05T12:25:29","slug":"sinem-kobalin-kardesi-kerem-kobal-kimdir-kerem-kobal-kiminle-evleniyor","status":"publish","type":"post","link":"https:\/\/www.tgrthaber.com\/mavikadin\/sinem-kobalin-kardesi-kerem-kobal-kimdir-kerem-kobal-kiminle-evleniyor\/","title":{"rendered":"Sinem Kobal\u2019\u0131n karde\u015fi Kerem Kobal kimdir? Kerem Kobal kiminle evleniyor?"},"content":{"rendered":"<p>Sinem Kobal&#8217;\u0131n abisi Kerem Kobal, k\u0131z arkada\u015f\u0131 Katie Christie ile 6 Eyl\u00fcl g\u00fcn\u00fc evleniyor. Bir d\u00f6nem Selena dizisinde de karde\u015fi Sinem Kobal ile birlikte rol alan Kerem Kobal\u2019\u0131n kim oldu\u011fu ara\u015ft\u0131r\u0131lmaya ba\u015fland\u0131. Kerem Kobal, Taksim\u2019de barmenlik yapt\u0131ktan sonra kariyerine Avusturalya\u2019da devam etti. Sinem Kobal\u2019\u0131n karde\u015fi Kerem Kobal kimdir? Kerem Kobal kiminle evleniyor?<\/p>\n<h3>S\u0130NEM KOBAL\u2019IN KARDE\u015e\u0130 KEREM KOBAL K\u0130MD\u0130R?<\/h3>\n<p>Kerem Kobal oyuncu Sinem Kobal\u2019\u0131n abisidir. Kerem Kobal, 13 Eyl\u00fcl 1985\u2019te \u0130stanbul\u2019da d\u00fcnyaya geldi. Annesi Nuray Kobal babas\u0131 ise Mehmet Kobal\u2019d\u0131r.<\/p>\n<p><img loading=\"lazy\" decoding=\"async\" class=\"size-full wp-image-231380 aligncenter\" src=\"https:\/\/www.tgrthaber.com\/mavikadin\/wp-content\/uploads\/sinem-kobal-in-kardesi-kerem-kobal-kimdir-kerem-kobal-kiminle-evleniyor-2.jpg\" alt=\"\" width=\"1208\" height=\"680\" title=\"\" srcset=\"https:\/\/www.tgrthaber.com\/mavikadin\/wp-content\/uploads\/sinem-kobal-in-kardesi-kerem-kobal-kimdir-kerem-kobal-kiminle-evleniyor-2.jpg 1208w, https:\/\/www.tgrthaber.com\/mavikadin\/wp-content\/uploads\/sinem-kobal-in-kardesi-kerem-kobal-kimdir-kerem-kobal-kiminle-evleniyor-2-300x169.jpg 300w, https:\/\/www.tgrthaber.com\/mavikadin\/wp-content\/uploads\/sinem-kobal-in-kardesi-kerem-kobal-kimdir-kerem-kobal-kiminle-evleniyor-2-1024x576.jpg 1024w, https:\/\/www.tgrthaber.com\/mavikadin\/wp-content\/uploads\/sinem-kobal-in-kardesi-kerem-kobal-kimdir-kerem-kobal-kiminle-evleniyor-2-768x432.jpg 768w\" sizes=\"(max-width: 1208px) 100vw, 1208px\" \/><\/p>\n<hr \/>\n<p>\u00d6zye\u011fin \u00dcniversitesi Elektrik Elektronik M\u00fchendisli\u011fi\u2019nden mezun oldu. Avustralya Torrens \u00dcniversitesi\u2019nde i\u015fletme ve y\u00f6netim \u00fczerine y\u00fcksek lisans yapt\u0131.<\/p>\n<p>\u00c7al\u0131\u015fma hayat\u0131na Milky Lane\u2019de bar m\u00fcd\u00fcr\u00fc olarak ba\u015flad\u0131. Haziran 2021 \u2013 Eyl\u00fcl 2023\u2019te Merivale\u2019de yard\u0131mc\u0131 operasyon m\u00fcd\u00fcrl\u00fc\u011f\u00fc yapt\u0131. 2024 y\u0131l\u0131ndan bu yana Avusturalya APM\u2019de istihdam dan\u0131\u015fman\u0131 olarak \u00e7al\u0131\u015fmaya devam ediyor.<\/p>\n<p><img loading=\"lazy\" decoding=\"async\" class=\"size-full wp-image-231381 aligncenter\" src=\"https:\/\/www.tgrthaber.com\/mavikadin\/wp-content\/uploads\/sinem-kobal-in-kardesi-kerem-kobal-kimdir-kerem-kobal-kiminle-evleniyor-4.jpg\" alt=\"\" width=\"1208\" height=\"680\" title=\"\" srcset=\"https:\/\/www.tgrthaber.com\/mavikadin\/wp-content\/uploads\/sinem-kobal-in-kardesi-kerem-kobal-kimdir-kerem-kobal-kiminle-evleniyor-4.jpg 1208w, https:\/\/www.tgrthaber.com\/mavikadin\/wp-content\/uploads\/sinem-kobal-in-kardesi-kerem-kobal-kimdir-kerem-kobal-kiminle-evleniyor-4-300x169.jpg 300w, https:\/\/www.tgrthaber.com\/mavikadin\/wp-content\/uploads\/sinem-kobal-in-kardesi-kerem-kobal-kimdir-kerem-kobal-kiminle-evleniyor-4-1024x576.jpg 1024w, https:\/\/www.tgrthaber.com\/mavikadin\/wp-content\/uploads\/sinem-kobal-in-kardesi-kerem-kobal-kimdir-kerem-kobal-kiminle-evleniyor-4-768x432.jpg 768w\" sizes=\"(max-width: 1208px) 100vw, 1208px\" \/><\/p>\n<hr \/>\n<p>Kerem Kobal bir d\u00f6nem oyunculuk deneyimi de ya\u015fad\u0131. Selena dizisinde Selin&#8217;in sevgilisi Atacan karakterini oynad\u0131, ikili ayr\u0131ca bir reklam filminde de birlikte rol alm\u0131\u015ft\u0131.<\/p>\n<p>Kerem Kobal uzun s\u00fcredir birlikte oldu\u011fu Katie Christie ile d\u00fcnya evine giriyor. \u00c7ift 6 Eyl\u00fcl 2025 Cumartesi g\u00fcn\u00fc evleniyor.<\/p>\n<p><img loading=\"lazy\" decoding=\"async\" class=\"size-full wp-image-231382 aligncenter\" src=\"https:\/\/www.tgrthaber.com\/mavikadin\/wp-content\/uploads\/sinem-kobal-in-kardesi-kerem-kobal-kimdir-kerem-kobal-kiminle-evleniyor-7.jpg\" alt=\"\" width=\"1208\" height=\"680\" title=\"\" srcset=\"https:\/\/www.tgrthaber.com\/mavikadin\/wp-content\/uploads\/sinem-kobal-in-kardesi-kerem-kobal-kimdir-kerem-kobal-kiminle-evleniyor-7.jpg 1208w, https:\/\/www.tgrthaber.com\/mavikadin\/wp-content\/uploads\/sinem-kobal-in-kardesi-kerem-kobal-kimdir-kerem-kobal-kiminle-evleniyor-7-300x169.jpg 300w, https:\/\/www.tgrthaber.com\/mavikadin\/wp-content\/uploads\/sinem-kobal-in-kardesi-kerem-kobal-kimdir-kerem-kobal-kiminle-evleniyor-7-1024x576.jpg 1024w, https:\/\/www.tgrthaber.com\/mavikadin\/wp-content\/uploads\/sinem-kobal-in-kardesi-kerem-kobal-kimdir-kerem-kobal-kiminle-evleniyor-7-768x432.jpg 768w\" sizes=\"(max-width: 1208px) 100vw, 1208px\" \/><\/p>\n<hr \/>\n<h3>KEREM KOBAL K\u0130M\u0130NLE EVLEN\u0130YOR?<\/h3>\n<p>Kerem Kobal\u2019\u0131n k\u0131z arkada\u015f\u0131 Katie Christie ile 6 Eyl\u00fcl 2025 Cumartesi g\u00fcn\u00fc evlenece\u011fi \u00f6\u011frenildi.<\/p>\n<p><img loading=\"lazy\" decoding=\"async\" class=\"size-full wp-image-231383 aligncenter\" src=\"https:\/\/www.tgrthaber.com\/mavikadin\/wp-content\/uploads\/sinem-kobal-in-kardesi-kerem-kobal-kimdir-kerem-kobal-kiminle-evleniyor-3.jpg\" alt=\"\" width=\"1208\" height=\"680\" title=\"\" srcset=\"https:\/\/www.tgrthaber.com\/mavikadin\/wp-content\/uploads\/sinem-kobal-in-kardesi-kerem-kobal-kimdir-kerem-kobal-kiminle-evleniyor-3.jpg 1208w, https:\/\/www.tgrthaber.com\/mavikadin\/wp-content\/uploads\/sinem-kobal-in-kardesi-kerem-kobal-kimdir-kerem-kobal-kiminle-evleniyor-3-300x169.jpg 300w, https:\/\/www.tgrthaber.com\/mavikadin\/wp-content\/uploads\/sinem-kobal-in-kardesi-kerem-kobal-kimdir-kerem-kobal-kiminle-evleniyor-3-1024x576.jpg 1024w, https:\/\/www.tgrthaber.com\/mavikadin\/wp-content\/uploads\/sinem-kobal-in-kardesi-kerem-kobal-kimdir-kerem-kobal-kiminle-evleniyor-3-768x432.jpg 768w\" sizes=\"(max-width: 1208px) 100vw, 1208px\" \/><\/p>\n<hr \/>\n<p>Sinem Kobal \u00f6nceki ak\u015fam teknede gelinleri Katie Christie i\u00e7in \u2018bride party\u2019 d\u00fczenledi. Sinem Kobal partiden \u00e7ekti\u011fi g\u00f6r\u00fcnt\u00fcleri instagram hesab\u0131ndan takip\u00e7ileri ile payla\u015ft\u0131.<\/p>\n<p>Katie Christie\u2019in kim oldu\u011fu hakk\u0131nda sosyal medyada herhangi bir malumat bulunmamaktad\u0131r.<\/p>\n<p><img loading=\"lazy\" decoding=\"async\" class=\"size-full wp-image-231384 aligncenter\" src=\"https:\/\/www.tgrthaber.com\/mavikadin\/wp-content\/uploads\/sinem-kobal-in-kardesi-kerem-kobal-kimdir-kerem-kobal-kiminle-evleniyor-5.jpg\" alt=\"\" width=\"1208\" height=\"680\" title=\"\" srcset=\"https:\/\/www.tgrthaber.com\/mavikadin\/wp-content\/uploads\/sinem-kobal-in-kardesi-kerem-kobal-kimdir-kerem-kobal-kiminle-evleniyor-5.jpg 1208w, https:\/\/www.tgrthaber.com\/mavikadin\/wp-content\/uploads\/sinem-kobal-in-kardesi-kerem-kobal-kimdir-kerem-kobal-kiminle-evleniyor-5-300x169.jpg 300w, https:\/\/www.tgrthaber.com\/mavikadin\/wp-content\/uploads\/sinem-kobal-in-kardesi-kerem-kobal-kimdir-kerem-kobal-kiminle-evleniyor-5-1024x576.jpg 1024w, https:\/\/www.tgrthaber.com\/mavikadin\/wp-content\/uploads\/sinem-kobal-in-kardesi-kerem-kobal-kimdir-kerem-kobal-kiminle-evleniyor-5-768x432.jpg 768w\" sizes=\"(max-width: 1208px) 100vw, 1208px\" \/><\/p>\n<hr \/>\n<p>Nikah\u0131n nerede yap\u0131laca\u011f\u0131 bas\u0131nla payla\u015f\u0131lmazken davetliler aras\u0131nda pek \u00e7ok \u00fcnl\u00fc isminde bulunaca\u011f\u0131 d\u00fc\u015f\u00fcn\u00fcl\u00fcyor.<\/p>\n<p>Sinem Kobal\u2019\u0131n g\u00f6r\u00fcmceli\u011fi sosyal medyada olumlu yorumlar ald\u0131. Sosyal medya kullan\u0131c\u0131lar\u0131 Sinem Kobal\u2019\u0131n payla\u015ft\u0131\u011f\u0131 bekarl\u0131\u011fa veda foto\u011fraflar\u0131na mutluluk temennisinde bulundu.<\/p>\n<p><img loading=\"lazy\" decoding=\"async\" class=\"size-full wp-image-231385 aligncenter\" src=\"https:\/\/www.tgrthaber.com\/mavikadin\/wp-content\/uploads\/sinem-kobal-in-kardesi-kerem-kobal-kimdir-kerem-kobal-kiminle-evleniyor-6.jpg\" alt=\"\" width=\"1208\" height=\"680\" title=\"\" srcset=\"https:\/\/www.tgrthaber.com\/mavikadin\/wp-content\/uploads\/sinem-kobal-in-kardesi-kerem-kobal-kimdir-kerem-kobal-kiminle-evleniyor-6.jpg 1208w, https:\/\/www.tgrthaber.com\/mavikadin\/wp-content\/uploads\/sinem-kobal-in-kardesi-kerem-kobal-kimdir-kerem-kobal-kiminle-evleniyor-6-300x169.jpg 300w, https:\/\/www.tgrthaber.com\/mavikadin\/wp-content\/uploads\/sinem-kobal-in-kardesi-kerem-kobal-kimdir-kerem-kobal-kiminle-evleniyor-6-1024x576.jpg 1024w, https:\/\/www.tgrthaber.com\/mavikadin\/wp-content\/uploads\/sinem-kobal-in-kardesi-kerem-kobal-kimdir-kerem-kobal-kiminle-evleniyor-6-768x432.jpg 768w\" sizes=\"(max-width: 1208px) 100vw, 1208px\" \/><\/p>\n<hr \/>\n<p>Gelin Katie ile Sinem Kobal\u2019\u0131n beraber verdi\u011fi pozlar, magazin bas\u0131n\u0131n en \u00e7ok konu\u015fulan haberlerinden biri oldu.<\/p>\n","protected":false},"excerpt":{"rendered":"<p>Sinem Kobal\u2019\u0131n karde\u015fi (abisi) Kerem Kobal 6 Eyl\u00fcl 2025 Cumartesi g\u00fcn\u00fc d\u00fcnya evine giriyor. Sinem Kobal\u2019\u0131n karde\u015fi Kerem Kobal kimdir? Kerem Kobal kiminle evleniyor?<\/p>\n","protected":false},"author":30,"featured_media":231379,"comment_status":"closed","ping_status":"closed","sticky":false,"template":"","format":"standard","meta":{"rank_math_lock_modified_date":false,"footnotes":""},"categories":[491],"tags":[16521,61554,2726,61555],"class_list":["post-231378","post","type-post","status-publish","format-standard","has-post-thumbnail","hentry","category-biyografi","tag-biyografi-haberleri","tag-kerem-kobal","tag-sinem-kobal","tag-sinem-kobalin-kardesi"],"_links":{"self":[{"href":"https:\/\/www.tgrthaber.com\/mavikadin\/wp-json\/wp\/v2\/posts\/231378"}],"collection":[{"href":"https:\/\/www.tgrthaber.com\/mavikadin\/wp-json\/wp\/v2\/posts"}],"about":[{"href":"https:\/\/www.tgrthaber.com\/mavikadin\/wp-json\/wp\/v2\/types\/post"}],"author":[{"embeddable":true,"href":"https:\/\/www.tgrthaber.com\/mavikadin\/wp-json\/wp\/v2\/users\/30"}],"replies":[{"embeddable":true,"href":"https:\/\/www.tgrthaber.com\/mavikadin\/wp-json\/wp\/v2\/comments?post=231378"}],"version-history":[{"count":2,"href":"https:\/\/www.tgrthaber.com\/mavikadin\/wp-json\/wp\/v2\/posts\/231378\/revisions"}],"predecessor-version":[{"id":231389,"href":"https:\/\/www.tgrthaber.com\/mavikadin\/wp-json\/wp\/v2\/posts\/231378\/revisions\/231389"}],"wp:featuredmedia":[{"embeddable":true,"href":"https:\/\/www.tgrthaber.com\/mavikadin\/wp-json\/wp\/v2\/media\/231379"}],"wp:attachment":[{"href":"https:\/\/www.tgrthaber.com\/mavikadin\/wp-json\/wp\/v2\/media?parent=231378"}],"wp:term":[{"taxonomy":"category","embeddable":true,"href":"https:\/\/www.tgrthaber.com\/mavikadin\/wp-json\/wp\/v2\/categories?post=231378"},{"taxonomy":"post_tag","embeddable":true,"href":"https:\/\/www.tgrthaber.com\/mavikadin\/wp-json\/wp\/v2\/tags?post=231378"}],"curies":[{"name":"wp","href":"https:\/\/api.w.org\/{rel}","templated":true}]}}