{"id":231388,"date":"2025-09-05T15:57:21","date_gmt":"2025-09-05T12:57:21","guid":{"rendered":"https:\/\/www.tgrthaber.com\/mavikadin\/?p=231388"},"modified":"2025-09-19T14:45:27","modified_gmt":"2025-09-19T11:45:27","slug":"okula-yeni-baslayan-cocuklarin-psikolojisine-dikkat","status":"publish","type":"post","link":"https:\/\/www.tgrthaber.com\/mavikadin\/okula-yeni-baslayan-cocuklarin-psikolojisine-dikkat\/","title":{"rendered":"Okula yeni ba\u015flayan \u00e7ocuklar\u0131n psikolojisine dikkat!"},"content":{"rendered":"<p>Okul d\u00f6nemi a\u00e7\u0131ld\u0131 ebeveynler \u00e7ocuklar\u0131n\u0131n okula ba\u015flama ser\u00fcvenleri ise heyecan verici olur. \u00c7ocuklar\u0131n\u0131n iyi bir e\u011fitim almas\u0131, hayat\u0131 \u00f6\u011frenmesi, iyi bir meslek sahibi olmas\u0131, maddi \u00f6zg\u00fcrl\u00fck ve manevi mutlulu\u011fu yakalamas\u0131 olduk\u00e7a \u00f6nemlidir. Bizler de sizin i\u00e7in okula yeni ba\u015flayan \u00a0\u00a0\u00a0\u00a0\u00a0\u00a0\u00a0\u00a0\u00a0\u00a0\u00a0 \u00e7ocuklar i\u00e7in psikolojileri nas\u0131l olmal\u0131 onu ara\u015ft\u0131rd\u0131k. \u0130\u015fte detaylar\u2026<\/p>\n<h3>OKULA YEN\u0130 BA\u015eLAYAN \u00c7OCUKLARIN PS\u0130KOLOJ\u0130S\u0130NE D\u0130KKAT!<\/h3>\n<p><a href=\"https:\/\/www.tgrthaber.com\/mavikadin\/okullardaki-oryantasyon-surecleri-nasil-olmalidir\/\">\u00c7ocuklar\u0131n<\/a> okula ba\u015flama d\u00f6nemleri hem onlar i\u00e7in hem de aileleri i\u00e7in heyecan verici bir s\u00fcre\u00e7 olabilir. Bu d\u00f6nemde \u00e7ocuklar\u0131n psikolojik uyumu ve ailelerin ileti\u015fimi de olduk\u00e7a \u00f6nemlidir. \u00d6zellikle okula yeni ba\u015flayan \u00e7ocuklar\u0131n uyum sa\u011flamas\u0131 i\u00e7in ailelerinde onlara destek olmas\u0131 laz\u0131m.<\/p>\n<p><img loading=\"lazy\" decoding=\"async\" class=\"alignnone size-full wp-image-231412\" src=\"https:\/\/www.tgrthaber.com\/mavikadin\/wp-content\/uploads\/ARZU-2025-09-05T155319.395.jpg\" alt=\"Okula yeni ba\u015flayan \u00e7ocuklar\u0131n psikolojisine dikkat!\" width=\"1208\" height=\"680\" title=\"\" srcset=\"https:\/\/www.tgrthaber.com\/mavikadin\/wp-content\/uploads\/ARZU-2025-09-05T155319.395.jpg 1208w, https:\/\/www.tgrthaber.com\/mavikadin\/wp-content\/uploads\/ARZU-2025-09-05T155319.395-300x169.jpg 300w, https:\/\/www.tgrthaber.com\/mavikadin\/wp-content\/uploads\/ARZU-2025-09-05T155319.395-1024x576.jpg 1024w, https:\/\/www.tgrthaber.com\/mavikadin\/wp-content\/uploads\/ARZU-2025-09-05T155319.395-768x432.jpg 768w\" sizes=\"(max-width: 1208px) 100vw, 1208px\" \/><\/p>\n<hr \/>\n<p>Yeni bir okula ba\u015flamak, \u00e7ocuklar i\u00e7in harika bir ba\u015flang\u0131\u00e7 olabilir. Hem heyecan verici olan bu durum bazen de endi\u015fe olu\u015fturan durumlar\u0131 da i\u00e7erebilir. Okula yeni ba\u015flayan \u00e7ocuklarda s\u0131kl\u0131kla okula kar\u015f\u0131 geli\u015ftirilen kayg\u0131, korku ve isteksizlik g\u00f6r\u00fcl\u00fcr. \u0130lk defa ailesinden ayr\u0131 zaman ge\u00e7irecek olan \u00e7ocuklar kayg\u0131 sorunu ile kar\u015f\u0131la\u015fabilir.<\/p>\n<p><img loading=\"lazy\" decoding=\"async\" class=\"alignnone size-full wp-image-231413\" src=\"https:\/\/www.tgrthaber.com\/mavikadin\/wp-content\/uploads\/ARZU-2025-09-05T155311.226.jpg\" alt=\"Okula yeni ba\u015flayan \u00e7ocuklar\u0131n psikolojisine dikkat!\" width=\"1208\" height=\"680\" title=\"\" srcset=\"https:\/\/www.tgrthaber.com\/mavikadin\/wp-content\/uploads\/ARZU-2025-09-05T155311.226.jpg 1208w, https:\/\/www.tgrthaber.com\/mavikadin\/wp-content\/uploads\/ARZU-2025-09-05T155311.226-300x169.jpg 300w, https:\/\/www.tgrthaber.com\/mavikadin\/wp-content\/uploads\/ARZU-2025-09-05T155311.226-1024x576.jpg 1024w, https:\/\/www.tgrthaber.com\/mavikadin\/wp-content\/uploads\/ARZU-2025-09-05T155311.226-768x432.jpg 768w\" sizes=\"(max-width: 1208px) 100vw, 1208px\" \/><\/p>\n<hr \/>\n<p>Evin g\u00fcvenli ortam\u0131ndan \u00e7\u0131kan ve hi\u00e7 tan\u0131mad\u0131\u011f\u0131 insanlar\u0131n oldu\u011fu bir ortama giren \u00e7ocuklar i\u00e7in bu durum adeta korku dolu anlar verir. Bu kayg\u0131l\u0131 d\u00f6nemlerde \u00e7ocuklar\u0131n olabildi\u011fince sanc\u0131s\u0131z atlatmas\u0131 i\u00e7in ailede psikolojik olarak da haz\u0131rlanmas\u0131 gerekir.<\/p>\n<p><img loading=\"lazy\" decoding=\"async\" class=\"alignnone size-full wp-image-231410\" src=\"https:\/\/www.tgrthaber.com\/mavikadin\/wp-content\/uploads\/ARZU-2025-09-05T155332.028.jpg\" alt=\"Okula yeni ba\u015flayan \u00e7ocuklar\u0131n psikolojisine dikkat!\" width=\"1208\" height=\"680\" title=\"\" srcset=\"https:\/\/www.tgrthaber.com\/mavikadin\/wp-content\/uploads\/ARZU-2025-09-05T155332.028.jpg 1208w, https:\/\/www.tgrthaber.com\/mavikadin\/wp-content\/uploads\/ARZU-2025-09-05T155332.028-300x169.jpg 300w, https:\/\/www.tgrthaber.com\/mavikadin\/wp-content\/uploads\/ARZU-2025-09-05T155332.028-1024x576.jpg 1024w, https:\/\/www.tgrthaber.com\/mavikadin\/wp-content\/uploads\/ARZU-2025-09-05T155332.028-768x432.jpg 768w\" sizes=\"(max-width: 1208px) 100vw, 1208px\" \/><\/p>\n<p><strong>Okul ile ilgili \u00e7ocuklarla konu\u015fulmal\u0131<\/strong><\/p>\n<p>Okula yeni ba\u015flayan \u00e7ocuklarda olu\u015fabilecek kayg\u0131lar i\u00e7in \u00f6ncelikle neden okula gitmesi gerekti\u011fi anlat\u0131lmal\u0131d\u0131r. Okulda onu nelerin bekledi\u011fini, yeni arkada\u015fl\u0131klar\u0131 olabilece\u011fini, merak etti\u011fi her \u015feyi okulda \u00f6\u011frenebilece\u011fini de onu korkutmadan anlatmal\u0131s\u0131n\u0131z.<\/p>\n<p><img loading=\"lazy\" decoding=\"async\" class=\"alignnone size-full wp-image-231404\" src=\"https:\/\/www.tgrthaber.com\/mavikadin\/wp-content\/uploads\/ARZU-2025-09-05T155429.109.jpg\" alt=\"Okula yeni ba\u015flayan \u00e7ocuklar\u0131n psikolojisine dikkat!\" width=\"1208\" height=\"680\" title=\"\" srcset=\"https:\/\/www.tgrthaber.com\/mavikadin\/wp-content\/uploads\/ARZU-2025-09-05T155429.109.jpg 1208w, https:\/\/www.tgrthaber.com\/mavikadin\/wp-content\/uploads\/ARZU-2025-09-05T155429.109-300x169.jpg 300w, https:\/\/www.tgrthaber.com\/mavikadin\/wp-content\/uploads\/ARZU-2025-09-05T155429.109-1024x576.jpg 1024w, https:\/\/www.tgrthaber.com\/mavikadin\/wp-content\/uploads\/ARZU-2025-09-05T155429.109-768x432.jpg 768w\" sizes=\"(max-width: 1208px) 100vw, 1208px\" \/><\/p>\n<hr \/>\n<p><strong>Okulu \u00e7ocuklara korku unsuru olarak kullanmay\u0131n<\/strong><\/p>\n<p>Yeni ba\u015flayan \u00e7ocuklara hemen ilk onlar\u0131 tedirgin eden s\u00f6zler s\u00f6ylemeyin. E\u011fer \u00e7ocuklara tedirgin eden s\u00f6zler s\u00f6ylerseniz okulu hi\u00e7bir zaman sevmez ve okulu bir tehdit olarak alg\u0131lar. Okul ile ilgili \u00e7ocuklara olumlu hayaller kurdurun. G\u00fczel olan an\u0131lar anlat\u0131n \u00e7\u00fcnk\u00fc \u00e7ocuklar b\u00f6yle durumlarda heveslenmeye ba\u015flarlar.<\/p>\n<p><img loading=\"lazy\" decoding=\"async\" class=\"alignnone size-full wp-image-231408\" src=\"https:\/\/www.tgrthaber.com\/mavikadin\/wp-content\/uploads\/ARZU-2025-09-05T155349.335.jpg\" alt=\"Okula yeni ba\u015flayan \u00e7ocuklar\u0131n psikolojisine dikkat!\" width=\"1208\" height=\"680\" title=\"\" srcset=\"https:\/\/www.tgrthaber.com\/mavikadin\/wp-content\/uploads\/ARZU-2025-09-05T155349.335.jpg 1208w, https:\/\/www.tgrthaber.com\/mavikadin\/wp-content\/uploads\/ARZU-2025-09-05T155349.335-300x169.jpg 300w, https:\/\/www.tgrthaber.com\/mavikadin\/wp-content\/uploads\/ARZU-2025-09-05T155349.335-1024x576.jpg 1024w, https:\/\/www.tgrthaber.com\/mavikadin\/wp-content\/uploads\/ARZU-2025-09-05T155349.335-768x432.jpg 768w\" sizes=\"(max-width: 1208px) 100vw, 1208px\" \/><\/p>\n<hr \/>\n<p><strong>\u00c7ocuklara sizlerden ayr\u0131 zaman ge\u00e7irmeleri i\u00e7in alan tan\u0131y\u0131n<\/strong><\/p>\n<p>Okula yeni ba\u015flayan \u00e7ocuklar i\u00e7in en \u00fcz\u00fcc\u00fc olaylardan bir tanesi de anneleri ile ayr\u0131lacaklar\u0131 olur. Ancak \u00e7ocuklara bunun \u00f6nceden anlat\u0131lmas\u0131 ile \u00e7ocuk bu gibi bir durum da sizsiz vakit ge\u00e7irmek gibi durumlar\u0131 da isteyecektir.<\/p>\n<p><img loading=\"lazy\" decoding=\"async\" class=\"alignnone size-full wp-image-231406\" src=\"https:\/\/www.tgrthaber.com\/mavikadin\/wp-content\/uploads\/ARZU-2025-09-05T155412.400.jpg\" alt=\"Okula yeni ba\u015flayan \u00e7ocuklar\u0131n psikolojisine dikkat!\" width=\"1208\" height=\"680\" title=\"\" srcset=\"https:\/\/www.tgrthaber.com\/mavikadin\/wp-content\/uploads\/ARZU-2025-09-05T155412.400.jpg 1208w, https:\/\/www.tgrthaber.com\/mavikadin\/wp-content\/uploads\/ARZU-2025-09-05T155412.400-300x169.jpg 300w, https:\/\/www.tgrthaber.com\/mavikadin\/wp-content\/uploads\/ARZU-2025-09-05T155412.400-1024x576.jpg 1024w, https:\/\/www.tgrthaber.com\/mavikadin\/wp-content\/uploads\/ARZU-2025-09-05T155412.400-768x432.jpg 768w\" sizes=\"(max-width: 1208px) 100vw, 1208px\" \/><\/p>\n<hr \/>\n<p><strong>Okul al\u0131\u015fveri\u015fini beraber yap\u0131n<\/strong><\/p>\n<p>\u0130lk kez yap\u0131lacak olan okul al\u0131\u015fveri\u015fine \u00e7ocu\u011funuz ile gidin. \u00c7\u00fcnk\u00fc okul al\u0131\u015fveri\u015fi onlar i\u00e7in keyifli bir an\u0131ya d\u00f6n\u00fc\u015fecek. Kendisi kullanaca\u011f\u0131 \u00fcr\u00fcnleri se\u00e7erken mutlu olup hat\u0131ralar\u0131nda yer edinecek. Okul al\u0131\u015fveri\u015fi s\u0131ras\u0131nda sizin de yan\u0131n\u0131zda olmas\u0131 onlar i\u00e7in okul s\u00fcrecinin bir par\u00e7as\u0131 haline gelecek.<\/p>\n<p><img loading=\"lazy\" decoding=\"async\" class=\"alignnone size-full wp-image-231409\" src=\"https:\/\/www.tgrthaber.com\/mavikadin\/wp-content\/uploads\/ARZU-2025-09-05T155340.430.jpg\" alt=\"Okula yeni ba\u015flayan \u00e7ocuklar\u0131n psikolojisine dikkat!\" width=\"1208\" height=\"680\" title=\"\" srcset=\"https:\/\/www.tgrthaber.com\/mavikadin\/wp-content\/uploads\/ARZU-2025-09-05T155340.430.jpg 1208w, https:\/\/www.tgrthaber.com\/mavikadin\/wp-content\/uploads\/ARZU-2025-09-05T155340.430-300x169.jpg 300w, https:\/\/www.tgrthaber.com\/mavikadin\/wp-content\/uploads\/ARZU-2025-09-05T155340.430-1024x576.jpg 1024w, https:\/\/www.tgrthaber.com\/mavikadin\/wp-content\/uploads\/ARZU-2025-09-05T155340.430-768x432.jpg 768w\" sizes=\"(max-width: 1208px) 100vw, 1208px\" \/><\/p>\n<hr \/>\n<p><strong>P<\/strong><strong>sikolojik deste\u011fi al\u0131n<\/strong><\/p>\n<p>Yeni ba\u015flayan \u00e7ocuklarda bitmek bilmeyen bir adaptasyon s\u00fcreci olu\u015fabilir. Uzun s\u00fcre dindirilemeyen kayg\u0131lar gittik\u00e7e okul fobisine d\u00f6n\u00fc\u015f\u00fcr. Bu y\u00fczden psikolojik deste\u011fi almaktan \u00e7ekinmeyin.<\/p>\n<h3><img loading=\"lazy\" decoding=\"async\" class=\"alignnone size-full wp-image-231407\" src=\"https:\/\/www.tgrthaber.com\/mavikadin\/wp-content\/uploads\/ARZU-2025-09-05T155354.527.jpg\" alt=\"Okula yeni ba\u015flayan \u00e7ocuklar\u0131n psikolojisine dikkat!\" width=\"1208\" height=\"680\" title=\"\" srcset=\"https:\/\/www.tgrthaber.com\/mavikadin\/wp-content\/uploads\/ARZU-2025-09-05T155354.527.jpg 1208w, https:\/\/www.tgrthaber.com\/mavikadin\/wp-content\/uploads\/ARZU-2025-09-05T155354.527-300x169.jpg 300w, https:\/\/www.tgrthaber.com\/mavikadin\/wp-content\/uploads\/ARZU-2025-09-05T155354.527-1024x576.jpg 1024w, https:\/\/www.tgrthaber.com\/mavikadin\/wp-content\/uploads\/ARZU-2025-09-05T155354.527-768x432.jpg 768w\" sizes=\"(max-width: 1208px) 100vw, 1208px\" \/><\/h3>\n<hr \/>\n<h3>SIK\u00c7A SORULAN SORULAR<\/h3>\n<ul>\n<li><strong>\u00c7ocuklar okula ba\u015flarken neden kayg\u0131 ya\u015far?<\/strong><\/li>\n<\/ul>\n<p>\u00c7ocuklar i\u00e7in yeni bir ortam ve bilinmezlik anlam\u0131na gelmektedir. Bu da onlarda kayg\u0131 edinmesine ve endi\u015fe duymas\u0131na neden olur.<\/p>\n<ul>\n<li><strong>\u00c7ocuklar\u0131n okula gitmek istememesi normal mi?<\/strong><\/li>\n<\/ul>\n<p>\u00d6zellikle ilk haftalarda bu durum s\u0131k\u00e7a g\u00f6r\u00fcl\u00fcr. b\u00f6yle bir durumda \u00e7ocu\u011fu zorlamak yerine onlara okul e\u011flenceli oldu\u011funu ve \u00e7ok mutlu olaca\u011f\u0131n\u0131 a\u00e7\u0131klamak da gerekir.<\/p>\n","protected":false},"excerpt":{"rendered":"<p>\u00c7ocuklar\u0131n okul zamanlar\u0131 geldi \u00e7att\u0131. \u00d6zellikle okula yeni ba\u015flayan \u00e7ocuklar tatl\u0131 bir heyecan i\u00e7inde olurlar. Yeni arkada\u015flar edinir ve hayatlar\u0131 boyunca \u00f6\u011frenecekleri yeni bilgiler i\u00e7in olduk\u00e7a merakl\u0131 olurlar. Bizler de okula yeni ba\u015flayan \u00e7ocuklar i\u00e7in ebeveynlerin \tdikkat etmeleri gerekenleri ara\u015ft\u0131rd\u0131k. \u0130\u015fte detaylar\u2026<\/p>\n","protected":false},"author":34,"featured_media":231405,"comment_status":"closed","ping_status":"closed","sticky":false,"template":"","format":"standard","meta":{"rank_math_lock_modified_date":false,"footnotes":""},"categories":[111],"tags":[18350,113,40856,61557],"class_list":["post-231388","post","type-post","status-publish","format-standard","has-post-thumbnail","hentry","category-anne-cocuk","tag-anne-cocuk-haberleri","tag-cocuk","tag-okul","tag-okula-yeni-baslayan-cocuk"],"_links":{"self":[{"href":"https:\/\/www.tgrthaber.com\/mavikadin\/wp-json\/wp\/v2\/posts\/231388"}],"collection":[{"href":"https:\/\/www.tgrthaber.com\/mavikadin\/wp-json\/wp\/v2\/posts"}],"about":[{"href":"https:\/\/www.tgrthaber.com\/mavikadin\/wp-json\/wp\/v2\/types\/post"}],"author":[{"embeddable":true,"href":"https:\/\/www.tgrthaber.com\/mavikadin\/wp-json\/wp\/v2\/users\/34"}],"replies":[{"embeddable":true,"href":"https:\/\/www.tgrthaber.com\/mavikadin\/wp-json\/wp\/v2\/comments?post=231388"}],"version-history":[{"count":3,"href":"https:\/\/www.tgrthaber.com\/mavikadin\/wp-json\/wp\/v2\/posts\/231388\/revisions"}],"predecessor-version":[{"id":231416,"href":"https:\/\/www.tgrthaber.com\/mavikadin\/wp-json\/wp\/v2\/posts\/231388\/revisions\/231416"}],"wp:featuredmedia":[{"embeddable":true,"href":"https:\/\/www.tgrthaber.com\/mavikadin\/wp-json\/wp\/v2\/media\/231405"}],"wp:attachment":[{"href":"https:\/\/www.tgrthaber.com\/mavikadin\/wp-json\/wp\/v2\/media?parent=231388"}],"wp:term":[{"taxonomy":"category","embeddable":true,"href":"https:\/\/www.tgrthaber.com\/mavikadin\/wp-json\/wp\/v2\/categories?post=231388"},{"taxonomy":"post_tag","embeddable":true,"href":"https:\/\/www.tgrthaber.com\/mavikadin\/wp-json\/wp\/v2\/tags?post=231388"}],"curies":[{"name":"wp","href":"https:\/\/api.w.org\/{rel}","templated":true}]}}