{"id":231417,"date":"2025-09-05T16:14:36","date_gmt":"2025-09-05T13:14:36","guid":{"rendered":"https:\/\/www.tgrthaber.com\/mavikadin\/?p=231417"},"modified":"2025-09-05T16:38:51","modified_gmt":"2025-09-05T13:38:51","slug":"fikret-orman-kimlerle-evlendi-fikret-ormanin-cocuklari-var-mi","status":"publish","type":"post","link":"https:\/\/www.tgrthaber.com\/mavikadin\/fikret-orman-kimlerle-evlendi-fikret-ormanin-cocuklari-var-mi\/","title":{"rendered":"Fikret Orman kimlerle evlendi? Fikret Orman\u2019\u0131n \u00e7ocuklar\u0131 var m\u0131?"},"content":{"rendered":"<p>\u0130\u015f insan\u0131 ve Be\u015fikta\u015f\u2019\u0131n eski ba\u015fkan\u0131 Fikret Orman, Mehmet Ali Erbil\u2019in eski e\u015fi Tu\u011fba \u00c7o\u015fkun\u2019dan sonra G\u00fczide Duran ile birlikte bas\u0131nda boy g\u00f6steriyor. Bo\u015fanma a\u015famas\u0131nda olan Duran ile Fikret Orman\u2019\u0131n birliktelikleri magazin bas\u0131n\u0131n takibinde. \u015euan bekar olan Fikret Orman kimlerle evlendi? Fikret Orman\u2019\u0131n \u00e7ocuklar\u0131 var m\u0131?<\/p>\n<h3>F\u0130KRET ORMAN K\u0130MLERLE EVLEND\u0130?<\/h3>\n<p>Fikret Orman\u2019\u0131n ismi son senelerde \u00fcnl\u00fc isimlerle an\u0131l\u0131yor. Ge\u00e7ti\u011fimiz g\u00fcnlerde eski manken G\u00fczide Duran ile birlikte g\u00f6r\u00fcnt\u00fclenen Fikret Orman\u2019\u0131n daha \u00f6nce ka\u00e7 evlilik yapt\u0131\u011f\u0131 ve kimlerle evlendi\u011fi merak konusu oldu.<\/p>\n<p><img loading=\"lazy\" decoding=\"async\" class=\"size-full wp-image-231419 aligncenter\" src=\"https:\/\/www.tgrthaber.com\/mavikadin\/wp-content\/uploads\/fikret-orman-kimlerle-evlendi-fikret-orman-in-cocuklari-var-mi-5.jpg\" alt=\"\" width=\"1208\" height=\"680\" title=\"\" srcset=\"https:\/\/www.tgrthaber.com\/mavikadin\/wp-content\/uploads\/fikret-orman-kimlerle-evlendi-fikret-orman-in-cocuklari-var-mi-5.jpg 1208w, https:\/\/www.tgrthaber.com\/mavikadin\/wp-content\/uploads\/fikret-orman-kimlerle-evlendi-fikret-orman-in-cocuklari-var-mi-5-300x169.jpg 300w, https:\/\/www.tgrthaber.com\/mavikadin\/wp-content\/uploads\/fikret-orman-kimlerle-evlendi-fikret-orman-in-cocuklari-var-mi-5-1024x576.jpg 1024w, https:\/\/www.tgrthaber.com\/mavikadin\/wp-content\/uploads\/fikret-orman-kimlerle-evlendi-fikret-orman-in-cocuklari-var-mi-5-768x432.jpg 768w\" sizes=\"(max-width: 1208px) 100vw, 1208px\" \/><\/p>\n<hr \/>\n<p>Fikret Orman yaln\u0131zca 1 evlilik yapm\u0131\u015ft\u0131r. Fikret Orman 1992 y\u0131l\u0131nda Sedef Zaim ile evlendi. Fikret Orman, Sedef Zaim \u00e7iftinin evlili\u011fi 20 sene s\u00fcrd\u00fc. \u00c7ift 2012 y\u0131l\u0131nda bo\u015fand\u0131. Fikret Orman 2012 senesinden bu yana ya\u015fam\u0131n\u0131 bekar olarak devam ettirmektedir.<\/p>\n<p><img loading=\"lazy\" decoding=\"async\" class=\"size-full wp-image-231420 aligncenter\" src=\"https:\/\/www.tgrthaber.com\/mavikadin\/wp-content\/uploads\/fikret-orman-kimlerle-evlendi-fikret-orman-in-cocuklari-var-mi-7.jpg\" alt=\"\" width=\"1208\" height=\"680\" title=\"\" srcset=\"https:\/\/www.tgrthaber.com\/mavikadin\/wp-content\/uploads\/fikret-orman-kimlerle-evlendi-fikret-orman-in-cocuklari-var-mi-7.jpg 1208w, https:\/\/www.tgrthaber.com\/mavikadin\/wp-content\/uploads\/fikret-orman-kimlerle-evlendi-fikret-orman-in-cocuklari-var-mi-7-300x169.jpg 300w, https:\/\/www.tgrthaber.com\/mavikadin\/wp-content\/uploads\/fikret-orman-kimlerle-evlendi-fikret-orman-in-cocuklari-var-mi-7-1024x576.jpg 1024w, https:\/\/www.tgrthaber.com\/mavikadin\/wp-content\/uploads\/fikret-orman-kimlerle-evlendi-fikret-orman-in-cocuklari-var-mi-7-768x432.jpg 768w\" sizes=\"(max-width: 1208px) 100vw, 1208px\" \/><\/p>\n<hr \/>\n<h3>F\u0130KRET ORMAN\u2019IN \u00c7OCUKLARI VAR MI?<\/h3>\n<p>Fikret Orman\u2019\u0131n \u00e7ocuklar\u0131n\u0131n olup olmad\u0131\u011f\u0131 da ara\u015ft\u0131r\u0131l\u0131p merak ediliyor. Fikret Orman\u2019\u0131n Sedef Zaim ile olan evlili\u011finden Asl\u0131g\u00fcl Orman ve Nazl\u0131 Orman adlar\u0131nda 2 k\u0131z\u0131 bulunmaktad\u0131r.<\/p>\n<p><img loading=\"lazy\" decoding=\"async\" class=\"size-full wp-image-231421 aligncenter\" src=\"https:\/\/www.tgrthaber.com\/mavikadin\/wp-content\/uploads\/fikret-orman-kimlerle-evlendi-fikret-orman-in-cocuklari-var-mi-6.jpg\" alt=\"\" width=\"1208\" height=\"680\" title=\"\" srcset=\"https:\/\/www.tgrthaber.com\/mavikadin\/wp-content\/uploads\/fikret-orman-kimlerle-evlendi-fikret-orman-in-cocuklari-var-mi-6.jpg 1208w, https:\/\/www.tgrthaber.com\/mavikadin\/wp-content\/uploads\/fikret-orman-kimlerle-evlendi-fikret-orman-in-cocuklari-var-mi-6-300x169.jpg 300w, https:\/\/www.tgrthaber.com\/mavikadin\/wp-content\/uploads\/fikret-orman-kimlerle-evlendi-fikret-orman-in-cocuklari-var-mi-6-1024x576.jpg 1024w, https:\/\/www.tgrthaber.com\/mavikadin\/wp-content\/uploads\/fikret-orman-kimlerle-evlendi-fikret-orman-in-cocuklari-var-mi-6-768x432.jpg 768w\" sizes=\"(max-width: 1208px) 100vw, 1208px\" \/><\/p>\n<hr \/>\n<h3>F\u0130KRET ORMAN K\u0130MD\u0130R?<\/h3>\n<p>Fikret Orman T\u00fcrk i\u015f insan\u0131, in\u015faat m\u00fchendisi ve Be\u015fikta\u015f eski ba\u015fkanlar\u0131ndand\u0131r.<\/p>\n<p><img loading=\"lazy\" decoding=\"async\" class=\"size-full wp-image-231422 aligncenter\" src=\"https:\/\/www.tgrthaber.com\/mavikadin\/wp-content\/uploads\/fikret-orman-kimlerle-evlendi-fikret-orman-in-cocuklari-var-mi-3.jpg\" alt=\"\" width=\"1208\" height=\"680\" title=\"\" srcset=\"https:\/\/www.tgrthaber.com\/mavikadin\/wp-content\/uploads\/fikret-orman-kimlerle-evlendi-fikret-orman-in-cocuklari-var-mi-3.jpg 1208w, https:\/\/www.tgrthaber.com\/mavikadin\/wp-content\/uploads\/fikret-orman-kimlerle-evlendi-fikret-orman-in-cocuklari-var-mi-3-300x169.jpg 300w, https:\/\/www.tgrthaber.com\/mavikadin\/wp-content\/uploads\/fikret-orman-kimlerle-evlendi-fikret-orman-in-cocuklari-var-mi-3-1024x576.jpg 1024w, https:\/\/www.tgrthaber.com\/mavikadin\/wp-content\/uploads\/fikret-orman-kimlerle-evlendi-fikret-orman-in-cocuklari-var-mi-3-768x432.jpg 768w\" sizes=\"(max-width: 1208px) 100vw, 1208px\" \/><\/p>\n<hr \/>\n<p>4 Kas\u0131m 1967 tarihinde \u0130stanbul\u2019da 3. Levent\u2019te do\u011fdu. Fikret Orman\u2019\u0131n babas\u0131 Abd\u00fclkadir Orman, annesi ise Nuran Orman\u2019d\u0131r. Abd\u00fclkadir Orman, bir d\u00f6nem Be\u015fikta\u015f Kul\u00fcb\u00fc\u2019n\u00fcn eski eski y\u00f6neticilerindendi, y\u00f6netim kurulu \u00fcyelerinden olarak g\u00f6rev alm\u0131\u015ft\u0131. Fikret Orman\u2019\u0131n \u00dcmit ve K\u0131smet adlar\u0131nda 2 karde\u015fi bulunuyor.<\/p>\n<p><img loading=\"lazy\" decoding=\"async\" class=\"size-full wp-image-231423 aligncenter\" src=\"https:\/\/www.tgrthaber.com\/mavikadin\/wp-content\/uploads\/fikret-orman-kimlerle-evlendi-fikret-orman-in-cocuklari-var-mi-2.jpg\" alt=\"\" width=\"1208\" height=\"680\" title=\"\" srcset=\"https:\/\/www.tgrthaber.com\/mavikadin\/wp-content\/uploads\/fikret-orman-kimlerle-evlendi-fikret-orman-in-cocuklari-var-mi-2.jpg 1208w, https:\/\/www.tgrthaber.com\/mavikadin\/wp-content\/uploads\/fikret-orman-kimlerle-evlendi-fikret-orman-in-cocuklari-var-mi-2-300x169.jpg 300w, https:\/\/www.tgrthaber.com\/mavikadin\/wp-content\/uploads\/fikret-orman-kimlerle-evlendi-fikret-orman-in-cocuklari-var-mi-2-1024x576.jpg 1024w, https:\/\/www.tgrthaber.com\/mavikadin\/wp-content\/uploads\/fikret-orman-kimlerle-evlendi-fikret-orman-in-cocuklari-var-mi-2-768x432.jpg 768w\" sizes=\"(max-width: 1208px) 100vw, 1208px\" \/><\/p>\n<hr \/>\n<p>Levent \u0130lkokulunu bitirdi. Orta\u00f6\u011fretimi \u0130stanbul \u00d6zel I\u015f\u0131k Lisesi\u2019nde tamamlad\u0131. Y\u0131ld\u0131z Teknik \u00dcniversitesi \u0130n\u015faat M\u00fchendisli\u011fi b\u00f6l\u00fcm\u00fcnden mezun oldu. Daha sonra e\u011fitimine ABD Florida \u00dcniversitesinde devam etti.<\/p>\n<p><img loading=\"lazy\" decoding=\"async\" class=\"size-full wp-image-231424 aligncenter\" src=\"https:\/\/www.tgrthaber.com\/mavikadin\/wp-content\/uploads\/fikret-orman-kimlerle-evlendi-fikret-orman-in-cocuklari-var-mi-4.jpg\" alt=\"\" width=\"1208\" height=\"680\" title=\"\" srcset=\"https:\/\/www.tgrthaber.com\/mavikadin\/wp-content\/uploads\/fikret-orman-kimlerle-evlendi-fikret-orman-in-cocuklari-var-mi-4.jpg 1208w, https:\/\/www.tgrthaber.com\/mavikadin\/wp-content\/uploads\/fikret-orman-kimlerle-evlendi-fikret-orman-in-cocuklari-var-mi-4-300x169.jpg 300w, https:\/\/www.tgrthaber.com\/mavikadin\/wp-content\/uploads\/fikret-orman-kimlerle-evlendi-fikret-orman-in-cocuklari-var-mi-4-1024x576.jpg 1024w, https:\/\/www.tgrthaber.com\/mavikadin\/wp-content\/uploads\/fikret-orman-kimlerle-evlendi-fikret-orman-in-cocuklari-var-mi-4-768x432.jpg 768w\" sizes=\"(max-width: 1208px) 100vw, 1208px\" \/><\/p>\n<hr \/>\n<p>24 Ya\u015f\u0131ndayken Sedef Zaim ile evlendi. Fikret Orman, Sedef Zaim \u00e7iftinin bu evlilikten 2 k\u0131zlar\u0131 d\u00fcnyaya geldi. Fikret Orman, Orsan Yedek Par\u00e7a San. ve Knorr-Orsan Ticari Ara\u00e7 Sis. Ltd. \u015firketlerinde Y\u00f6netim Kurulu \u00dcyesi olarak kariyerini s\u00fcrd\u00fcrmektedir.<\/p>\n","protected":false},"excerpt":{"rendered":"<p>Be\u015fikta\u015f\u2019\u0131n eski ba\u015fkan\u0131 ve i\u015f insan\u0131 Fikret Orman son senelerde birliktelik ya\u015fad\u0131\u011f\u0131 \u00fcnl\u00fc kad\u0131nlarla s\u0131k s\u0131k magazin bas\u0131n\u0131na yakalan\u0131yor. G\u00f6zde bekar Fikret Orman\u2019\u0131n daha \u00f6nce kimlerle evlendi\u011fi merak edildi. Fikret Orman kimlerle evlendi? Fikret Orman\u2019\u0131n \u00e7ocuklar\u0131 var m\u0131? <\/p>\n","protected":false},"author":30,"featured_media":231418,"comment_status":"closed","ping_status":"closed","sticky":false,"template":"","format":"standard","meta":{"rank_math_lock_modified_date":false,"footnotes":""},"categories":[491],"tags":[16521,13193,61561,61559,61560,61558],"class_list":["post-231417","post","type-post","status-publish","format-standard","has-post-thumbnail","hentry","category-biyografi","tag-biyografi-haberleri","tag-fikret-orman","tag-fikret-orman-cocuklari","tag-fikret-orman-karisi","tag-fikret-orman-kimlerle-evlendi","tag-sedef-zaim"],"_links":{"self":[{"href":"https:\/\/www.tgrthaber.com\/mavikadin\/wp-json\/wp\/v2\/posts\/231417"}],"collection":[{"href":"https:\/\/www.tgrthaber.com\/mavikadin\/wp-json\/wp\/v2\/posts"}],"about":[{"href":"https:\/\/www.tgrthaber.com\/mavikadin\/wp-json\/wp\/v2\/types\/post"}],"author":[{"embeddable":true,"href":"https:\/\/www.tgrthaber.com\/mavikadin\/wp-json\/wp\/v2\/users\/30"}],"replies":[{"embeddable":true,"href":"https:\/\/www.tgrthaber.com\/mavikadin\/wp-json\/wp\/v2\/comments?post=231417"}],"version-history":[{"count":2,"href":"https:\/\/www.tgrthaber.com\/mavikadin\/wp-json\/wp\/v2\/posts\/231417\/revisions"}],"predecessor-version":[{"id":231426,"href":"https:\/\/www.tgrthaber.com\/mavikadin\/wp-json\/wp\/v2\/posts\/231417\/revisions\/231426"}],"wp:featuredmedia":[{"embeddable":true,"href":"https:\/\/www.tgrthaber.com\/mavikadin\/wp-json\/wp\/v2\/media\/231418"}],"wp:attachment":[{"href":"https:\/\/www.tgrthaber.com\/mavikadin\/wp-json\/wp\/v2\/media?parent=231417"}],"wp:term":[{"taxonomy":"category","embeddable":true,"href":"https:\/\/www.tgrthaber.com\/mavikadin\/wp-json\/wp\/v2\/categories?post=231417"},{"taxonomy":"post_tag","embeddable":true,"href":"https:\/\/www.tgrthaber.com\/mavikadin\/wp-json\/wp\/v2\/tags?post=231417"}],"curies":[{"name":"wp","href":"https:\/\/api.w.org\/{rel}","templated":true}]}}