{"id":231447,"date":"2025-09-05T17:05:15","date_gmt":"2025-09-05T14:05:15","guid":{"rendered":"https:\/\/www.tgrthaber.com\/mavikadin\/?p=231447"},"modified":"2025-09-05T17:05:15","modified_gmt":"2025-09-05T14:05:15","slug":"parmaklarda-sik-sik-gorulen-egzamaya-son-tarifini-ibn-i-sina-verdi","status":"publish","type":"post","link":"https:\/\/www.tgrthaber.com\/mavikadin\/parmaklarda-sik-sik-gorulen-egzamaya-son-tarifini-ibn-i-sina-verdi\/","title":{"rendered":"Parmaklarda s\u0131k s\u0131k g\u00f6r\u00fclen egzamaya son! Tarifini \u0130bn-i Sina verdi"},"content":{"rendered":"<p>Parmaklarda g\u00f6r\u00fclen egzamaya do\u011fal \u00e7areler aran\u0131yor. G\u00fcnl\u00fck hayat\u0131 adeta \u00e7ekilmez hale getirebilen ve \u00f6zellikle parmaklarda g\u00f6r\u00fclen egzamaya kar\u015f\u0131 \u0130bn-i Sina&#8217;n\u0131n y\u00fczy\u0131llar \u00f6nce \u00f6nerdi\u011fi tarifler yeniden g\u00fcndemde. \u0130\u015fte egzama \u015fikayeti olanlara \u0130bn-i Sina2n\u0131n \u00f6nerdi\u011fi o tarif&#8230;<\/p>\n<h3>PARMAKLARDA SIK SIK G\u00d6R\u00dcLEN EGZAMAYA SON! TAR\u0130F\u0130N\u0130 \u0130BN-\u0130 S\u0130NA VERD\u0130<\/h3>\n<p>Do\u011fal ya\u011flar ve merhemler egzama \u015fikayeti olanlar\u0131n son zamanlarda ba\u015fvurduklar\u0131 \u00e7\u00f6z\u00fcm yollar\u0131 aras\u0131nda yer al\u0131yor. G\u00fcn\u00fcm\u00fczde \u0130bn-i Sina2n\u0131n y\u00fczy\u0131llar \u00f6nce yazd\u0131\u011f\u0131 tarif ise olduk\u00e7a dikkat \u00e7ekti. \u0130\u015fte parmaklarda s\u0131k s\u0131k g\u00f6r\u00fclen egzamaya \u0130bn-i Sina tarifinde kullan\u0131lacak malzemeler&#8230;<\/p>\n<p><img loading=\"lazy\" decoding=\"async\" class=\"alignnone wp-image-231454\" src=\"https:\/\/www.tgrthaber.com\/mavikadin\/wp-content\/uploads\/k_06092951_ibnisinamj-1-300x169.jpg\" alt=\"\" width=\"1208\" height=\"679\" title=\"\" srcset=\"https:\/\/www.tgrthaber.com\/mavikadin\/wp-content\/uploads\/k_06092951_ibnisinamj-1-300x169.jpg 300w, https:\/\/www.tgrthaber.com\/mavikadin\/wp-content\/uploads\/k_06092951_ibnisinamj-1-1024x575.jpg 1024w, https:\/\/www.tgrthaber.com\/mavikadin\/wp-content\/uploads\/k_06092951_ibnisinamj-1-768x431.jpg 768w, https:\/\/www.tgrthaber.com\/mavikadin\/wp-content\/uploads\/k_06092951_ibnisinamj-1.jpg 1150w\" sizes=\"(max-width: 1208px) 100vw, 1208px\" \/><\/p>\n<hr \/>\n<p>\u0130bn-i Sina&#8217;n\u0131n re\u00e7etesi sadece 3 malzemeden olu\u015fuyor:<\/p>\n<p>50 gram ferula k\u00f6k\u00fc ya da halk aras\u0131nda \u00e7ak\u015f\u0131r otu<\/p>\n<p>200 mililitre elma sirkesi<\/p>\n<p>1 yemek ka\u015f\u0131\u011f\u0131 bal<\/p>\n<p><img loading=\"lazy\" decoding=\"async\" class=\"alignnone wp-image-231451\" src=\"https:\/\/www.tgrthaber.com\/mavikadin\/wp-content\/uploads\/5fdb51225542810a78964ebc-300x165.webp\" alt=\"\" width=\"1208\" height=\"663\" title=\"\" srcset=\"https:\/\/www.tgrthaber.com\/mavikadin\/wp-content\/uploads\/5fdb51225542810a78964ebc-300x165.webp 300w, https:\/\/www.tgrthaber.com\/mavikadin\/wp-content\/uploads\/5fdb51225542810a78964ebc-768x422.webp 768w, https:\/\/www.tgrthaber.com\/mavikadin\/wp-content\/uploads\/5fdb51225542810a78964ebc.webp 869w\" sizes=\"(max-width: 1208px) 100vw, 1208px\" \/><\/p>\n<hr \/>\n<p>Geleneksel t\u0131pta ferula k\u00f6k\u00fc iltihap giderici \u00f6zelli\u011fi i\u00e7in kullan\u0131l\u0131yordu. Bal ise cildi besliyor, nemlendiriyor ve nakterilere kar\u015f\u0131 da koruyor. Elma sirkesindeki asidik yap\u0131 ciltteki dengeyi sa\u011flamaya yard\u0131mc\u0131 oluyor. \u015eimdi gelelim \u0130bn-i Sina&#8217;n\u0131n egzama tarifini nas\u0131l uygulamam\u0131z gerekti\u011fine&#8230;<\/p>\n<p><img loading=\"lazy\" decoding=\"async\" class=\"alignnone wp-image-231453\" src=\"https:\/\/www.tgrthaber.com\/mavikadin\/wp-content\/uploads\/shutterstock_1148963633-scaled-1-300x200.jpg\" alt=\"\" width=\"1208\" height=\"805\" title=\"\" srcset=\"https:\/\/www.tgrthaber.com\/mavikadin\/wp-content\/uploads\/shutterstock_1148963633-scaled-1-300x200.jpg 300w, https:\/\/www.tgrthaber.com\/mavikadin\/wp-content\/uploads\/shutterstock_1148963633-scaled-1-1024x683.jpg 1024w, https:\/\/www.tgrthaber.com\/mavikadin\/wp-content\/uploads\/shutterstock_1148963633-scaled-1-768x512.jpg 768w, https:\/\/www.tgrthaber.com\/mavikadin\/wp-content\/uploads\/shutterstock_1148963633-scaled-1-1536x1024.jpg 1536w, https:\/\/www.tgrthaber.com\/mavikadin\/wp-content\/uploads\/shutterstock_1148963633-scaled-1-2048x1366.jpg 2048w\" sizes=\"(max-width: 1208px) 100vw, 1208px\" \/><\/p>\n<hr \/>\n<h3>\u0130BN-\u0130 S\u0130NA EGZAMA TAR\u0130F\u0130 NASIL UYGULANIYOR?<\/h3>\n<p>\u0130bn-i Sina&#8217;n\u0131n egzama re\u00e7etesi i\u00e7in verdi\u011fi malzemelerin hepsini bir kavanoza doldurun. Kapa\u011f\u0131 s\u0131k\u0131ca kapatt\u0131ktan sonra serin ve g\u00fcne\u015f almayan bir ortamda bekletin. \u0130ki hafta boyunca bekletti\u011finiz kavanozu her g\u00fcn \u00e7alkalay\u0131n. Haz\u0131rlad\u0131\u011f\u0131n\u0131z bu kar\u0131\u015f\u0131m\u0131 daha sonra pamuk yard\u0131m\u0131yla egzama olan parmaklara s\u00fcr\u00fcn. Baz\u0131 tariflerde ise s\u00fcr\u00fclen kar\u0131\u015f\u0131m\u0131n bir bez yard\u0131m\u0131yla s\u00fcr\u00fcl\u00fcp yar\u0131m saat bekletilmesini de \u00f6neriyor.<\/p>\n<p><img loading=\"lazy\" decoding=\"async\" class=\"alignnone wp-image-231452\" src=\"https:\/\/www.tgrthaber.com\/mavikadin\/wp-content\/uploads\/eldeki-egzamayi-dindiren-yontem-pfmc_cover-300x169.webp\" alt=\"\" width=\"1208\" height=\"680\" title=\"\" srcset=\"https:\/\/www.tgrthaber.com\/mavikadin\/wp-content\/uploads\/eldeki-egzamayi-dindiren-yontem-pfmc_cover-300x169.webp 300w, https:\/\/www.tgrthaber.com\/mavikadin\/wp-content\/uploads\/eldeki-egzamayi-dindiren-yontem-pfmc_cover-1024x576.webp 1024w, https:\/\/www.tgrthaber.com\/mavikadin\/wp-content\/uploads\/eldeki-egzamayi-dindiren-yontem-pfmc_cover-768x432.webp 768w, https:\/\/www.tgrthaber.com\/mavikadin\/wp-content\/uploads\/eldeki-egzamayi-dindiren-yontem-pfmc_cover.webp 1280w\" sizes=\"(max-width: 1208px) 100vw, 1208px\" \/><\/p>\n<hr \/>\n<h3>ELLERDE EGZAMA NEDEN OLUR?<\/h3>\n<p>Genetik yatk\u0131nl\u0131k egzamada olduk\u00e7a yayg\u0131nd\u0131r. Ailesinde egzama \u015fikayeti olan kimseler bu konuda daha hassas olabiliyor. Ayr\u0131ca alerjik b\u00fcnyeye sahip ki\u015filerde temizlik \u00fcr\u00fcnleri, kimyasal deterjanlar, parf\u00fcmler de egzaman\u0131n ortaya \u00e7\u0131kmas\u0131na neden olur.<\/p>\n<p>Cilt kurulu\u011fu da egzamaya neden olan fakt\u00f6rler aras\u0131nda yer al\u0131yor. So\u011fuk hava, \u00e7ok s\u0131k el y\u0131kama ve cilt bak\u0131m\u0131nda yanl\u0131\u015f \u00fcr\u00fcn kullan\u0131m\u0131 cildin nem dengesini bozarak ka\u015f\u0131nt\u0131, k\u0131zar\u0131kl\u0131k ve \u00e7atlamalara sebep olabilir. Yine stres bu noktada g\u00f6z ard\u0131 edilmemeli. \u00c7\u00fcnk\u00fc egzaman\u0131n bir di\u011fer nedeni de strese ba\u011fl\u0131 geli\u015fmesidir.<\/p>\n<p><img loading=\"lazy\" decoding=\"async\" class=\"alignnone wp-image-231455\" src=\"https:\/\/www.tgrthaber.com\/mavikadin\/wp-content\/uploads\/egzama-nedir-ne-iyi-gelir-egzama-nedenleri-ve-belirtileri-1715630166-259_large-1-300x158.webp\" alt=\"\" width=\"1208\" height=\"634\" title=\"\" srcset=\"https:\/\/www.tgrthaber.com\/mavikadin\/wp-content\/uploads\/egzama-nedir-ne-iyi-gelir-egzama-nedenleri-ve-belirtileri-1715630166-259_large-1-300x158.webp 300w, https:\/\/www.tgrthaber.com\/mavikadin\/wp-content\/uploads\/egzama-nedir-ne-iyi-gelir-egzama-nedenleri-ve-belirtileri-1715630166-259_large-1-1024x538.webp 1024w, https:\/\/www.tgrthaber.com\/mavikadin\/wp-content\/uploads\/egzama-nedir-ne-iyi-gelir-egzama-nedenleri-ve-belirtileri-1715630166-259_large-1-768x403.webp 768w, https:\/\/www.tgrthaber.com\/mavikadin\/wp-content\/uploads\/egzama-nedir-ne-iyi-gelir-egzama-nedenleri-ve-belirtileri-1715630166-259_large-1.webp 1200w\" sizes=\"(max-width: 1208px) 100vw, 1208px\" \/><\/p>\n<hr \/>\n<h3>EGZAMA NEY\u0130N BEL\u0130RT\u0130S\u0130D\u0130R?<\/h3>\n<p>Ellerimiz g\u00fcnl\u00fck hayatta en \u00e7ok kulland\u0131\u011f\u0131m\u0131z organ\u0131m\u0131zd\u0131r. Parmaklarda ve avu\u00e7 i\u00e7lerinde g\u00f6r\u00fclen egzama, bu nedenle \u00e7ok masum olmayabiliyor. Y\u00fczeysel bir cilt sorunu olarak alg\u0131lanmamas\u0131 gerekilen bu hastal\u0131\u011f\u0131n alt\u0131nda yatan baz\u0131 ciddi sebepler bulunabilir.<\/p>\n<p>Ba\u011f\u0131\u015f\u0131kl\u0131k sistemin zay\u0131flamas\u0131 veya kronik alerjik rahats\u0131zl\u0131\u011f\u0131 bulunanlarda egzama daha \u00e7ok tekrarlar. Sadece egzama olan b\u00f6lgeye krem s\u00fcrmek yerine alt\u0131nda yatan neden ara\u015ft\u0131r\u0131lmal\u0131 on g\u00f6re tedavi y\u00f6ntemi geli\u015ftirilmelidir.<\/p>\n<p><img loading=\"lazy\" decoding=\"async\" class=\"alignnone wp-image-231450\" src=\"https:\/\/www.tgrthaber.com\/mavikadin\/wp-content\/uploads\/i-1-46-300x200.webp\" alt=\"\" width=\"1208\" height=\"805\" title=\"\" srcset=\"https:\/\/www.tgrthaber.com\/mavikadin\/wp-content\/uploads\/i-1-46-300x200.webp 300w, https:\/\/www.tgrthaber.com\/mavikadin\/wp-content\/uploads\/i-1-46.webp 480w\" sizes=\"(max-width: 1208px) 100vw, 1208px\" \/><\/p>\n<hr \/>\n<h3>EN SIK SORULAN SORULAR VE CEVAPLARI<\/h3>\n<h3>El egzamas\u0131 bula\u015f\u0131c\u0131 m\u0131d\u0131r?<\/h3>\n<p>El egzamas\u0131 bula\u015f\u0131c\u0131 de\u011fildir.<\/p>\n<h3>Do\u011fal ya\u011flar egzamay\u0131 iyile\u015ftirir mi?<\/h3>\n<p>Baz\u0131 bitkisel i\u00e7erikli do\u011fal ya\u011flar cildi sakinle\u015ftirip yumu\u015fat\u0131r. Fakat yanl\u0131\u015f kullan\u0131lan \u00fcr\u00fcnlerde tahri\u015f oran\u0131 artabilir. Bu nedenle doktor kontrol\u00fcnde \u00fcr\u00fcn kullan\u0131lmal\u0131d\u0131r.<\/p>\n<h3>Kortizonlu kremler zararl\u0131 m\u0131?<\/h3>\n<p>\u00d6l\u00e7\u00fcl\u00fc ve doktor kontrol\u00fcnde kullan\u0131l\u0131rsa fayda sa\u011flayabilir ancak kontrols\u00fcz ve bilin\u00e7sizce kullan\u0131m cilde zarar verir.<\/p>\n","protected":false},"excerpt":{"rendered":"<p>Parmaklarda g\u00f6r\u00fclen ka\u015f\u0131nt\u0131, kuruluk ya da \u00e7atlaklar olduk\u00e7a can s\u0131k\u0131c\u0131 olabiliyor. G\u00fcnl\u00fck hayat\u0131 zorla\u015ft\u0131ran egzamaya \u00e7are ise \u0130bn-i Sina&#8217;dan geldi. \u0130bn-i Sina&#8217;n\u0131n re\u00e7etesi bu dertten m\u00fczdarip olanlar i\u00e7in resmen bir bi\u00e7ilmi\u015f kaftan. \u0130\u015fte parmaklarda s\u0131k s\u0131k g\u00f6r\u00fclen egzamaya \u0130bn-i Sina tarifi&#8230;<\/p>\n","protected":false},"author":35,"featured_media":231448,"comment_status":"closed","ping_status":"closed","sticky":false,"template":"","format":"standard","meta":{"rank_math_lock_modified_date":false,"footnotes":""},"categories":[1991],"tags":[10425,61563,61564,6637,173],"class_list":["post-231447","post","type-post","status-publish","format-standard","has-post-thumbnail","hentry","category-saglik","tag-egzama","tag-egzama-nasil-gecer","tag-egzama-neden-olur","tag-ibni-sina","tag-saglik"],"_links":{"self":[{"href":"https:\/\/www.tgrthaber.com\/mavikadin\/wp-json\/wp\/v2\/posts\/231447"}],"collection":[{"href":"https:\/\/www.tgrthaber.com\/mavikadin\/wp-json\/wp\/v2\/posts"}],"about":[{"href":"https:\/\/www.tgrthaber.com\/mavikadin\/wp-json\/wp\/v2\/types\/post"}],"author":[{"embeddable":true,"href":"https:\/\/www.tgrthaber.com\/mavikadin\/wp-json\/wp\/v2\/users\/35"}],"replies":[{"embeddable":true,"href":"https:\/\/www.tgrthaber.com\/mavikadin\/wp-json\/wp\/v2\/comments?post=231447"}],"version-history":[{"count":2,"href":"https:\/\/www.tgrthaber.com\/mavikadin\/wp-json\/wp\/v2\/posts\/231447\/revisions"}],"predecessor-version":[{"id":231457,"href":"https:\/\/www.tgrthaber.com\/mavikadin\/wp-json\/wp\/v2\/posts\/231447\/revisions\/231457"}],"wp:featuredmedia":[{"embeddable":true,"href":"https:\/\/www.tgrthaber.com\/mavikadin\/wp-json\/wp\/v2\/media\/231448"}],"wp:attachment":[{"href":"https:\/\/www.tgrthaber.com\/mavikadin\/wp-json\/wp\/v2\/media?parent=231447"}],"wp:term":[{"taxonomy":"category","embeddable":true,"href":"https:\/\/www.tgrthaber.com\/mavikadin\/wp-json\/wp\/v2\/categories?post=231447"},{"taxonomy":"post_tag","embeddable":true,"href":"https:\/\/www.tgrthaber.com\/mavikadin\/wp-json\/wp\/v2\/tags?post=231447"}],"curies":[{"name":"wp","href":"https:\/\/api.w.org\/{rel}","templated":true}]}}