{"id":231468,"date":"2025-09-05T17:28:19","date_gmt":"2025-09-05T14:28:19","guid":{"rendered":"https:\/\/www.tgrthaber.com\/mavikadin\/?p=231468"},"modified":"2025-09-06T17:11:43","modified_gmt":"2025-09-06T14:11:43","slug":"masterchef-5-eylul-2025-son-eleme-adayi-kim-oldu-masterchef-dokunulmazligi-kim-kazandi","status":"publish","type":"post","link":"https:\/\/www.tgrthaber.com\/mavikadin\/masterchef-5-eylul-2025-son-eleme-adayi-kim-oldu-masterchef-dokunulmazligi-kim-kazandi\/","title":{"rendered":"MasterChef 5 Eyl\u00fcl 2025 son eleme aday\u0131 kim oldu? MasterChef dokunulmazl\u0131\u011f\u0131 kim kazand\u0131?"},"content":{"rendered":"<p class=\"p1\">TV8 ekranlar\u0131n\u0131n sevilerek seyredilen yar\u0131\u015fma program\u0131 MasterChef T\u00fcrkiye\u2019de heyecan h\u0131z kesmeden devam ediyor. Her hafta tak\u0131m oyununu kaybeden tak\u0131m kendi i\u00e7erisinde dokunulmazl\u0131k kazanmak i\u00e7in m\u00fccadele ediyor. D\u00fcn ak\u015fam 5. Ve 6. eleme adaylar\u0131n\u0131n a\u00e7\u0131kland\u0131\u011f\u0131 yar\u0131\u015fma program\u0131nda bu ak\u015fam 7. Eleme aday\u0131 belli olacak. \u0130zleyiciler 5 eyl\u00fcl 2025<span class=\"Apple-converted-space\">\u00a0 <\/span>son eleme aday\u0131 kim oldu? MasterChef dokunulmazl\u0131\u011f\u0131 kim kazand\u0131? Sorular\u0131n\u0131n cevaplar\u0131n\u0131 merak ediyor. \u0130\u015fte detaylar\u2026<\/p>\n<h3>MASTERCHEF&#8217;TE DOKUNULMAZLIK OYUNU HEYECANI HIZ KESMEDEN DEVAM ED\u0130YOR<\/h3>\n<p>TV8 ekranlar\u0131n\u0131n sevilerek seyredilen yar\u0131\u015fma program\u0131 <a href=\"https:\/\/www.tgrthaber.com\/mavikadin\/masterchefte-caglar-sezer-birbirine-girdi-hakaretler-havada-ucustu\/\">MasterChef<\/a> T\u00fcrkiye yeni sezonunda da yine heyecanl\u0131 b\u00f6l\u00fcmleriyle ekrana gelmeye devam ediyor. D\u00fcn ak\u015fam 5. ve 6. eleme aday\u0131 olarak \u00c7a\u011fatay ve Mert belirlendi. Bireysel dokunulmazl\u0131\u011f\u0131 kazanan isim ise Sezer oldu. Mavi tak\u0131m\u0131n dokunulmazl\u0131k kazand\u0131\u011f\u0131 gecede yar\u0131\u015fmac\u0131lar aras\u0131 k\u0131yas\u0131ya m\u00fccadele vard\u0131. Bu gece ise 7. son eleme aday\u0131 belirlenecek. \u015eeflerin yar\u0131\u015fmac\u0131lardan istedi\u011fi tatl\u0131 krem karamel oldu. En ba\u015far\u0131l\u0131 taba\u011f\u0131 haz\u0131rlayan gece sonunda rahat bir nefes al\u0131rken eleme aday\u0131 olan son yar\u0131\u015fmac\u0131 merak edildi.<\/p>\n<p><img loading=\"lazy\" decoding=\"async\" class=\"alignnone wp-image-231484 size-large\" src=\"https:\/\/www.tgrthaber.com\/mavikadin\/wp-content\/uploads\/Ekran-Resmi-2025-09-05-17.19.44-1024x726.png\" alt=\"\" width=\"1024\" height=\"726\" title=\"\" srcset=\"https:\/\/www.tgrthaber.com\/mavikadin\/wp-content\/uploads\/Ekran-Resmi-2025-09-05-17.19.44-1024x726.png 1024w, https:\/\/www.tgrthaber.com\/mavikadin\/wp-content\/uploads\/Ekran-Resmi-2025-09-05-17.19.44-300x213.png 300w, https:\/\/www.tgrthaber.com\/mavikadin\/wp-content\/uploads\/Ekran-Resmi-2025-09-05-17.19.44-768x545.png 768w, https:\/\/www.tgrthaber.com\/mavikadin\/wp-content\/uploads\/Ekran-Resmi-2025-09-05-17.19.44-1536x1090.png 1536w, https:\/\/www.tgrthaber.com\/mavikadin\/wp-content\/uploads\/Ekran-Resmi-2025-09-05-17.19.44.png 1776w\" sizes=\"(max-width: 1024px) 100vw, 1024px\" \/><\/p>\n<hr \/>\n<h3>MASTERCHEF DOKUNULMAZLIK OYUNUNU K\u0130M KAZANDI?<\/h3>\n<p>MasterChef dokunulmazl\u0131k oyunu kazanan\u0131 Mavi tak\u0131m oldu.<\/p>\n<h3>MASTERCHEF 7. SON ELEME ADAYI K\u0130M OLDU?<\/h3>\n<p>MasterChef 7. son eleme aday\u0131 Nisa oldu.<\/p>\n<p><img loading=\"lazy\" decoding=\"async\" class=\"alignnone wp-image-231485 size-large\" src=\"https:\/\/www.tgrthaber.com\/mavikadin\/wp-content\/uploads\/Ekran-Resmi-2025-09-05-17.19.27-1024x717.png\" alt=\"\" width=\"1024\" height=\"717\" title=\"\" srcset=\"https:\/\/www.tgrthaber.com\/mavikadin\/wp-content\/uploads\/Ekran-Resmi-2025-09-05-17.19.27-1024x717.png 1024w, https:\/\/www.tgrthaber.com\/mavikadin\/wp-content\/uploads\/Ekran-Resmi-2025-09-05-17.19.27-300x210.png 300w, https:\/\/www.tgrthaber.com\/mavikadin\/wp-content\/uploads\/Ekran-Resmi-2025-09-05-17.19.27-768x538.png 768w, https:\/\/www.tgrthaber.com\/mavikadin\/wp-content\/uploads\/Ekran-Resmi-2025-09-05-17.19.27.png 1520w\" sizes=\"(max-width: 1024px) 100vw, 1024px\" \/><\/p>\n<hr \/>\n<h3 class=\"p1\">MASTERCHEF T\u00dcRK\u0130YE 2025 KAPTANLIK OYUNU TAKIMLARI (5.HAFTA)<\/h3>\n<p class=\"p2\"><b>Mavi tak\u0131m<\/b><\/p>\n<ul class=\"ul1\">\n<li class=\"li1\">Ayla ( kaptan)<\/li>\n<li class=\"li1\">Hakan<\/li>\n<li class=\"li1\">S\u00fcmeyye<\/li>\n<li class=\"li1\">Onur<\/li>\n<li class=\"li1\">Eyl\u00fcl<\/li>\n<li class=\"li1\">\u00d6zkan<\/li>\n<li class=\"li1\">Sercan<\/li>\n<li class=\"li1\">\u0130hsan<\/li>\n<li class=\"li1\">Cansu<\/li>\n<li class=\"li1\">\u0130rem<\/li>\n<\/ul>\n<p><img loading=\"lazy\" decoding=\"async\" class=\"alignnone wp-image-231486 size-large\" src=\"https:\/\/www.tgrthaber.com\/mavikadin\/wp-content\/uploads\/Ekran-Resmi-2025-09-05-17.19.49-1024x625.png\" alt=\"\" width=\"1024\" height=\"625\" title=\"\" srcset=\"https:\/\/www.tgrthaber.com\/mavikadin\/wp-content\/uploads\/Ekran-Resmi-2025-09-05-17.19.49-1024x625.png 1024w, https:\/\/www.tgrthaber.com\/mavikadin\/wp-content\/uploads\/Ekran-Resmi-2025-09-05-17.19.49-300x183.png 300w, https:\/\/www.tgrthaber.com\/mavikadin\/wp-content\/uploads\/Ekran-Resmi-2025-09-05-17.19.49-768x469.png 768w, https:\/\/www.tgrthaber.com\/mavikadin\/wp-content\/uploads\/Ekran-Resmi-2025-09-05-17.19.49-1536x937.png 1536w, https:\/\/www.tgrthaber.com\/mavikadin\/wp-content\/uploads\/Ekran-Resmi-2025-09-05-17.19.49.png 1744w\" sizes=\"(max-width: 1024px) 100vw, 1024px\" \/><\/p>\n<hr \/>\n<p class=\"p2\"><b>K\u0131rm\u0131z\u0131 tak\u0131m<\/b><\/p>\n<ul class=\"ul1\">\n<li class=\"li1\">\u00c7a\u011flar(kaptan)<\/li>\n<li class=\"li1\">\u00c7a\u011fatay<\/li>\n<li class=\"li1\">Furkan<\/li>\n<li class=\"li1\">Gizem<\/li>\n<li class=\"li1\">Sezer<\/li>\n<li class=\"li1\">Mert<\/li>\n<li class=\"li1\">Ayten<\/li>\n<li class=\"li1\">\u0130lhan<\/li>\n<li class=\"li1\">Bar\u0131\u015f<\/li>\n<\/ul>\n<p><img loading=\"lazy\" decoding=\"async\" class=\"alignnone wp-image-231487 size-large\" src=\"https:\/\/www.tgrthaber.com\/mavikadin\/wp-content\/uploads\/Ekran-Resmi-2025-09-05-17.19.23-1024x639.png\" alt=\"\" width=\"1024\" height=\"639\" title=\"\" srcset=\"https:\/\/www.tgrthaber.com\/mavikadin\/wp-content\/uploads\/Ekran-Resmi-2025-09-05-17.19.23-1024x639.png 1024w, https:\/\/www.tgrthaber.com\/mavikadin\/wp-content\/uploads\/Ekran-Resmi-2025-09-05-17.19.23-300x187.png 300w, https:\/\/www.tgrthaber.com\/mavikadin\/wp-content\/uploads\/Ekran-Resmi-2025-09-05-17.19.23-768x479.png 768w, https:\/\/www.tgrthaber.com\/mavikadin\/wp-content\/uploads\/Ekran-Resmi-2025-09-05-17.19.23-1536x959.png 1536w, https:\/\/www.tgrthaber.com\/mavikadin\/wp-content\/uploads\/Ekran-Resmi-2025-09-05-17.19.23.png 1814w\" sizes=\"(max-width: 1024px) 100vw, 1024px\" \/><\/p>\n<hr \/>\n<h3 class=\"p1\">MASTERCHEF T\u00dcRK\u0130YE 2025 ANA KADRO L\u0130STES\u0130<\/h3>\n<p class=\"p1\">MasterChef T\u00fcrkiye 2025 ana kadro g\u00fcncel listesi:<\/p>\n<p class=\"p1\">MasterChef T\u00fcrkiye Ana Kadroya Giren 1. Yar\u0131\u015fmac\u0131: Furkan<\/p>\n<p class=\"p1\">MasterChef T\u00fcrkiye Ana Kadroya Giren 2. Yar\u0131\u015fmac\u0131: Eyl\u00fcl<\/p>\n<p class=\"p1\">MasterChef T\u00fcrkiye Ana Kadroya Giren 3. Yar\u0131\u015fmac\u0131: \u00c7a\u011fatay<\/p>\n<p class=\"p1\">MasterChef T\u00fcrkiye Ana Kadroya Giren 4. Yar\u0131\u015fmac\u0131: Onur<\/p>\n<p class=\"p1\">MasterChef T\u00fcrkiye Ana kadroya giren 5. Yar\u0131\u015fmac\u0131: Nisa Nur ( yedeklerden dahil oldu)<\/p>\n<p class=\"p1\">MasterChef T\u00fcrkiye Ana kadroya giren 6. Yar\u0131\u015fmac\u0131: Sercan<\/p>\n<p class=\"p1\">MasterChef T\u00fcrkiye Ana kadroya giren 7. Yar\u0131\u015fmac\u0131: Ayla<\/p>\n<p><img loading=\"lazy\" decoding=\"async\" class=\"alignnone wp-image-231489 size-large\" src=\"https:\/\/www.tgrthaber.com\/mavikadin\/wp-content\/uploads\/Ekran-Resmi-2025-09-05-17.19.38-1024x751.png\" alt=\"\" width=\"1024\" height=\"751\" title=\"\" srcset=\"https:\/\/www.tgrthaber.com\/mavikadin\/wp-content\/uploads\/Ekran-Resmi-2025-09-05-17.19.38-1024x751.png 1024w, https:\/\/www.tgrthaber.com\/mavikadin\/wp-content\/uploads\/Ekran-Resmi-2025-09-05-17.19.38-300x220.png 300w, https:\/\/www.tgrthaber.com\/mavikadin\/wp-content\/uploads\/Ekran-Resmi-2025-09-05-17.19.38-768x564.png 768w, https:\/\/www.tgrthaber.com\/mavikadin\/wp-content\/uploads\/Ekran-Resmi-2025-09-05-17.19.38-1536x1127.png 1536w, https:\/\/www.tgrthaber.com\/mavikadin\/wp-content\/uploads\/Ekran-Resmi-2025-09-05-17.19.38.png 1706w\" sizes=\"(max-width: 1024px) 100vw, 1024px\" \/><\/p>\n<hr \/>\n<p class=\"p1\">MasterChef T\u00fcrkiye Ana kadroya giren 8. Yar\u0131\u015fmac\u0131: \u0130hsan<\/p>\n<p class=\"p1\">MasterChef T\u00fcrkiye Ana kadroya giren 9. Yar\u0131\u015fmac\u0131: Ayten<\/p>\n<p class=\"p1\">MasterChef T\u00fcrkiye Ana kadroya giren 10. Yar\u0131\u015fmac\u0131: \u00c7a\u011flar<\/p>\n<p class=\"p1\">MasterChef T\u00fcrkiye Ana kadroya giren 11. Yar\u0131\u015fmac\u0131: Sezer<\/p>\n<p class=\"p1\">MasterChef T\u00fcrkiye Ana kadroya giren 12. Yar\u0131\u015fmac\u0131: Cansu<\/p>\n<p class=\"p1\">MasterChef T\u00fcrkiye Ana kadroya giren 13. Yar\u0131\u015fmac\u0131: \u00d6zkan<\/p>\n<p><img loading=\"lazy\" decoding=\"async\" class=\"alignnone wp-image-231490 size-large\" src=\"https:\/\/www.tgrthaber.com\/mavikadin\/wp-content\/uploads\/Ekran-Resmi-2025-09-05-17.23.59-1024x565.png\" alt=\"\" width=\"1024\" height=\"565\" title=\"\" srcset=\"https:\/\/www.tgrthaber.com\/mavikadin\/wp-content\/uploads\/Ekran-Resmi-2025-09-05-17.23.59-1024x565.png 1024w, https:\/\/www.tgrthaber.com\/mavikadin\/wp-content\/uploads\/Ekran-Resmi-2025-09-05-17.23.59-300x166.png 300w, https:\/\/www.tgrthaber.com\/mavikadin\/wp-content\/uploads\/Ekran-Resmi-2025-09-05-17.23.59-768x424.png 768w, https:\/\/www.tgrthaber.com\/mavikadin\/wp-content\/uploads\/Ekran-Resmi-2025-09-05-17.23.59.png 1054w\" sizes=\"(max-width: 1024px) 100vw, 1024px\" \/><\/p>\n<hr \/>\n<p class=\"p1\">MasterChef T\u00fcrkiye Ana kadroya giren 14. yar\u0131\u015fmac\u0131: Gizem<\/p>\n<p class=\"p1\">MasterChef T\u00fcrkiye Ana kadroya giren 15. yar\u0131\u015fmac\u0131: \u0130rem<\/p>\n<p class=\"p1\">MasterChef T\u00fcrkiye Ana kadroya giren 16. yar\u0131\u015fmac\u0131: Hakan<\/p>\n<p class=\"p1\">MasterChef T\u00fcrkiye Ana kadroya giren 17. yar\u0131\u015fmac\u0131: Mert ( yedeklerden dahil oldu)<\/p>\n<p class=\"p1\">MasterChef T\u00fcrkiye Ana kadroya giren 18. yar\u0131\u015fmac\u0131: S\u00fcmeyye<\/p>\n<p class=\"p1\">MasterChef T\u00fcrkiye Ana kadroya giren 19. yar\u0131\u015fmac\u0131: Bar\u0131\u015f Kaya ( yedeklerden dahil oldu)<\/p>\n<p class=\"p1\">MasterChef T\u00fcrkiye Ana kadroya giren 20. yar\u0131\u015fmac\u0131 \u0130lhan<\/p>\n","protected":false},"excerpt":{"rendered":"<p>MasterChef T\u00fcrkiye&#8217;de heyecan dorukta! Birbirinden yetenekli yar\u0131\u015fmac\u0131lar\u0131n yer ald\u0131\u011f\u0131 programda bu ak\u015fam 7. son eleme aday\u0131 belli olacak. \u0130zleyiciler &#8216;5 Eyl\u00fcl 2025 MasterChef son eleme aday\u0131 kim oldu? MasterChef dokunulmazl\u0131\u011f\u0131 kim kazand\u0131?&#8217; sorular\u0131n\u0131n cevaplar\u0131n\u0131 merak ediyor. \u0130\u015fte detaylar&#8230; <\/p>\n","protected":false},"author":16,"featured_media":231493,"comment_status":"closed","ping_status":"closed","sticky":false,"template":"","format":"standard","meta":{"rank_math_lock_modified_date":false,"footnotes":""},"categories":[76],"tags":[133,11399,61568,61567,61566],"class_list":["post-231468","post","type-post","status-publish","format-standard","has-post-thumbnail","hentry","category-magazin","tag-magazin","tag-magazin-haberler","tag-masterchef-5-eylul-2025-dokunulmazlik-kazanan-takim","tag-masterchef-5-eylul-2025-son-eleme-adayi","tag-masterchef-son-eleme-adayi-kim-oldu"],"_links":{"self":[{"href":"https:\/\/www.tgrthaber.com\/mavikadin\/wp-json\/wp\/v2\/posts\/231468"}],"collection":[{"href":"https:\/\/www.tgrthaber.com\/mavikadin\/wp-json\/wp\/v2\/posts"}],"about":[{"href":"https:\/\/www.tgrthaber.com\/mavikadin\/wp-json\/wp\/v2\/types\/post"}],"author":[{"embeddable":true,"href":"https:\/\/www.tgrthaber.com\/mavikadin\/wp-json\/wp\/v2\/users\/16"}],"replies":[{"embeddable":true,"href":"https:\/\/www.tgrthaber.com\/mavikadin\/wp-json\/wp\/v2\/comments?post=231468"}],"version-history":[{"count":2,"href":"https:\/\/www.tgrthaber.com\/mavikadin\/wp-json\/wp\/v2\/posts\/231468\/revisions"}],"predecessor-version":[{"id":231952,"href":"https:\/\/www.tgrthaber.com\/mavikadin\/wp-json\/wp\/v2\/posts\/231468\/revisions\/231952"}],"wp:featuredmedia":[{"embeddable":true,"href":"https:\/\/www.tgrthaber.com\/mavikadin\/wp-json\/wp\/v2\/media\/231493"}],"wp:attachment":[{"href":"https:\/\/www.tgrthaber.com\/mavikadin\/wp-json\/wp\/v2\/media?parent=231468"}],"wp:term":[{"taxonomy":"category","embeddable":true,"href":"https:\/\/www.tgrthaber.com\/mavikadin\/wp-json\/wp\/v2\/categories?post=231468"},{"taxonomy":"post_tag","embeddable":true,"href":"https:\/\/www.tgrthaber.com\/mavikadin\/wp-json\/wp\/v2\/tags?post=231468"}],"curies":[{"name":"wp","href":"https:\/\/api.w.org\/{rel}","templated":true}]}}