{"id":231499,"date":"2025-09-05T17:44:52","date_gmt":"2025-09-05T14:44:52","guid":{"rendered":"https:\/\/www.tgrthaber.com\/mavikadin\/?p=231499"},"modified":"2025-09-05T17:44:52","modified_gmt":"2025-09-05T14:44:52","slug":"yasemin-yurukten-bomba-aciklamalar-secenekleri-bol","status":"publish","type":"post","link":"https:\/\/www.tgrthaber.com\/mavikadin\/yasemin-yurukten-bomba-aciklamalar-secenekleri-bol\/","title":{"rendered":"Yasemin Y\u00fcr\u00fck\u2019ten bomba a\u00e7\u0131klamalar! \u201cSe\u00e7enekleri bol\u201d"},"content":{"rendered":"<p>Ba\u015far\u0131l\u0131 isim Yasemin Y\u00fcr\u00fck, ge\u00e7ti\u011fimiz g\u00fcnlerde bir mek\u00e2n \u00e7\u0131k\u0131\u015f\u0131 g\u00f6r\u00fcnt\u00fclendi. Spor tarz\u0131 ile dikkat \u00e7eken Yasemin Y\u00fcr\u00fck, erkekler hakk\u0131nda s\u00f6yledikleri ile g\u00fcndeme geldi. \u0130\u015fte detaylar&#8230;<\/p>\n<h3>YASEM\u0130N Y\u00dcR\u00dcK\u2019TEN BOMBA A\u00c7IKLAMALAR!<\/h3>\n<p>Hepsi grubunun eski \u00fcyesi Yasemin Y\u00fcr\u00fck, yapt\u0131\u011f\u0131 a\u00e7\u0131klamalar ile g\u00fcndeme gelmeye devam ediyor. En son Hepsi grubunun yirminci y\u0131la \u00f6zel konseri hakk\u0131nda s\u00f6yledikleri ile g\u00fcndeme gelmi\u015fti. Onedio\u2019nun haberine g\u00f6re, eski \u00fcyelerden kat\u0131lmayan ki\u015filer oldu\u011funu ve konserin ger\u00e7ekle\u015fmeyece\u011fini ifade etti.<\/p>\n<p><img loading=\"lazy\" decoding=\"async\" class=\"alignnone size-full wp-image-231503\" src=\"https:\/\/www.tgrthaber.com\/mavikadin\/wp-content\/uploads\/ARZU-2025-09-05T174226.665.jpg\" alt=\"Yasemin Y\u00fcr\u00fck\u2019ten bomba a\u00e7\u0131klamalar! \u201cSe\u00e7enekleri bol\u201d\" width=\"1208\" height=\"680\" title=\"\" srcset=\"https:\/\/www.tgrthaber.com\/mavikadin\/wp-content\/uploads\/ARZU-2025-09-05T174226.665.jpg 1208w, https:\/\/www.tgrthaber.com\/mavikadin\/wp-content\/uploads\/ARZU-2025-09-05T174226.665-300x169.jpg 300w, https:\/\/www.tgrthaber.com\/mavikadin\/wp-content\/uploads\/ARZU-2025-09-05T174226.665-1024x576.jpg 1024w, https:\/\/www.tgrthaber.com\/mavikadin\/wp-content\/uploads\/ARZU-2025-09-05T174226.665-768x432.jpg 768w\" sizes=\"(max-width: 1208px) 100vw, 1208px\" \/><\/p>\n<hr \/>\n<p>Grup i\u00e7indeki anla\u015fmazl\u0131klar ile y\u0131llard\u0131r g\u00fcndeme gelen Hepsi grubu 2000\u2019li y\u0131llarda en pop\u00fcler k\u0131z grubu olarak ekranlara geliyordu. K\u0131sa s\u00fcrede geni\u015f bir hayran kitlesine sahip olan Hepsi grubu, zamanla aralar\u0131ndaki anla\u015fmazl\u0131k nedeniyle yollar\u0131n\u0131 ay\u0131rm\u0131\u015flard\u0131.<\/p>\n<p><img loading=\"lazy\" decoding=\"async\" class=\"alignnone size-full wp-image-231507\" src=\"https:\/\/www.tgrthaber.com\/mavikadin\/wp-content\/uploads\/ARZU-2025-09-05T174138.784.jpg\" alt=\"Yasemin Y\u00fcr\u00fck\u2019ten bomba a\u00e7\u0131klamalar! \u201cSe\u00e7enekleri bol\u201d\" width=\"1208\" height=\"680\" title=\"\" srcset=\"https:\/\/www.tgrthaber.com\/mavikadin\/wp-content\/uploads\/ARZU-2025-09-05T174138.784.jpg 1208w, https:\/\/www.tgrthaber.com\/mavikadin\/wp-content\/uploads\/ARZU-2025-09-05T174138.784-300x169.jpg 300w, https:\/\/www.tgrthaber.com\/mavikadin\/wp-content\/uploads\/ARZU-2025-09-05T174138.784-1024x576.jpg 1024w, https:\/\/www.tgrthaber.com\/mavikadin\/wp-content\/uploads\/ARZU-2025-09-05T174138.784-768x432.jpg 768w\" sizes=\"(max-width: 1208px) 100vw, 1208px\" \/><\/p>\n<hr \/>\n<p>Ancak zamanla grup aras\u0131ndaki anla\u015fmazl\u0131klar bir t\u00fcrl\u00fc dinmemi\u015fti. \u015eimdilerde yirminci y\u0131la \u00f6zel konser ve belgesel fikri ortaya \u00e7\u0131km\u0131\u015f ve Hepsi hayranlar\u0131 bug\u00fcn\u00fcn gelmesini sab\u0131rs\u0131zl\u0131kla bekliyordu. Ancak G\u00fcl\u00e7in Erg\u00fcl\u2019\u00fcn projeye kat\u0131lmay\u0131 reddetti\u011fini haberleri g\u00fcndeme gelmi\u015fti.<\/p>\n<p><img loading=\"lazy\" decoding=\"async\" class=\"alignnone size-full wp-image-231501\" src=\"https:\/\/www.tgrthaber.com\/mavikadin\/wp-content\/uploads\/ARZU-2025-09-05T174248.985.jpg\" alt=\"Yasemin Y\u00fcr\u00fck\u2019ten bomba a\u00e7\u0131klamalar! \u201cSe\u00e7enekleri bol\u201d\" width=\"1208\" height=\"680\" title=\"\" srcset=\"https:\/\/www.tgrthaber.com\/mavikadin\/wp-content\/uploads\/ARZU-2025-09-05T174248.985.jpg 1208w, https:\/\/www.tgrthaber.com\/mavikadin\/wp-content\/uploads\/ARZU-2025-09-05T174248.985-300x169.jpg 300w, https:\/\/www.tgrthaber.com\/mavikadin\/wp-content\/uploads\/ARZU-2025-09-05T174248.985-1024x576.jpg 1024w, https:\/\/www.tgrthaber.com\/mavikadin\/wp-content\/uploads\/ARZU-2025-09-05T174248.985-768x432.jpg 768w\" sizes=\"(max-width: 1208px) 100vw, 1208px\" \/><\/p>\n<hr \/>\n<p>Ba\u015far\u0131l\u0131 isim Yasemin Y\u00fcr\u00fck ise bu duruma kat\u0131ld\u0131\u011f\u0131 bir YouTube kanal\u0131nda a\u00e7\u0131klamalar getirmi\u015fti. Kendisinin bu proje i\u00e7in \u00e7abalad\u0131\u011f\u0131n\u0131 ifade eden Yasemin Y\u00fcr\u00fck, &#8216;Ke\u015fke g\u00fczel bir konserle veda etseydik. Ben y\u0131ld\u0131m Hepsi&#8217;den siz y\u0131lmad\u0131n\u0131z. \u00c7ok denedim ben k\u0131zlar\u0131 bir araya getirmeyi. Bu konu hakk\u0131nda \u00e7ok konu\u015fmak istemiyorum \u00e7\u00fcnk\u00fc birisi co\u015fuyor, \u00e7ok konu\u015fmaya ba\u015fl\u0131yor, manas\u0131zca. \u00a0Olmayacak Hepsi projesi maalesef. Bu k\u0131zlara, \u00e7ocuklara bunu vermeliydik beni dinlemediler!&#8217; s\u00f6zlerini a\u00e7\u0131klam\u0131\u015ft\u0131.<\/p>\n<p><img loading=\"lazy\" decoding=\"async\" class=\"alignnone size-full wp-image-231506\" src=\"https:\/\/www.tgrthaber.com\/mavikadin\/wp-content\/uploads\/ARZU-2025-09-05T174150.177.jpg\" alt=\"Yasemin Y\u00fcr\u00fck\u2019ten bomba a\u00e7\u0131klamalar! \u201cSe\u00e7enekleri bol\u201d\" width=\"1208\" height=\"680\" title=\"\" srcset=\"https:\/\/www.tgrthaber.com\/mavikadin\/wp-content\/uploads\/ARZU-2025-09-05T174150.177.jpg 1208w, https:\/\/www.tgrthaber.com\/mavikadin\/wp-content\/uploads\/ARZU-2025-09-05T174150.177-300x169.jpg 300w, https:\/\/www.tgrthaber.com\/mavikadin\/wp-content\/uploads\/ARZU-2025-09-05T174150.177-1024x576.jpg 1024w, https:\/\/www.tgrthaber.com\/mavikadin\/wp-content\/uploads\/ARZU-2025-09-05T174150.177-768x432.jpg 768w\" sizes=\"(max-width: 1208px) 100vw, 1208px\" \/><\/p>\n<hr \/>\n<p>Yasemin Y\u00fcr\u00fck bu olaylardan sonra ge\u00e7ti\u011fimiz g\u00fcnlerde spor tarz\u0131 ile kameralara yans\u0131m\u0131\u015ft\u0131. Erkekler hakk\u0131nda s\u00f6yledikleri ile g\u00fcndem olan \u00fcnl\u00fc isim s\u00f6zleri ile de dikkatleri \u00fczerine \u00e7ekti.<\/p>\n<h3><img loading=\"lazy\" decoding=\"async\" class=\"alignnone size-full wp-image-231504\" src=\"https:\/\/www.tgrthaber.com\/mavikadin\/wp-content\/uploads\/ARZU-2025-09-05T174213.664.jpg\" alt=\"Yasemin Y\u00fcr\u00fck\u2019ten bomba a\u00e7\u0131klamalar! \u201cSe\u00e7enekleri bol\u201d\" width=\"1208\" height=\"680\" title=\"\" srcset=\"https:\/\/www.tgrthaber.com\/mavikadin\/wp-content\/uploads\/ARZU-2025-09-05T174213.664.jpg 1208w, https:\/\/www.tgrthaber.com\/mavikadin\/wp-content\/uploads\/ARZU-2025-09-05T174213.664-300x169.jpg 300w, https:\/\/www.tgrthaber.com\/mavikadin\/wp-content\/uploads\/ARZU-2025-09-05T174213.664-1024x576.jpg 1024w, https:\/\/www.tgrthaber.com\/mavikadin\/wp-content\/uploads\/ARZU-2025-09-05T174213.664-768x432.jpg 768w\" sizes=\"(max-width: 1208px) 100vw, 1208px\" \/><\/h3>\n<hr \/>\n<h3>\u00a0\u201cSE\u00c7ENEKLER\u0130 BOL\u201d<\/h3>\n<p>Ba\u015far\u0131l\u0131 isim Yasemin Y\u00fcr\u00fck, ge\u00e7ti\u011fimiz g\u00fcnlerde magazin muhabirlerinin sorular\u0131n\u0131 yan\u0131tlarken dikkat \u00e7eken a\u00e7\u0131klamalar da yapt\u0131. \u00dcnl\u00fc isim erkekler hakk\u0131nda s\u00f6yledikleri ile adeta yeni bir konu da a\u00e7m\u0131\u015f oldu.<\/p>\n<p><img loading=\"lazy\" decoding=\"async\" class=\"alignnone size-full wp-image-231505\" src=\"https:\/\/www.tgrthaber.com\/mavikadin\/wp-content\/uploads\/ARZU-2025-09-05T174158.331.jpg\" alt=\"Yasemin Y\u00fcr\u00fck\u2019ten bomba a\u00e7\u0131klamalar! \u201cSe\u00e7enekleri bol\u201d\" width=\"1208\" height=\"680\" title=\"\" srcset=\"https:\/\/www.tgrthaber.com\/mavikadin\/wp-content\/uploads\/ARZU-2025-09-05T174158.331.jpg 1208w, https:\/\/www.tgrthaber.com\/mavikadin\/wp-content\/uploads\/ARZU-2025-09-05T174158.331-300x169.jpg 300w, https:\/\/www.tgrthaber.com\/mavikadin\/wp-content\/uploads\/ARZU-2025-09-05T174158.331-1024x576.jpg 1024w, https:\/\/www.tgrthaber.com\/mavikadin\/wp-content\/uploads\/ARZU-2025-09-05T174158.331-768x432.jpg 768w\" sizes=\"(max-width: 1208px) 100vw, 1208px\" \/><\/p>\n<hr \/>\n<p>Yasemin Y\u00fcr\u00fck \u2018Erkekler gereken de\u011feri g\u00f6steremiyor \u00e7\u00fcnk\u00fc se\u00e7enekleri bol\u2019 s\u00f6zleri ile yapt\u0131\u011f\u0131 a\u00e7\u0131klamalar ile g\u00fcndeme geldi. 2. Sayfaoffical\u2019\u0131n haberine g\u00f6re, Yasemin Y\u00fcr\u00fck\u2019\u00fcn bu a\u00e7\u0131klamalar\u0131 k\u0131sa s\u00fcrede sosyal medyada da g\u00fcndem oldu.<\/p>\n","protected":false},"excerpt":{"rendered":"<p>\u00dcnl\u00fc isim Yasemin Y\u00fcr\u00fck, ge\u00e7ti\u011fimiz g\u00fcnlerde erkekler hakk\u0131nda yapt\u0131\u011f\u0131 a\u00e7\u0131klamalar ile g\u00fcndeme geldi. Hepsi grubunun eski \u00fcyelerinden biri olan Yasemin Y\u00fcr\u00fck yapt\u0131\u011f\u0131 a\u00e7\u0131klamalar dikkat \u00e7ekti. <\/p>\n","protected":false},"author":34,"featured_media":231502,"comment_status":"closed","ping_status":"closed","sticky":false,"template":"","format":"standard","meta":{"rank_math_lock_modified_date":false,"footnotes":""},"categories":[76],"tags":[2218,3006,61570],"class_list":["post-231499","post","type-post","status-publish","format-standard","has-post-thumbnail","hentry","category-magazin","tag-magazin-haberleri","tag-yasemin-yuruk","tag-yasemin-yuyuk-aciklama"],"_links":{"self":[{"href":"https:\/\/www.tgrthaber.com\/mavikadin\/wp-json\/wp\/v2\/posts\/231499"}],"collection":[{"href":"https:\/\/www.tgrthaber.com\/mavikadin\/wp-json\/wp\/v2\/posts"}],"about":[{"href":"https:\/\/www.tgrthaber.com\/mavikadin\/wp-json\/wp\/v2\/types\/post"}],"author":[{"embeddable":true,"href":"https:\/\/www.tgrthaber.com\/mavikadin\/wp-json\/wp\/v2\/users\/34"}],"replies":[{"embeddable":true,"href":"https:\/\/www.tgrthaber.com\/mavikadin\/wp-json\/wp\/v2\/comments?post=231499"}],"version-history":[{"count":2,"href":"https:\/\/www.tgrthaber.com\/mavikadin\/wp-json\/wp\/v2\/posts\/231499\/revisions"}],"predecessor-version":[{"id":231509,"href":"https:\/\/www.tgrthaber.com\/mavikadin\/wp-json\/wp\/v2\/posts\/231499\/revisions\/231509"}],"wp:featuredmedia":[{"embeddable":true,"href":"https:\/\/www.tgrthaber.com\/mavikadin\/wp-json\/wp\/v2\/media\/231502"}],"wp:attachment":[{"href":"https:\/\/www.tgrthaber.com\/mavikadin\/wp-json\/wp\/v2\/media?parent=231499"}],"wp:term":[{"taxonomy":"category","embeddable":true,"href":"https:\/\/www.tgrthaber.com\/mavikadin\/wp-json\/wp\/v2\/categories?post=231499"},{"taxonomy":"post_tag","embeddable":true,"href":"https:\/\/www.tgrthaber.com\/mavikadin\/wp-json\/wp\/v2\/tags?post=231499"}],"curies":[{"name":"wp","href":"https:\/\/api.w.org\/{rel}","templated":true}]}}