{"id":231500,"date":"2025-09-05T17:59:56","date_gmt":"2025-09-05T14:59:56","guid":{"rendered":"https:\/\/www.tgrthaber.com\/mavikadin\/?p=231500"},"modified":"2025-09-05T22:47:12","modified_gmt":"2025-09-05T19:47:12","slug":"masterchefte-yemekleri-golgede-birakan-kiyafet-sosyal-medyadan-elestiri-yagdi","status":"publish","type":"post","link":"https:\/\/www.tgrthaber.com\/mavikadin\/masterchefte-yemekleri-golgede-birakan-kiyafet-sosyal-medyadan-elestiri-yagdi\/","title":{"rendered":"MasterChef\u2019te yemekleri g\u00f6lgede b\u0131rakan k\u0131yafet! Sosyal medyadan ele\u015ftiri ya\u011fd\u0131"},"content":{"rendered":"<p class=\"p2\">MasterChef \u0130ngiltere\u2019nin son b\u00f6l\u00fcm\u00fcnde bir yar\u0131\u015fmac\u0131n\u0131n giydi\u011fi k\u0131yafet sosyal medyan\u0131n g\u00fcndemine oturdu. B\u00fcy\u00fck bir heyecanla devam eden yar\u0131\u015fma program\u0131nda bu sefer yemekler de\u011fil k\u0131yafet konu\u015fuldu. Yar\u0131\u015fmac\u0131n\u0131n program s\u0131ras\u0131nda giydi\u011fi k\u0131yafete sosyal medyadan da ele\u015ftiri ya\u011fd\u0131.<\/p>\n<h3>MASTERCHEF&#8217;TE YEMEKLER\u0130 G\u00d6LGEDE BIRAKAN KIYAFET! SOSYAL MEDYADAN ELE\u015eT\u0130R\u0130 YA\u011eDI<\/h3>\n<p class=\"p2\">T\u00fcrkiye\u2019de oldu\u011fu kadar d\u00fcnyada da geni\u015f bir hayran kitlesine sahip olan MasterChef, bu kez \u0130ngiltere\u2019de dikkat \u00e7eken anlara sahne oldu. <a href=\"https:\/\/www.tgrthaber.com\/mavikadin\/sosyal-medya-masterchef-jurisi-somer-sivrioglunun-sakalsiz-halini-konusuyor-cizgi-film-karakteri-cailouya-benzetildi\/\">MasterChef<\/a> \u0130ngiltere program\u0131nda bir yar\u0131\u015fmac\u0131n\u0131n tercih etti\u011fi k\u0131yafet sosyal medyan\u0131n g\u00fcndemine oturdu.<\/p>\n<p><img loading=\"lazy\" decoding=\"async\" class=\"alignnone wp-image-231510 size-large\" src=\"https:\/\/www.tgrthaber.com\/mavikadin\/wp-content\/uploads\/Ekran-Resmi-2025-09-05-17.53.35-1024x593.png\" alt=\"\" width=\"1024\" height=\"593\" title=\"\" srcset=\"https:\/\/www.tgrthaber.com\/mavikadin\/wp-content\/uploads\/Ekran-Resmi-2025-09-05-17.53.35-1024x593.png 1024w, https:\/\/www.tgrthaber.com\/mavikadin\/wp-content\/uploads\/Ekran-Resmi-2025-09-05-17.53.35-300x174.png 300w, https:\/\/www.tgrthaber.com\/mavikadin\/wp-content\/uploads\/Ekran-Resmi-2025-09-05-17.53.35-768x444.png 768w, https:\/\/www.tgrthaber.com\/mavikadin\/wp-content\/uploads\/Ekran-Resmi-2025-09-05-17.53.35.png 1386w\" sizes=\"(max-width: 1024px) 100vw, 1024px\" \/><\/p>\n<hr \/>\n<p class=\"p2\">Son b\u00f6l\u00fcmde emlak\u00e7\u0131 Francesca, j\u00fcriye limonla haz\u0131rlad\u0131\u011f\u0131 par\u00e7alanm\u0131\u015f beze tatl\u0131s\u0131 yapt\u0131. Mutfakta giymeyi tercih etti\u011fi tek omuzlu siyah bluzu ise yeme\u011finden \u00e7ok konu\u015fuldu.<span class=\"Apple-converted-space\">\u00a0<\/span><\/p>\n<p><img loading=\"lazy\" decoding=\"async\" class=\"alignnone wp-image-231511 size-full\" src=\"https:\/\/www.tgrthaber.com\/mavikadin\/wp-content\/uploads\/Ekran-Resmi-2025-09-05-17.53.41.png\" alt=\"\" width=\"1390\" height=\"896\" title=\"\" srcset=\"https:\/\/www.tgrthaber.com\/mavikadin\/wp-content\/uploads\/Ekran-Resmi-2025-09-05-17.53.41.png 1390w, https:\/\/www.tgrthaber.com\/mavikadin\/wp-content\/uploads\/Ekran-Resmi-2025-09-05-17.53.41-300x193.png 300w, https:\/\/www.tgrthaber.com\/mavikadin\/wp-content\/uploads\/Ekran-Resmi-2025-09-05-17.53.41-1024x660.png 1024w, https:\/\/www.tgrthaber.com\/mavikadin\/wp-content\/uploads\/Ekran-Resmi-2025-09-05-17.53.41-768x495.png 768w\" sizes=\"(max-width: 1390px) 100vw, 1390px\" \/><\/p>\n<hr \/>\n<p class=\"p2\">Sosyal medya kullan\u0131c\u0131lar\u0131, \u2018\u015eaka m\u0131 bu cube mi gidiyor\u2019, \u2018 Hi\u00e7 hijyenik g\u00f6r\u00fcn\u00fcyor\u2019, \u2018Yemek yapmak i\u00e7in b\u00f6yle mi giyinilir\u2019 \u015feklinde yorumlarda bulundu.<\/p>\n<p><img loading=\"lazy\" decoding=\"async\" class=\"alignnone wp-image-231512 size-large\" src=\"https:\/\/www.tgrthaber.com\/mavikadin\/wp-content\/uploads\/Ekran-Resmi-2025-09-05-17.53.48-1024x560.png\" alt=\"\" width=\"1024\" height=\"560\" title=\"\" srcset=\"https:\/\/www.tgrthaber.com\/mavikadin\/wp-content\/uploads\/Ekran-Resmi-2025-09-05-17.53.48-1024x560.png 1024w, https:\/\/www.tgrthaber.com\/mavikadin\/wp-content\/uploads\/Ekran-Resmi-2025-09-05-17.53.48-300x164.png 300w, https:\/\/www.tgrthaber.com\/mavikadin\/wp-content\/uploads\/Ekran-Resmi-2025-09-05-17.53.48-768x420.png 768w, https:\/\/www.tgrthaber.com\/mavikadin\/wp-content\/uploads\/Ekran-Resmi-2025-09-05-17.53.48.png 1376w\" sizes=\"(max-width: 1024px) 100vw, 1024px\" \/><\/p>\n<hr \/>\n<h3>MASTERCHEF T\u00dcRK\u0130YE&#8217;DE TAM GAZ DEVAM ED\u0130YOR<\/h3>\n<p>MasterChef T\u00fcrkiye de d\u00fcnyada oldu\u011fu kadar geni\u015f bir hayran kitlesine sahip. TV8 ekranlar\u0131nda yay\u0131nlanan programda heyecan tam gaz devam ediyor. Ana kadro yar\u0131\u015fmac\u0131lar\u0131n\u0131n belli oldu\u011fu yar\u0131\u015fmada birbirinden yetenekli yar\u0131\u015fmac\u0131lar \u00f6nl\u00fc\u011f\u00fc alabilmek ve \u015fampiyon olabilmek i\u00e7in k\u0131yas\u0131ya m\u00fccadele ediyor.<\/p>\n<p><img loading=\"lazy\" decoding=\"async\" class=\"alignnone wp-image-231490 size-large\" src=\"https:\/\/www.tgrthaber.com\/mavikadin\/wp-content\/uploads\/Ekran-Resmi-2025-09-05-17.23.59-1024x565.png\" alt=\"\" width=\"1024\" height=\"565\" title=\"\" srcset=\"https:\/\/www.tgrthaber.com\/mavikadin\/wp-content\/uploads\/Ekran-Resmi-2025-09-05-17.23.59-1024x565.png 1024w, https:\/\/www.tgrthaber.com\/mavikadin\/wp-content\/uploads\/Ekran-Resmi-2025-09-05-17.23.59-300x166.png 300w, https:\/\/www.tgrthaber.com\/mavikadin\/wp-content\/uploads\/Ekran-Resmi-2025-09-05-17.23.59-768x424.png 768w, https:\/\/www.tgrthaber.com\/mavikadin\/wp-content\/uploads\/Ekran-Resmi-2025-09-05-17.23.59.png 1054w\" sizes=\"(max-width: 1024px) 100vw, 1024px\" \/><\/p>\n<hr \/>\n<h3 class=\"p1\"><b>MASTERCHEF T\u00dcRK\u0130YE 2025 ANA KADRO L\u0130STES\u0130<\/b><\/h3>\n<p class=\"p2\">MasterChef T\u00fcrkiye 2025 ana kadro g\u00fcncel listesi:<\/p>\n<p class=\"p2\">MasterChef T\u00fcrkiye Ana Kadroya Giren 1. Yar\u0131\u015fmac\u0131: Furkan<\/p>\n<p class=\"p2\">MasterChef T\u00fcrkiye Ana Kadroya Giren 2. Yar\u0131\u015fmac\u0131: Eyl\u00fcl<\/p>\n<p class=\"p2\">MasterChef T\u00fcrkiye Ana Kadroya Giren 3. Yar\u0131\u015fmac\u0131: \u00c7a\u011fatay<\/p>\n<p class=\"p2\">MasterChef T\u00fcrkiye Ana Kadroya Giren 4. Yar\u0131\u015fmac\u0131: Onur<\/p>\n<p class=\"p2\">MasterChef T\u00fcrkiye Ana kadroya giren 5. Yar\u0131\u015fmac\u0131: Nisa Nur ( yedeklerden dahil oldu)<\/p>\n<p class=\"p2\">MasterChef T\u00fcrkiye Ana kadroya giren 6. Yar\u0131\u015fmac\u0131: Sercan<\/p>\n<p><img loading=\"lazy\" decoding=\"async\" class=\"alignnone wp-image-231489 size-large\" src=\"https:\/\/www.tgrthaber.com\/mavikadin\/wp-content\/uploads\/Ekran-Resmi-2025-09-05-17.19.38-1024x751.png\" alt=\"\" width=\"1024\" height=\"751\" title=\"\" srcset=\"https:\/\/www.tgrthaber.com\/mavikadin\/wp-content\/uploads\/Ekran-Resmi-2025-09-05-17.19.38-1024x751.png 1024w, https:\/\/www.tgrthaber.com\/mavikadin\/wp-content\/uploads\/Ekran-Resmi-2025-09-05-17.19.38-300x220.png 300w, https:\/\/www.tgrthaber.com\/mavikadin\/wp-content\/uploads\/Ekran-Resmi-2025-09-05-17.19.38-768x564.png 768w, https:\/\/www.tgrthaber.com\/mavikadin\/wp-content\/uploads\/Ekran-Resmi-2025-09-05-17.19.38-1536x1127.png 1536w, https:\/\/www.tgrthaber.com\/mavikadin\/wp-content\/uploads\/Ekran-Resmi-2025-09-05-17.19.38.png 1706w\" sizes=\"(max-width: 1024px) 100vw, 1024px\" \/><\/p>\n<hr \/>\n<p class=\"p2\">MasterChef T\u00fcrkiye Ana kadroya giren 7. Yar\u0131\u015fmac\u0131: Ayla<\/p>\n<p class=\"p2\">MasterChef T\u00fcrkiye Ana kadroya giren 8. Yar\u0131\u015fmac\u0131: \u0130hsan<\/p>\n<p class=\"p2\">MasterChef T\u00fcrkiye Ana kadroya giren 9. Yar\u0131\u015fmac\u0131: Ayten<\/p>\n<p class=\"p2\">MasterChef T\u00fcrkiye Ana kadroya giren 10. Yar\u0131\u015fmac\u0131: \u00c7a\u011flar<\/p>\n<p class=\"p2\">MasterChef T\u00fcrkiye Ana kadroya giren 11. Yar\u0131\u015fmac\u0131: Sezer<\/p>\n<p class=\"p2\">MasterChef T\u00fcrkiye Ana kadroya giren 12. Yar\u0131\u015fmac\u0131: Cansu<\/p>\n<p class=\"p2\">MasterChef T\u00fcrkiye Ana kadroya giren 13. Yar\u0131\u015fmac\u0131: \u00d6zkan<\/p>\n<p class=\"p2\">MasterChef T\u00fcrkiye Ana kadroya giren 14. yar\u0131\u015fmac\u0131: Gizem<\/p>\n<p><img loading=\"lazy\" decoding=\"async\" class=\"alignnone wp-image-231514 size-large\" src=\"https:\/\/www.tgrthaber.com\/mavikadin\/wp-content\/uploads\/Ekran-Resmi-2025-09-05-17.19.49-2-1024x625.png\" alt=\"\" width=\"1024\" height=\"625\" title=\"\" srcset=\"https:\/\/www.tgrthaber.com\/mavikadin\/wp-content\/uploads\/Ekran-Resmi-2025-09-05-17.19.49-2-1024x625.png 1024w, https:\/\/www.tgrthaber.com\/mavikadin\/wp-content\/uploads\/Ekran-Resmi-2025-09-05-17.19.49-2-300x183.png 300w, https:\/\/www.tgrthaber.com\/mavikadin\/wp-content\/uploads\/Ekran-Resmi-2025-09-05-17.19.49-2-768x469.png 768w, https:\/\/www.tgrthaber.com\/mavikadin\/wp-content\/uploads\/Ekran-Resmi-2025-09-05-17.19.49-2-1536x937.png 1536w, https:\/\/www.tgrthaber.com\/mavikadin\/wp-content\/uploads\/Ekran-Resmi-2025-09-05-17.19.49-2.png 1744w\" sizes=\"(max-width: 1024px) 100vw, 1024px\" \/><\/p>\n<hr \/>\n<p class=\"p2\">MasterChef T\u00fcrkiye Ana kadroya giren 15. yar\u0131\u015fmac\u0131: \u0130rem<\/p>\n<p class=\"p2\">MasterChef T\u00fcrkiye Ana kadroya giren 16. yar\u0131\u015fmac\u0131: Hakan<\/p>\n<p class=\"p2\">MasterChef T\u00fcrkiye Ana kadroya giren 17. yar\u0131\u015fmac\u0131: Mert ( yedeklerden dahil oldu)<\/p>\n<p class=\"p2\">MasterChef T\u00fcrkiye Ana kadroya giren 18. yar\u0131\u015fmac\u0131: S\u00fcmeyye<\/p>\n<p class=\"p2\">MasterChef T\u00fcrkiye Ana kadroya giren 19. yar\u0131\u015fmac\u0131: Bar\u0131\u015f Kaya ( yedeklerden dahil oldu)<\/p>\n<p class=\"p2\">MasterChef T\u00fcrkiye Ana kadroya giren 20. yar\u0131\u015fmac\u0131 \u0130lhan<\/p>\n","protected":false},"excerpt":{"rendered":"<p>T\u00fcrkiye&#8217;de oldu\u011fu kadar d\u00fcnyada da geni\u015f bir hayran kitlesine sahip olan MasterChef, bu kez \u0130ngiltere&#8217;de ekrana damga vuran bir olayla dikkat \u00e7ekti. MasterChef \u0130ngiltere&#8217;de bir yar\u0131\u015fmac\u0131n\u0131n mutfakta yemek yapmak i\u00e7in giydi\u011fi k\u0131yafete ele\u015ftiri \u00fcst\u00fcne ele\u015ftiri ya\u011fd\u0131. <\/p>\n","protected":false},"author":16,"featured_media":231515,"comment_status":"closed","ping_status":"closed","sticky":false,"template":"","format":"standard","meta":{"rank_math_lock_modified_date":false,"footnotes":""},"categories":[76],"tags":[133,2218,61573,61571,61572],"class_list":["post-231500","post","type-post","status-publish","format-standard","has-post-thumbnail","hentry","category-magazin","tag-magazin","tag-magazin-haberleri","tag-masterchef-ingiltere-yarismaci-kiyafet","tag-masterchef-olay-kiyafet","tag-masterchef-yarismacinin-kiyafeti"],"_links":{"self":[{"href":"https:\/\/www.tgrthaber.com\/mavikadin\/wp-json\/wp\/v2\/posts\/231500"}],"collection":[{"href":"https:\/\/www.tgrthaber.com\/mavikadin\/wp-json\/wp\/v2\/posts"}],"about":[{"href":"https:\/\/www.tgrthaber.com\/mavikadin\/wp-json\/wp\/v2\/types\/post"}],"author":[{"embeddable":true,"href":"https:\/\/www.tgrthaber.com\/mavikadin\/wp-json\/wp\/v2\/users\/16"}],"replies":[{"embeddable":true,"href":"https:\/\/www.tgrthaber.com\/mavikadin\/wp-json\/wp\/v2\/comments?post=231500"}],"version-history":[{"count":2,"href":"https:\/\/www.tgrthaber.com\/mavikadin\/wp-json\/wp\/v2\/posts\/231500\/revisions"}],"predecessor-version":[{"id":231517,"href":"https:\/\/www.tgrthaber.com\/mavikadin\/wp-json\/wp\/v2\/posts\/231500\/revisions\/231517"}],"wp:featuredmedia":[{"embeddable":true,"href":"https:\/\/www.tgrthaber.com\/mavikadin\/wp-json\/wp\/v2\/media\/231515"}],"wp:attachment":[{"href":"https:\/\/www.tgrthaber.com\/mavikadin\/wp-json\/wp\/v2\/media?parent=231500"}],"wp:term":[{"taxonomy":"category","embeddable":true,"href":"https:\/\/www.tgrthaber.com\/mavikadin\/wp-json\/wp\/v2\/categories?post=231500"},{"taxonomy":"post_tag","embeddable":true,"href":"https:\/\/www.tgrthaber.com\/mavikadin\/wp-json\/wp\/v2\/tags?post=231500"}],"curies":[{"name":"wp","href":"https:\/\/api.w.org\/{rel}","templated":true}]}}