{"id":231518,"date":"2025-09-05T18:21:17","date_gmt":"2025-09-05T15:21:17","guid":{"rendered":"https:\/\/www.tgrthaber.com\/mavikadin\/?p=231518"},"modified":"2025-09-05T18:22:38","modified_gmt":"2025-09-05T15:22:38","slug":"52-kore-yayin-odulleri-yapildi-basarili-isimler-odullerin-sahibi-oldu","status":"publish","type":"post","link":"https:\/\/www.tgrthaber.com\/mavikadin\/52-kore-yayin-odulleri-yapildi-basarili-isimler-odullerin-sahibi-oldu\/","title":{"rendered":"52. Kore Yay\u0131n \u00d6d\u00fclleri yap\u0131ld\u0131! Ba\u015far\u0131l\u0131 isimler \u00f6d\u00fcllerin sahibi oldu"},"content":{"rendered":"<p>Kore yay\u0131nlar\u0131n\u0131n ge\u00e7ti\u011fimiz g\u00fcnlerde 52. Si d\u00fczenlendi. \u00d6d\u00fcller 3 Eyl\u00fcl&#8217;de Seul&#8217;deki SBS Prism Tower&#8217;da ger\u00e7ekle\u015fti. Birbirinden \u00fcnl\u00fc isimler bu gece de \u00f6d\u00fcllerin sahibi oldu. \u0130\u015fte detaylar\u2026<\/p>\n<h3>KORE YAYIN \u00d6D\u00dcLLER\u0130 YAPILDI!<\/h3>\n<p>52.si d\u00fczenlenen Kore Yay\u0131n \u00d6d\u00fclleri ge\u00e7ti\u011fimiz g\u00fcnlerde ger\u00e7ekle\u015fti. 3 Eyl\u00fcl&#8217;de Seul&#8217;deki SBS Prism Tower&#8217;da ger\u00e7ekle\u015fti ve Daybreak, KISS OF LIFE ve Kwon Eun Bi&#8217;nin tebrik performanslar\u0131 yer ald\u0131.<\/p>\n<p><img loading=\"lazy\" decoding=\"async\" class=\"alignnone size-full wp-image-231522\" src=\"https:\/\/www.tgrthaber.com\/mavikadin\/wp-content\/uploads\/ARZU-2025-09-05T181818.635.jpg\" alt=\"52. Kore Yay\u0131n \u00d6d\u00fclleri yap\u0131ld\u0131! Ba\u015far\u0131l\u0131 isimler \u00f6d\u00fcllerin sahibi oldu\" width=\"1208\" height=\"680\" title=\"\" srcset=\"https:\/\/www.tgrthaber.com\/mavikadin\/wp-content\/uploads\/ARZU-2025-09-05T181818.635.jpg 1208w, https:\/\/www.tgrthaber.com\/mavikadin\/wp-content\/uploads\/ARZU-2025-09-05T181818.635-300x169.jpg 300w, https:\/\/www.tgrthaber.com\/mavikadin\/wp-content\/uploads\/ARZU-2025-09-05T181818.635-1024x576.jpg 1024w, https:\/\/www.tgrthaber.com\/mavikadin\/wp-content\/uploads\/ARZU-2025-09-05T181818.635-768x432.jpg 768w\" sizes=\"(max-width: 1208px) 100vw, 1208px\" \/><\/p>\n<hr \/>\n<p>Instagram sayfas\u0131 olan kdramagazin\u2019in haberine g\u00f6re, birbirinden ba\u015far\u0131l\u0131 isimler bu \u00f6zel gece de hem \u00f6d\u00fcl ald\u0131lar hem de performanslar\u0131n\u0131 sergilediler.<\/p>\n<p><img loading=\"lazy\" decoding=\"async\" class=\"alignnone size-full wp-image-231523\" src=\"https:\/\/www.tgrthaber.com\/mavikadin\/wp-content\/uploads\/ARZU-2025-09-05T181808.121.jpg\" alt=\"52. Kore Yay\u0131n \u00d6d\u00fclleri yap\u0131ld\u0131! Ba\u015far\u0131l\u0131 isimler \u00f6d\u00fcllerin sahibi oldu\" width=\"1208\" height=\"680\" title=\"\" srcset=\"https:\/\/www.tgrthaber.com\/mavikadin\/wp-content\/uploads\/ARZU-2025-09-05T181808.121.jpg 1208w, https:\/\/www.tgrthaber.com\/mavikadin\/wp-content\/uploads\/ARZU-2025-09-05T181808.121-300x169.jpg 300w, https:\/\/www.tgrthaber.com\/mavikadin\/wp-content\/uploads\/ARZU-2025-09-05T181808.121-1024x576.jpg 1024w, https:\/\/www.tgrthaber.com\/mavikadin\/wp-content\/uploads\/ARZU-2025-09-05T181808.121-768x432.jpg 768w\" sizes=\"(max-width: 1208px) 100vw, 1208px\" \/><\/p>\n<hr \/>\n<p>Bu isimler aras\u0131nda birka\u00e7\u0131 ise \u015f\u00f6yle;<\/p>\n<p>B\u00fcy\u00fck \u00d6d\u00fcl (Daesang): MBC&#8217;nin &#8221; Doubt &#8221; dizisi<\/p>\n<p>En \u0130yi Erkek Oyuncu: Lee Jun Hyuk (SBS&#8217;nin &#8221; Love Scout &#8220;)<\/p>\n<p>En \u0130yi Drama: SBS&#8217;nin &#8220;Buried Hearts&#8221;<\/p>\n<p>En \u0130yi Yap\u0131mc\u0131: Song Yeon Hwa (MBC&#8217;nin &#8221; Doubt &#8220;)<\/p>\n<p>En \u0130yi Varyete Y\u0131ld\u0131z\u0131: Park Bo Gum (KBS2TV&#8217;nin &#8221; The Seasons: Cantabile of Park Bo Gum &#8220;)<\/p>\n<p>En \u0130yi \u015eark\u0131c\u0131: BTS J-hope<\/p>\n<h3><img loading=\"lazy\" decoding=\"async\" class=\"alignnone size-full wp-image-231528\" src=\"https:\/\/www.tgrthaber.com\/mavikadin\/wp-content\/uploads\/ARZU-2025-09-05T181650.744.jpg\" alt=\"52. Kore Yay\u0131n \u00d6d\u00fclleri yap\u0131ld\u0131! Ba\u015far\u0131l\u0131 isimler \u00f6d\u00fcllerin sahibi oldu\" width=\"1208\" height=\"680\" title=\"\" srcset=\"https:\/\/www.tgrthaber.com\/mavikadin\/wp-content\/uploads\/ARZU-2025-09-05T181650.744.jpg 1208w, https:\/\/www.tgrthaber.com\/mavikadin\/wp-content\/uploads\/ARZU-2025-09-05T181650.744-300x169.jpg 300w, https:\/\/www.tgrthaber.com\/mavikadin\/wp-content\/uploads\/ARZU-2025-09-05T181650.744-1024x576.jpg 1024w, https:\/\/www.tgrthaber.com\/mavikadin\/wp-content\/uploads\/ARZU-2025-09-05T181650.744-768x432.jpg 768w\" sizes=\"(max-width: 1208px) 100vw, 1208px\" \/><\/h3>\n<hr \/>\n<h3>BA\u015eARILI \u0130S\u0130MLER \u00d6D\u00dcLLER\u0130N SAH\u0130B\u0130 OLDU<\/h3>\n<p>Birbirinden ba\u015far\u0131l\u0131 bu isimler 52.si d\u00fczenlen Kore Yay\u0131n \u00d6d\u00fclleri\u2019nde \u00f6ne \u00e7\u0131kan isimler aras\u0131nda yer ald\u0131.<\/p>\n<p><img loading=\"lazy\" decoding=\"async\" class=\"alignnone size-full wp-image-231525\" src=\"https:\/\/www.tgrthaber.com\/mavikadin\/wp-content\/uploads\/ARZU-2025-09-05T181715.695.jpg\" alt=\"52. Kore Yay\u0131n \u00d6d\u00fclleri yap\u0131ld\u0131! Ba\u015far\u0131l\u0131 isimler \u00f6d\u00fcllerin sahibi oldu\" width=\"1208\" height=\"680\" title=\"\" srcset=\"https:\/\/www.tgrthaber.com\/mavikadin\/wp-content\/uploads\/ARZU-2025-09-05T181715.695.jpg 1208w, https:\/\/www.tgrthaber.com\/mavikadin\/wp-content\/uploads\/ARZU-2025-09-05T181715.695-300x169.jpg 300w, https:\/\/www.tgrthaber.com\/mavikadin\/wp-content\/uploads\/ARZU-2025-09-05T181715.695-1024x576.jpg 1024w, https:\/\/www.tgrthaber.com\/mavikadin\/wp-content\/uploads\/ARZU-2025-09-05T181715.695-768x432.jpg 768w\" sizes=\"(max-width: 1208px) 100vw, 1208px\" \/><\/p>\n<hr \/>\n<p>Birbirinden ba\u015far\u0131l\u0131 isimler bu \u00f6zel gece \u00f6d\u00fcl al\u0131rken sosyal medyada g\u00fcndem oldular. Dizi, sinema ve m\u00fczik kategorilerindeki \u00f6d\u00fcller sahiplerini buldu.<\/p>\n<h3><img loading=\"lazy\" decoding=\"async\" class=\"alignnone size-full wp-image-231526\" src=\"https:\/\/www.tgrthaber.com\/mavikadin\/wp-content\/uploads\/ARZU-2025-09-05T181710.270.jpg\" alt=\"52. Kore Yay\u0131n \u00d6d\u00fclleri yap\u0131ld\u0131! Ba\u015far\u0131l\u0131 isimler \u00f6d\u00fcllerin sahibi oldu\" width=\"1208\" height=\"680\" title=\"\" srcset=\"https:\/\/www.tgrthaber.com\/mavikadin\/wp-content\/uploads\/ARZU-2025-09-05T181710.270.jpg 1208w, https:\/\/www.tgrthaber.com\/mavikadin\/wp-content\/uploads\/ARZU-2025-09-05T181710.270-300x169.jpg 300w, https:\/\/www.tgrthaber.com\/mavikadin\/wp-content\/uploads\/ARZU-2025-09-05T181710.270-1024x576.jpg 1024w, https:\/\/www.tgrthaber.com\/mavikadin\/wp-content\/uploads\/ARZU-2025-09-05T181710.270-768x432.jpg 768w\" sizes=\"(max-width: 1208px) 100vw, 1208px\" \/><\/h3>\n<hr \/>\n<h3>SIK\u00c7A SORULAN SORULAR<\/h3>\n<ul>\n<li><strong>Kore yay\u0131n \u00f6d\u00fclleri nedir?<\/strong><\/li>\n<\/ul>\n<p>Kore yay\u0131n \u00f6d\u00fclleri televizyon ve radyo alan\u0131nda en ba\u015far\u0131l\u0131 yap\u0131mlar\u0131, oyuncular\u0131, sunucular\u0131 ve programlar\u0131 \u00f6d\u00fcllendirmek i\u00e7in her y\u0131l ger\u00e7ekle\u015ftirilir.<\/p>\n<ul>\n<li><strong>Kore Yay\u0131n \u00d6d\u00fclleri ne zaman ve nerede yap\u0131ld\u0131?<\/strong><\/li>\n<\/ul>\n<p>Kore Yay\u0131n \u00d6d\u00fclleri 3 Eyl\u00fcl 2025 tarihinde Seul\u2019deki SBS Prism Tower\u2019da ger\u00e7ekle\u015fti. TV\u2019de canl\u0131 bir \u015fekilde ger\u00e7ekle\u015fti\u011fi baz\u0131 kaynaklarda yazmaktad\u0131r.<\/p>\n<p><img loading=\"lazy\" decoding=\"async\" class=\"alignnone size-full wp-image-231524\" src=\"https:\/\/www.tgrthaber.com\/mavikadin\/wp-content\/uploads\/ARZU-2025-09-05T181726.804.jpg\" alt=\"52. Kore Yay\u0131n \u00d6d\u00fclleri yap\u0131ld\u0131! Ba\u015far\u0131l\u0131 isimler \u00f6d\u00fcllerin sahibi oldu\" width=\"1208\" height=\"680\" title=\"\" srcset=\"https:\/\/www.tgrthaber.com\/mavikadin\/wp-content\/uploads\/ARZU-2025-09-05T181726.804.jpg 1208w, https:\/\/www.tgrthaber.com\/mavikadin\/wp-content\/uploads\/ARZU-2025-09-05T181726.804-300x169.jpg 300w, https:\/\/www.tgrthaber.com\/mavikadin\/wp-content\/uploads\/ARZU-2025-09-05T181726.804-1024x576.jpg 1024w, https:\/\/www.tgrthaber.com\/mavikadin\/wp-content\/uploads\/ARZU-2025-09-05T181726.804-768x432.jpg 768w\" sizes=\"(max-width: 1208px) 100vw, 1208px\" \/><\/p>\n<hr \/>\n<ul>\n<li><strong>Hangi kategorilerde \u00f6d\u00fcller verildi?<\/strong><\/li>\n<\/ul>\n<p>Drama, e\u011flence program\u0131, belgesel, radyo, haber ve oyunculuk gibi bir\u00e7ok farkl\u0131 kategoride \u00f6d\u00fcller da\u011f\u0131t\u0131ld\u0131.<\/p>\n<ul>\n<li><strong>Kore Yay\u0131n \u00d6d\u00fclleri\u2019nin \u00f6nemi nedir?<\/strong><\/li>\n<\/ul>\n<p>\u00d6d\u00fcller G\u00fcney Kore\u2019nin medya sekt\u00f6r\u00fcndeki en sayg\u0131n organizasyonlar\u0131ndan biri. \u00d6d\u00fcl sahipleri hem kariyerlerinde hem de uluslararas\u0131 tan\u0131n\u0131rl\u0131k kazan\u0131yorlar.<\/p>\n","protected":false},"excerpt":{"rendered":"<p>D\u00fcnyaca \u00fcnl\u00fc 52. Kore Yay\u0131n \u00d6d\u00fclleri, 3 Eyl\u00fcl&#8217;de Seul&#8217;deki SBS Prism Tower&#8217;da ger\u00e7ekle\u015fti. Birbirinden ba\u015far\u0131l\u0131 isim bu gece de \u00f6d\u00fcllerin sahibi oldu. \u0130\u015fte detaylar&#8230;<\/p>\n","protected":false},"author":34,"featured_media":231521,"comment_status":"closed","ping_status":"closed","sticky":false,"template":"","format":"standard","meta":{"rank_math_lock_modified_date":false,"footnotes":""},"categories":[76],"tags":[50628,4670,61574,2218],"class_list":["post-231518","post","type-post","status-publish","format-standard","has-post-thumbnail","hentry","category-magazin","tag-kore","tag-kore-magazin","tag-kore-yayin-odulleri","tag-magazin-haberleri"],"_links":{"self":[{"href":"https:\/\/www.tgrthaber.com\/mavikadin\/wp-json\/wp\/v2\/posts\/231518"}],"collection":[{"href":"https:\/\/www.tgrthaber.com\/mavikadin\/wp-json\/wp\/v2\/posts"}],"about":[{"href":"https:\/\/www.tgrthaber.com\/mavikadin\/wp-json\/wp\/v2\/types\/post"}],"author":[{"embeddable":true,"href":"https:\/\/www.tgrthaber.com\/mavikadin\/wp-json\/wp\/v2\/users\/34"}],"replies":[{"embeddable":true,"href":"https:\/\/www.tgrthaber.com\/mavikadin\/wp-json\/wp\/v2\/comments?post=231518"}],"version-history":[{"count":2,"href":"https:\/\/www.tgrthaber.com\/mavikadin\/wp-json\/wp\/v2\/posts\/231518\/revisions"}],"predecessor-version":[{"id":231530,"href":"https:\/\/www.tgrthaber.com\/mavikadin\/wp-json\/wp\/v2\/posts\/231518\/revisions\/231530"}],"wp:featuredmedia":[{"embeddable":true,"href":"https:\/\/www.tgrthaber.com\/mavikadin\/wp-json\/wp\/v2\/media\/231521"}],"wp:attachment":[{"href":"https:\/\/www.tgrthaber.com\/mavikadin\/wp-json\/wp\/v2\/media?parent=231518"}],"wp:term":[{"taxonomy":"category","embeddable":true,"href":"https:\/\/www.tgrthaber.com\/mavikadin\/wp-json\/wp\/v2\/categories?post=231518"},{"taxonomy":"post_tag","embeddable":true,"href":"https:\/\/www.tgrthaber.com\/mavikadin\/wp-json\/wp\/v2\/tags?post=231518"}],"curies":[{"name":"wp","href":"https:\/\/api.w.org\/{rel}","templated":true}]}}