{"id":231520,"date":"2025-09-05T18:41:34","date_gmt":"2025-09-05T15:41:34","guid":{"rendered":"https:\/\/www.tgrthaber.com\/mavikadin\/?p=231520"},"modified":"2025-09-05T18:43:10","modified_gmt":"2025-09-05T15:43:10","slug":"masterchef-mehmet-yalcinkayadan-herkesi-soke-eden-degisim-gorenler-latif-doganin-aynisiymis-diyor","status":"publish","type":"post","link":"https:\/\/www.tgrthaber.com\/mavikadin\/masterchef-mehmet-yalcinkayadan-herkesi-soke-eden-degisim-gorenler-latif-doganin-aynisiymis-diyor\/","title":{"rendered":"Masterchef Mehmet Yal\u00e7\u0131nkaya&#8217;dan herkesi \u015foke eden de\u011fi\u015fim! G\u00f6renler Latif Do\u011fan&#8217;\u0131n ayn\u0131s\u0131ym\u0131\u015f diyor"},"content":{"rendered":"<p class=\"p1\">TV8 ekranlar\u0131n\u0131n sevilerek seyredilen yar\u0131\u015fma program\u0131 MasterChef T\u00fcrkiye\u2019nin agresif ve sinirli olarak tan\u0131mlanan \u015fefi Mehmet Yal\u00e7\u0131nkaya\u2019n\u0131n y\u0131llar \u00f6ncesine dair \u00e7ekilen bir foto\u011fraf\u0131 sosyal medyan\u0131n g\u00fcndemine oturdu. B\u0131y\u0131kl\u0131 ve zay\u0131f hali ile \u015fark\u0131c\u0131 Latif Do\u011fan\u2019a benzetilen \u00fcnl\u00fc \u015fef sosyal medyada da g\u00fcndem oldu.<\/p>\n<h3 class=\"p1\">MASTERCHEF MEHMET YAL\u00c7INKAYA\u2019DAN HERKES\u0130 \u015eOKE EDEN DE\u011e\u0130\u015e\u0130M! G\u00d6RENLER AYNI LAT\u0130F DO\u011eAN OLMU\u015e D\u0130YOR!<\/h3>\n<p class=\"p1\">Ekranlar\u0131n\u0131n sevilerek seyredilen yar\u0131\u015fma program\u0131n\u0131n sevilen j\u00fcri \u00fcyesi<a href=\"https:\/\/www.tgrthaber.com\/mavikadin\/masterchefte-korkutan-anlar-mehmet-yalcinkaya-bir-anda-yere-kapaklandi-yurekler-agza-geldi\/\"> Mehmet Yal\u00e7\u0131nkaya<\/a>\u2019n\u0131n y\u0131llar \u00f6nceki gen\u00e7lik y\u0131llar\u0131na dair \u00e7ekilen bir foto\u011fraf\u0131 sosyal medyan\u0131n g\u00fcndemine oturdu.<\/p>\n<p><img loading=\"lazy\" decoding=\"async\" class=\"alignnone wp-image-231531 size-large\" src=\"https:\/\/www.tgrthaber.com\/mavikadin\/wp-content\/uploads\/Ekran-Resmi-2025-09-05-18.32.39-1024x569.png\" alt=\"\" width=\"1024\" height=\"569\" title=\"\" srcset=\"https:\/\/www.tgrthaber.com\/mavikadin\/wp-content\/uploads\/Ekran-Resmi-2025-09-05-18.32.39-1024x569.png 1024w, https:\/\/www.tgrthaber.com\/mavikadin\/wp-content\/uploads\/Ekran-Resmi-2025-09-05-18.32.39-300x167.png 300w, https:\/\/www.tgrthaber.com\/mavikadin\/wp-content\/uploads\/Ekran-Resmi-2025-09-05-18.32.39-768x427.png 768w, https:\/\/www.tgrthaber.com\/mavikadin\/wp-content\/uploads\/Ekran-Resmi-2025-09-05-18.32.39.png 1026w\" sizes=\"(max-width: 1024px) 100vw, 1024px\" \/><\/p>\n<hr \/>\n<p class=\"p1\">\u015eimdiki imaj\u0131ndan olduk\u00e7a farkl\u0131 bir imaj\u0131 olan Mehmet Yal\u00e7\u0131nkaya\u2019n\u0131n b\u0131y\u0131kl\u0131 ve zay\u0131f hali g\u00f6renleri \u015fa\u015f\u0131rtt\u0131. Sosyal medya kullan\u0131c\u0131lar\u0131, \u2018Bu ne \u015fefim resmen evrim ge\u00e7irmi\u015fsiniz\u2019, \u2018 Latif Do\u011fan\u2019\u0131n gen\u00e7li\u011fi olmu\u015fsunuz\u2019, \u2018Eskiden Latif Do\u011fan\u2019\u0131n ayn\u0131s\u0131ym\u0131\u015fs\u0131n\u0131z\u2019 \u015feklinde yorumlarda bulundu.<\/p>\n<p><img loading=\"lazy\" decoding=\"async\" class=\"alignnone wp-image-231532 \" src=\"https:\/\/www.tgrthaber.com\/mavikadin\/wp-content\/uploads\/Ekran-Resmi-2025-09-05-18.32.23.png\" alt=\"\" width=\"999\" height=\"629\" title=\"\" srcset=\"https:\/\/www.tgrthaber.com\/mavikadin\/wp-content\/uploads\/Ekran-Resmi-2025-09-05-18.32.23.png 826w, https:\/\/www.tgrthaber.com\/mavikadin\/wp-content\/uploads\/Ekran-Resmi-2025-09-05-18.32.23-300x189.png 300w, https:\/\/www.tgrthaber.com\/mavikadin\/wp-content\/uploads\/Ekran-Resmi-2025-09-05-18.32.23-768x483.png 768w\" sizes=\"(max-width: 999px) 100vw, 999px\" \/><\/p>\n<hr \/>\n<h3>MASTERCHEF J\u00dcR\u0130S\u0130 MEHMET YAL\u00c7INKAYA K\u0130MD\u0130R?<\/h3>\n<p class=\"p1\">MasterChef T\u00fcrkiye\u2019nin sevilen j\u00fcrisi Mehmet Yal\u00e7\u0131nkaya 1974\u2019te Bolu\u2019da d\u00fcnyaya geldi. D\u00fcnyan\u0131n farkl\u0131 yerlerinde Gastronomi ve Mutfak Kardinat\u00f6rl\u00fc\u011f\u00fc yapan Mehmet Yal\u00e7\u0131nkaya T\u00fcrkiye\u2019de Bodrum ve \u0130stanbul olmak \u00fczere bir\u00e7ok otel ve restoranda mutfak \u015fefli\u011fi yapm\u0131\u015ft\u0131r.<\/p>\n<p><img loading=\"lazy\" decoding=\"async\" class=\"alignnone wp-image-231536 \" src=\"https:\/\/www.tgrthaber.com\/mavikadin\/wp-content\/uploads\/Ekran-Resmi-2025-09-05-18.37.12.png\" alt=\"\" width=\"991\" height=\"596\" title=\"\" srcset=\"https:\/\/www.tgrthaber.com\/mavikadin\/wp-content\/uploads\/Ekran-Resmi-2025-09-05-18.37.12.png 984w, https:\/\/www.tgrthaber.com\/mavikadin\/wp-content\/uploads\/Ekran-Resmi-2025-09-05-18.37.12-300x180.png 300w, https:\/\/www.tgrthaber.com\/mavikadin\/wp-content\/uploads\/Ekran-Resmi-2025-09-05-18.37.12-768x462.png 768w\" sizes=\"(max-width: 991px) 100vw, 991px\" \/><\/p>\n<hr \/>\n<p class=\"p1\">\u00dcnl\u00fc \u015fef 1988 y\u0131l\u0131nda orta \u00f6\u011frenimini bitirmi\u015f ard\u0131ndan mesleki kariyerine ad\u0131m atm\u0131\u015ft\u0131r.<span class=\"Apple-converted-space\">\u00a0 <\/span>2004 y\u0131l\u0131nda \u0130stanbul Yemek Akademisi&#8217;nde de insan anatomisi ve sindirim sistemi \u00fczerine e\u011fitim alm\u0131\u015ft\u0131r.<span class=\"Apple-converted-space\">\u00a0 <\/span>Amerika&#8217;n\u0131n \u00fcnl\u00fc gurme dergisi &#8220;Cul\u0131nary&#8221; de Trend Chef olarak biyografisi ve spesiyalleri yay\u0131nlanm\u0131\u015ft\u0131r.<\/p>\n<p><img loading=\"lazy\" decoding=\"async\" class=\"alignnone wp-image-231533 size-full\" src=\"https:\/\/www.tgrthaber.com\/mavikadin\/wp-content\/uploads\/Ekran-Resmi-2025-09-05-18.32.57.png\" alt=\"\" width=\"1020\" height=\"532\" title=\"\" srcset=\"https:\/\/www.tgrthaber.com\/mavikadin\/wp-content\/uploads\/Ekran-Resmi-2025-09-05-18.32.57.png 1020w, https:\/\/www.tgrthaber.com\/mavikadin\/wp-content\/uploads\/Ekran-Resmi-2025-09-05-18.32.57-300x156.png 300w, https:\/\/www.tgrthaber.com\/mavikadin\/wp-content\/uploads\/Ekran-Resmi-2025-09-05-18.32.57-768x401.png 768w\" sizes=\"(max-width: 1020px) 100vw, 1020px\" \/><\/p>\n<hr \/>\n<p class=\"p1\">Mehmet Yal\u00e7\u0131nkaya, Almanya&#8217;n\u0131n Erfurt \u015fehrinde, d\u00f6rt y\u0131lda bir yap\u0131lan 2008 &#8216;Ika Olimpiyade Der K\u00f6che A&#8217; kategorisinde bronz madalya alarak d\u00fcnya \u00fc\u00e7\u00fcnc\u00fcs\u00fc olmu\u015f ve ad\u0131n\u0131 d\u00fcnyada da duyurmu\u015ftur. Uluslararas\u0131 alandaki yemek yar\u0131\u015fmalar\u0131nda yer alan Mehmet Yal\u00e7\u0131nkaya d\u00fcnyada da ad\u0131ndan s\u00f6z ettirmi\u015ftir. Bunun yan\u0131 s\u0131ra farkl\u0131 tatlar\u0131n bulu\u015fmas\u0131 olan \u2018Fushion Mutfak\u2019 ak\u0131m\u0131n\u0131 T\u00fcrkiye\u2019de ba\u015flatm\u0131\u015f ilk ki\u015fidir.<\/p>\n<p><img loading=\"lazy\" decoding=\"async\" class=\"alignnone wp-image-231534 \" src=\"https:\/\/www.tgrthaber.com\/mavikadin\/wp-content\/uploads\/Ekran-Resmi-2025-09-05-18.32.50.png\" alt=\"\" width=\"988\" height=\"574\" title=\"\" srcset=\"https:\/\/www.tgrthaber.com\/mavikadin\/wp-content\/uploads\/Ekran-Resmi-2025-09-05-18.32.50.png 988w, https:\/\/www.tgrthaber.com\/mavikadin\/wp-content\/uploads\/Ekran-Resmi-2025-09-05-18.32.50-300x174.png 300w, https:\/\/www.tgrthaber.com\/mavikadin\/wp-content\/uploads\/Ekran-Resmi-2025-09-05-18.32.50-768x446.png 768w\" sizes=\"(max-width: 988px) 100vw, 988px\" \/><\/p>\n<hr \/>\n<p class=\"p1\">Yal\u00e7\u0131nkaya, 2007 y\u0131l\u0131nda T\u00fcrkiye&#8217;de ilk olarak Banquet servislerinde minimalist ve butik bir \u00e7al\u0131\u015fma olan ki\u015fiye \u00f6zel servis konseptini geli\u015ftirmi\u015ftir.<\/p>\n<p><img loading=\"lazy\" decoding=\"async\" class=\"alignnone wp-image-231535 \" src=\"https:\/\/www.tgrthaber.com\/mavikadin\/wp-content\/uploads\/Ekran-Resmi-2025-09-05-18.32.45-1024x544.png\" alt=\"\" width=\"1024\" height=\"544\" title=\"\" srcset=\"https:\/\/www.tgrthaber.com\/mavikadin\/wp-content\/uploads\/Ekran-Resmi-2025-09-05-18.32.45-1024x544.png 1024w, https:\/\/www.tgrthaber.com\/mavikadin\/wp-content\/uploads\/Ekran-Resmi-2025-09-05-18.32.45-300x159.png 300w, https:\/\/www.tgrthaber.com\/mavikadin\/wp-content\/uploads\/Ekran-Resmi-2025-09-05-18.32.45-768x408.png 768w, https:\/\/www.tgrthaber.com\/mavikadin\/wp-content\/uploads\/Ekran-Resmi-2025-09-05-18.32.45.png 1058w\" sizes=\"(max-width: 1024px) 100vw, 1024px\" \/><\/p>\n<hr \/>\n<p class=\"p1\">2012 y\u0131l\u0131nda T\u00fcrkiye A\u015f\u00e7\u0131lar Federasyonu Turculina Team Direkt\u00f6r\u00fc olarak D\u00fcnya A\u015f\u00e7\u0131lar Olimpiyatlar\u0131nda d\u00fcnya ikincisi olmu\u015ftur.<\/p>\n","protected":false},"excerpt":{"rendered":"<p>MasterChef&#8217;in sevilen j\u00fcrisi Mehmet Yal\u00e7\u0131nkaya&#8217;n\u0131n gen\u00e7lik y\u0131llar\u0131na ait foto\u011fraf\u0131n\u0131 g\u00f6renler \u015fa\u015ft\u0131 kald\u0131. B\u0131y\u0131kl\u0131 ve zay\u0131f hali \u00fcnl\u00fc \u015fark\u0131c\u0131 Latif Do\u011fan&#8217;a benzetilirken, sosyal medyada da komik yorumlar havada u\u00e7u\u015ftu. <\/p>\n","protected":false},"author":16,"featured_media":231537,"comment_status":"closed","ping_status":"closed","sticky":false,"template":"","format":"standard","meta":{"rank_math_lock_modified_date":false,"footnotes":""},"categories":[76],"tags":[],"class_list":["post-231520","post","type-post","status-publish","format-standard","has-post-thumbnail","hentry","category-magazin"],"_links":{"self":[{"href":"https:\/\/www.tgrthaber.com\/mavikadin\/wp-json\/wp\/v2\/posts\/231520"}],"collection":[{"href":"https:\/\/www.tgrthaber.com\/mavikadin\/wp-json\/wp\/v2\/posts"}],"about":[{"href":"https:\/\/www.tgrthaber.com\/mavikadin\/wp-json\/wp\/v2\/types\/post"}],"author":[{"embeddable":true,"href":"https:\/\/www.tgrthaber.com\/mavikadin\/wp-json\/wp\/v2\/users\/16"}],"replies":[{"embeddable":true,"href":"https:\/\/www.tgrthaber.com\/mavikadin\/wp-json\/wp\/v2\/comments?post=231520"}],"version-history":[{"count":2,"href":"https:\/\/www.tgrthaber.com\/mavikadin\/wp-json\/wp\/v2\/posts\/231520\/revisions"}],"predecessor-version":[{"id":231539,"href":"https:\/\/www.tgrthaber.com\/mavikadin\/wp-json\/wp\/v2\/posts\/231520\/revisions\/231539"}],"wp:featuredmedia":[{"embeddable":true,"href":"https:\/\/www.tgrthaber.com\/mavikadin\/wp-json\/wp\/v2\/media\/231537"}],"wp:attachment":[{"href":"https:\/\/www.tgrthaber.com\/mavikadin\/wp-json\/wp\/v2\/media?parent=231520"}],"wp:term":[{"taxonomy":"category","embeddable":true,"href":"https:\/\/www.tgrthaber.com\/mavikadin\/wp-json\/wp\/v2\/categories?post=231520"},{"taxonomy":"post_tag","embeddable":true,"href":"https:\/\/www.tgrthaber.com\/mavikadin\/wp-json\/wp\/v2\/tags?post=231520"}],"curies":[{"name":"wp","href":"https:\/\/api.w.org\/{rel}","templated":true}]}}