{"id":231540,"date":"2025-09-05T19:23:42","date_gmt":"2025-09-05T16:23:42","guid":{"rendered":"https:\/\/www.tgrthaber.com\/mavikadin\/?p=231540"},"modified":"2025-09-05T19:23:42","modified_gmt":"2025-09-05T16:23:42","slug":"berk-bakioglu-sakincali-dizisinin-kadrosuna-dahil-oldu","status":"publish","type":"post","link":"https:\/\/www.tgrthaber.com\/mavikadin\/berk-bakioglu-sakincali-dizisinin-kadrosuna-dahil-oldu\/","title":{"rendered":"Berk Bakio\u011flu Sak\u0131ncal\u0131 dizisinin kadrosuna dahil oldu!"},"content":{"rendered":"<p class=\"p1\">NOW\u2019un iddial\u0131 yap\u0131mlar\u0131ndan biri olan Sak\u0131ncal\u0131 dizisinin haz\u0131rl\u0131klar\u0131 tam gaz devam ediyor. Oyuncu kadrosuyla dikkat \u00e7eken diziye gen\u00e7 ku\u015fa\u011f\u0131n ba\u015far\u0131l\u0131 oyuncular\u0131ndan Berk Bakio\u011flu dahil oldu. Dizinin 15 Eyl\u00fcl\u2019de sete \u00e7\u0131kmas\u0131 planlan\u0131yor.<\/p>\n<h3>BERK BAK\u0130O\u011eLU SAKINCALI D\u0130Z\u0130S\u0130N\u0130N KADROSUNA DAH\u0130L OLDU<\/h3>\n<p class=\"p1\">Gold Film\u2019in haz\u0131rlad\u0131\u011f\u0131 NOW TV i\u00e7in \u00e7ekilecek olan Sak\u0131ncal\u0131 dizisinin haz\u0131rl\u0131klar\u0131 devam ediyor. Evlad\u0131n\u0131n intikam\u0131n\u0131 almak i\u00e7in m\u00fccadele verecek olan S\u00fcreyya\u2019n\u0131n hikayesini ekrana ta\u015f\u0131yacak olan dizi \u015fimdiden konusuyla merak uyand\u0131r\u0131yor.<\/p>\n<p><img loading=\"lazy\" decoding=\"async\" class=\"alignnone wp-image-231559 size-large\" src=\"https:\/\/www.tgrthaber.com\/mavikadin\/wp-content\/uploads\/Ekran-Resmi-2025-09-05-19.19.36-1024x565.png\" alt=\"\" width=\"1024\" height=\"565\" title=\"\" srcset=\"https:\/\/www.tgrthaber.com\/mavikadin\/wp-content\/uploads\/Ekran-Resmi-2025-09-05-19.19.36-1024x565.png 1024w, https:\/\/www.tgrthaber.com\/mavikadin\/wp-content\/uploads\/Ekran-Resmi-2025-09-05-19.19.36-300x166.png 300w, https:\/\/www.tgrthaber.com\/mavikadin\/wp-content\/uploads\/Ekran-Resmi-2025-09-05-19.19.36-768x424.png 768w, https:\/\/www.tgrthaber.com\/mavikadin\/wp-content\/uploads\/Ekran-Resmi-2025-09-05-19.19.36.png 1116w\" sizes=\"(max-width: 1024px) 100vw, 1024px\" \/><\/p>\n<hr \/>\n<p class=\"p1\">15 Eyl\u00fcl\u2019de sete \u00e7\u0131kmas\u0131 planlanan dizinin oyuncu kadrosuna da yeni isimler dahil olmaya devam ediyor. Birsen Altunta\u015f\u2019\u0131n haberine g\u00f6re diziye son olarak Berk Bakio\u011flu kat\u0131ld\u0131. Bakio\u011flu, dizide \u2018Ayaz\u2019 rol\u00fcyle ikinci evlili\u011fini S\u00fcrreyya\u2019yla yapan Naz\u0131m\u2019\u0131n \u00f6len ilk e\u015finden olan o\u011flunu oynayacak.<\/p>\n<p><img loading=\"lazy\" decoding=\"async\" class=\"alignnone wp-image-231553 \" src=\"https:\/\/www.tgrthaber.com\/mavikadin\/wp-content\/uploads\/Ekran-Resmi-2025-09-05-19.13.08.png\" alt=\"\" width=\"998\" height=\"574\" title=\"\" srcset=\"https:\/\/www.tgrthaber.com\/mavikadin\/wp-content\/uploads\/Ekran-Resmi-2025-09-05-19.13.08.png 984w, https:\/\/www.tgrthaber.com\/mavikadin\/wp-content\/uploads\/Ekran-Resmi-2025-09-05-19.13.08-300x173.png 300w, https:\/\/www.tgrthaber.com\/mavikadin\/wp-content\/uploads\/Ekran-Resmi-2025-09-05-19.13.08-768x442.png 768w\" sizes=\"(max-width: 998px) 100vw, 998px\" \/><\/p>\n<hr \/>\n<h3>BERK BAK\u0130O\u011eLU K\u0130MD\u0130R?<\/h3>\n<p class=\"p1\">Gen\u00e7 ku\u015fa\u011f\u0131n ba\u015far\u0131l\u0131 oyuncular\u0131ndan biri olan 13 Ocak 1999 y\u0131l\u0131nda \u0130stanbul\u2019da do\u011fmu\u015ftur. Aslen Arde\u015fenli olan Berk Bakio\u011flu\u2019nun televizyon ekranlar\u0131na ilk \u00e7\u0131k\u0131\u015f\u0131 2019 y\u0131l\u0131nda Sevdim Seni Bir Kere dizisindeki Ya\u011f\u0131z karakteriyle olmu\u015ftur. Hicran dizisinde oynad\u0131\u011f\u0131 Emre karakteriyle geni\u015f kitleler taraf\u0131ndan tan\u0131nan oyuncu son olarak Leyla: Hayat\u2026 A\u015fk\u2026 Adalet dizisinde yer alm\u0131\u015ft\u0131r.<\/p>\n<p><img loading=\"lazy\" decoding=\"async\" class=\"alignnone wp-image-231554 size-full\" src=\"https:\/\/www.tgrthaber.com\/mavikadin\/wp-content\/uploads\/Ekran-Resmi-2025-09-05-19.13.15.png\" alt=\"\" width=\"984\" height=\"592\" title=\"\" srcset=\"https:\/\/www.tgrthaber.com\/mavikadin\/wp-content\/uploads\/Ekran-Resmi-2025-09-05-19.13.15.png 984w, https:\/\/www.tgrthaber.com\/mavikadin\/wp-content\/uploads\/Ekran-Resmi-2025-09-05-19.13.15-300x180.png 300w, https:\/\/www.tgrthaber.com\/mavikadin\/wp-content\/uploads\/Ekran-Resmi-2025-09-05-19.13.15-768x462.png 768w\" sizes=\"(max-width: 984px) 100vw, 984px\" \/><\/p>\n<hr \/>\n<h3 class=\"p1\"><b>BERK BAK\u0130O\u011eLU OYNADI\u011eI D\u0130Z\u0130LER<\/b><\/h3>\n<p class=\"p1\">Sevdim Seni Bir Kere 2019-2020<\/p>\n<p class=\"p1\">Anneler 2020-2021<\/p>\n<p class=\"p1\">Hicran 2022-2023<\/p>\n<p class=\"p1\">Karde\u015flerim 2023-2024<\/p>\n<p><img loading=\"lazy\" decoding=\"async\" class=\"alignnone wp-image-231555 \" src=\"https:\/\/www.tgrthaber.com\/mavikadin\/wp-content\/uploads\/Ekran-Resmi-2025-09-05-19.13.20.png\" alt=\"\" width=\"1001\" height=\"605\" title=\"\" srcset=\"https:\/\/www.tgrthaber.com\/mavikadin\/wp-content\/uploads\/Ekran-Resmi-2025-09-05-19.13.20.png 966w, https:\/\/www.tgrthaber.com\/mavikadin\/wp-content\/uploads\/Ekran-Resmi-2025-09-05-19.13.20-300x181.png 300w, https:\/\/www.tgrthaber.com\/mavikadin\/wp-content\/uploads\/Ekran-Resmi-2025-09-05-19.13.20-768x464.png 768w\" sizes=\"(max-width: 1001px) 100vw, 1001px\" \/><\/p>\n<hr \/>\n<p class=\"p1\">Ta\u015f Ka\u011f\u0131t Makas 2024<\/p>\n<p class=\"p1\">Leyla: Hayat\u2026 A\u015fk\u2026 Adalet 2025<\/p>\n<p class=\"p1\"><b>Sinema:<\/b><b><\/b><\/p>\n<p class=\"p1\">Roza 2023<\/p>\n<p><img loading=\"lazy\" decoding=\"async\" class=\"alignnone wp-image-231556 \" src=\"https:\/\/www.tgrthaber.com\/mavikadin\/wp-content\/uploads\/Ekran-Resmi-2025-09-05-19.13.25.png\" alt=\"\" width=\"997\" height=\"612\" title=\"\" srcset=\"https:\/\/www.tgrthaber.com\/mavikadin\/wp-content\/uploads\/Ekran-Resmi-2025-09-05-19.13.25.png 958w, https:\/\/www.tgrthaber.com\/mavikadin\/wp-content\/uploads\/Ekran-Resmi-2025-09-05-19.13.25-300x184.png 300w, https:\/\/www.tgrthaber.com\/mavikadin\/wp-content\/uploads\/Ekran-Resmi-2025-09-05-19.13.25-768x471.png 768w\" sizes=\"(max-width: 997px) 100vw, 997px\" \/><\/p>\n<hr \/>\n<h3>SAKINCALI D\u0130Z\u0130S\u0130N\u0130N OYUNCU KADROSUNDA K\u0130MLER VAR?<\/h3>\n<p class=\"p2\">Sak\u0131ncal\u0131 dizisinin ba\u015frollerinde \u00d6zge \u00d6zpirin\u00e7\u00e7i ve Salih Bademci yer al\u0131yor. \u0130kili daha \u00f6nce \u2018\u0130lk ve Son\u2019 dizisinde birlikte kamera kar\u015f\u0131s\u0131na ge\u00e7mi\u015f ve ba\u015far\u0131l\u0131 oyunculuk performanslar\u0131yla b\u00fcy\u00fck be\u011feni toplam\u0131\u015ft\u0131. Bu projeyle ekranlarda yeniden bulu\u015fan ikilinin yeni dizide g\u00f6sterece\u011fi performans merakla bekleniyor.<\/p>\n<p><img loading=\"lazy\" decoding=\"async\" class=\"alignnone wp-image-231558 \" src=\"https:\/\/www.tgrthaber.com\/mavikadin\/wp-content\/uploads\/Ekran-Resmi-2025-09-05-19.16.01.png\" alt=\"\" width=\"993\" height=\"616\" title=\"\" srcset=\"https:\/\/www.tgrthaber.com\/mavikadin\/wp-content\/uploads\/Ekran-Resmi-2025-09-05-19.16.01.png 964w, https:\/\/www.tgrthaber.com\/mavikadin\/wp-content\/uploads\/Ekran-Resmi-2025-09-05-19.16.01-300x186.png 300w, https:\/\/www.tgrthaber.com\/mavikadin\/wp-content\/uploads\/Ekran-Resmi-2025-09-05-19.16.01-768x476.png 768w\" sizes=\"(max-width: 993px) 100vw, 993px\" \/><\/p>\n<hr \/>\n<h3 class=\"p1\">SAKINCALI D\u0130Z\u0130S\u0130N\u0130N KONUSU NE?<\/h3>\n<p class=\"p1\">NOW TV ekranlar\u0131nda izleyici ile bulu\u015fmaya haz\u0131rlanan Sak\u0131ncal\u0131 dizisi S\u00fcreyya adl\u0131 bir kad\u0131n\u0131n dramatik hikayesini konu edinecek. \u00c7ocu\u011funun intikam\u0131n\u0131 almak i\u00e7in zorlu bir m\u00fccadele verecek olan S\u00fcreyya\u2019n\u0131n hikayesi y\u00fcreklere dokunacak. Dizi, adalet aray\u0131\u015f\u0131, annelik g\u00fcd\u00fcs\u00fc ve ge\u00e7mi\u015fin hesapla\u015fmas\u0131 temalar\u0131yla \u00f6ne \u00e7\u0131kacak.<\/p>\n","protected":false},"excerpt":{"rendered":"<p>NOW&#8217;un heyecanla beklenen dizilerinden biri olan &#8216;Sak\u0131ncal\u0131&#8217; oyuncu kadrosuyla dikkat \u00e7ekiyor. Birbirinden usta isimlerin yer ald\u0131\u011f\u0131 diziye son olarak ba\u015far\u0131l\u0131 oyuncu Berk Bakio\u011flu dahil oldu. Bakio\u011flu dizide Ayaz rol\u00fcn\u00fc \u00fcstlenecek. <\/p>\n","protected":false},"author":16,"featured_media":231560,"comment_status":"closed","ping_status":"closed","sticky":false,"template":"","format":"standard","meta":{"rank_math_lock_modified_date":false,"footnotes":""},"categories":[602],"tags":[61577,61578,32159,2628,61579],"class_list":["post-231540","post","type-post","status-publish","format-standard","has-post-thumbnail","hentry","category-diziler","tag-berk-bakioglu-kimdir","tag-berk-bakioglu-sakincali-dizisi","tag-dizi","tag-dizi-haberleri","tag-sakincali-dizisi-ayaz-berk-bakioglu"],"_links":{"self":[{"href":"https:\/\/www.tgrthaber.com\/mavikadin\/wp-json\/wp\/v2\/posts\/231540"}],"collection":[{"href":"https:\/\/www.tgrthaber.com\/mavikadin\/wp-json\/wp\/v2\/posts"}],"about":[{"href":"https:\/\/www.tgrthaber.com\/mavikadin\/wp-json\/wp\/v2\/types\/post"}],"author":[{"embeddable":true,"href":"https:\/\/www.tgrthaber.com\/mavikadin\/wp-json\/wp\/v2\/users\/16"}],"replies":[{"embeddable":true,"href":"https:\/\/www.tgrthaber.com\/mavikadin\/wp-json\/wp\/v2\/comments?post=231540"}],"version-history":[{"count":1,"href":"https:\/\/www.tgrthaber.com\/mavikadin\/wp-json\/wp\/v2\/posts\/231540\/revisions"}],"predecessor-version":[{"id":231561,"href":"https:\/\/www.tgrthaber.com\/mavikadin\/wp-json\/wp\/v2\/posts\/231540\/revisions\/231561"}],"wp:featuredmedia":[{"embeddable":true,"href":"https:\/\/www.tgrthaber.com\/mavikadin\/wp-json\/wp\/v2\/media\/231560"}],"wp:attachment":[{"href":"https:\/\/www.tgrthaber.com\/mavikadin\/wp-json\/wp\/v2\/media?parent=231540"}],"wp:term":[{"taxonomy":"category","embeddable":true,"href":"https:\/\/www.tgrthaber.com\/mavikadin\/wp-json\/wp\/v2\/categories?post=231540"},{"taxonomy":"post_tag","embeddable":true,"href":"https:\/\/www.tgrthaber.com\/mavikadin\/wp-json\/wp\/v2\/tags?post=231540"}],"curies":[{"name":"wp","href":"https:\/\/api.w.org\/{rel}","templated":true}]}}