{"id":231552,"date":"2025-09-05T19:34:05","date_gmt":"2025-09-05T16:34:05","guid":{"rendered":"https:\/\/www.tgrthaber.com\/mavikadin\/?p=231552"},"modified":"2025-09-05T19:34:05","modified_gmt":"2025-09-05T16:34:05","slug":"zuhal-topalla-yemekteyiz-kadircan-kaya-kimdir-yemekteyiz-kadircan-ne-is-yapiyor","status":"publish","type":"post","link":"https:\/\/www.tgrthaber.com\/mavikadin\/zuhal-topalla-yemekteyiz-kadircan-kaya-kimdir-yemekteyiz-kadircan-ne-is-yapiyor\/","title":{"rendered":"Zuhal Topal&#8217;la Yemekteyiz Kadircan Kaya kimdir? Yemekteyiz Kadircan ne i\u015f yap\u0131yor?"},"content":{"rendered":"<p>Zuhal Topal&#8217;la Yemekteyiz&#8217;in 5. g\u00fcn yar\u0131\u015fmac\u0131s\u0131 Kadircan Kaya izleyicilerin epeyce dikkatini \u00e7ekti. Yar\u0131\u015fmadaki di\u011fer rakibiyle girdi\u011fi iddia sonucu kestirdi\u011fi sa\u00e7lar\u0131yla ekranlara gelen Kadircan Kaya2n\u0131n kim oldu\u011fu, ne i\u015f yapt\u0131\u011f\u0131 ve ya\u015f\u0131 merak edildi. Peki Zuhal Topal&#8217;la Yemekteyiz Kadircan Kaya kimdir, ka\u00e7 ya\u015f\u0131nda? Yemekteyiz Kadircan ne i\u015f yap\u0131yor? \u0130\u015fte Yemekteyiz izleyicisini ilgilendiren t\u00fcm detaylar&#8230;<\/p>\n<h3>ZUHAL TOPAL&#8217;LA YEMEKTEY\u0130Z KAD\u0130RCAN KAYA K\u0130MD\u0130R?<\/h3>\n<p>Yemekteyiz yar\u0131\u015fmas\u0131nda haftan\u0131n son g\u00fcn\u00fc yar\u0131\u015fan 5. g\u00fcn yar\u0131\u015fmac\u0131s\u0131 Kadircan Kaya aslen Erzurumlu. Do\u011fma b\u00fcy\u00fcme \u0130stanbul&#8217;lu olan Kadircan Kaya hen\u00fcz 24 ya\u015f\u0131nda.<\/p>\n<p><img loading=\"lazy\" decoding=\"async\" class=\"alignnone wp-image-231562\" src=\"https:\/\/www.tgrthaber.com\/mavikadin\/wp-content\/uploads\/Ekran-goruntusu-2025-09-05-190843-300x178.png\" alt=\"\" width=\"1208\" height=\"717\" title=\"\" srcset=\"https:\/\/www.tgrthaber.com\/mavikadin\/wp-content\/uploads\/Ekran-goruntusu-2025-09-05-190843-300x178.png 300w, https:\/\/www.tgrthaber.com\/mavikadin\/wp-content\/uploads\/Ekran-goruntusu-2025-09-05-190843.png 751w\" sizes=\"(max-width: 1208px) 100vw, 1208px\" \/><\/p>\n<hr \/>\n<p>Yar\u0131\u015fma boyunca net tavr\u0131 ve s\u00f6zleriyle dikkatleri \u00fczerine \u00e7eken Yemekteyiz Kadircan, yar\u0131\u015fmaya annesiyle kat\u0131ld\u0131.<\/p>\n<p><img loading=\"lazy\" decoding=\"async\" class=\"alignnone wp-image-231565\" src=\"https:\/\/www.tgrthaber.com\/mavikadin\/wp-content\/uploads\/Ekran-goruntusu-2025-09-05-190837-300x177.png\" alt=\"\" width=\"1208\" height=\"714\" title=\"\" srcset=\"https:\/\/www.tgrthaber.com\/mavikadin\/wp-content\/uploads\/Ekran-goruntusu-2025-09-05-190837-300x177.png 300w, https:\/\/www.tgrthaber.com\/mavikadin\/wp-content\/uploads\/Ekran-goruntusu-2025-09-05-190837.png 744w\" sizes=\"(max-width: 1208px) 100vw, 1208px\" \/><\/p>\n<hr \/>\n<h3>YEMEKTEY\u0130Z KAD\u0130RCAN NE \u0130\u015e YAPIYOR?<\/h3>\n<p>Yemekteyiz yar\u0131\u015fmac\u0131s\u0131 Kadircan Kaya yemek yapma tutkusunu ah\u00e7\u0131l\u0131\u011fa d\u00f6n\u00fc\u015ft\u00fcrm\u00fc\u015f ve bunu meslek edinmi\u015f. Annesinin mutfaktaki lezzetinden ilham ald\u0131\u011f\u0131n\u0131 ve yeme\u011fe olan ilgisinin annesinden geldi\u011fini belirten Kadircan Kaya, ayn\u0131 zamanda ticaretle de u\u011fra\u015f\u0131yor. Yapmad\u0131\u011f\u0131m i\u015f kalmad\u0131 diyen Kadircan Kaya ah\u00e7\u0131l\u0131k konusunda da olduk\u00e7a kendisinden emin.<\/p>\n<p><img loading=\"lazy\" decoding=\"async\" class=\"alignnone wp-image-231566\" src=\"https:\/\/www.tgrthaber.com\/mavikadin\/wp-content\/uploads\/Ekran-goruntusu-2025-09-05-193122-300x173.png\" alt=\"\" width=\"1208\" height=\"695\" title=\"\" srcset=\"https:\/\/www.tgrthaber.com\/mavikadin\/wp-content\/uploads\/Ekran-goruntusu-2025-09-05-193122-300x173.png 300w, https:\/\/www.tgrthaber.com\/mavikadin\/wp-content\/uploads\/Ekran-goruntusu-2025-09-05-193122.png 749w\" sizes=\"(max-width: 1208px) 100vw, 1208px\" \/><\/p>\n<hr \/>\n<h3>KAD\u0130RCAN KAYA&#8217;NIN MEN\u00dcS\u00dcNDE YOK YOK!<\/h3>\n<p>Yemekteyiz Kadircan, yar\u0131\u015fma i\u00e7in haz\u0131rlad\u0131\u011f\u0131 men\u00fcyle de \u00e7ok konu\u015fuldu. \u0130\u015fte Kadircan Kaya&#8217;n\u0131n Yemekteyiz&#8217;e \u00f6zel men\u00fcs\u00fc&#8230;<\/p>\n<p>Detoks \u00f6zellikli damak temizleyici<\/p>\n<p>Filipin usul\u00fc spesiyal \u00e7orba<\/p>\n<p><img loading=\"lazy\" decoding=\"async\" class=\"alignnone wp-image-231564\" src=\"https:\/\/www.tgrthaber.com\/mavikadin\/wp-content\/uploads\/Ekran-goruntusu-2025-09-05-190830-300x182.png\" alt=\"\" width=\"1208\" height=\"735\" title=\"\" srcset=\"https:\/\/www.tgrthaber.com\/mavikadin\/wp-content\/uploads\/Ekran-goruntusu-2025-09-05-190830-300x182.png 300w, https:\/\/www.tgrthaber.com\/mavikadin\/wp-content\/uploads\/Ekran-goruntusu-2025-09-05-190830.png 730w\" sizes=\"(max-width: 1208px) 100vw, 1208px\" \/><\/p>\n<hr \/>\n<p>Mantar \u00e7ana\u011f\u0131nda parmesanl\u0131 i\u00e7 \u00fcst\u00fcnde<\/p>\n<p>Karides ve mangal aromal\u0131 yo\u011furt<\/p>\n<p><img loading=\"lazy\" decoding=\"async\" class=\"alignnone wp-image-231563\" src=\"https:\/\/www.tgrthaber.com\/mavikadin\/wp-content\/uploads\/Ekran-goruntusu-2025-09-05-190613-300x165.png\" alt=\"\" width=\"1208\" height=\"663\" title=\"\" srcset=\"https:\/\/www.tgrthaber.com\/mavikadin\/wp-content\/uploads\/Ekran-goruntusu-2025-09-05-190613-300x165.png 300w, https:\/\/www.tgrthaber.com\/mavikadin\/wp-content\/uploads\/Ekran-goruntusu-2025-09-05-190613-768x422.png 768w, https:\/\/www.tgrthaber.com\/mavikadin\/wp-content\/uploads\/Ekran-goruntusu-2025-09-05-190613.png 803w\" sizes=\"(max-width: 1208px) 100vw, 1208px\" \/><\/p>\n<hr \/>\n<p>Kuzukula\u011f\u0131 beurre blanc somon<\/p>\n<p>Izgara ku\u015fkonmaz ve tatl\u0131 patates p\u00fcresi<\/p>\n<p>Portakal marined enginar mix salata<\/p>\n<p>Hibiscus aromal\u0131 krema soslu kat asta<\/p>\n<p><img loading=\"lazy\" decoding=\"async\" class=\"alignnone wp-image-231567\" src=\"https:\/\/www.tgrthaber.com\/mavikadin\/wp-content\/uploads\/Ekran-goruntusu-2025-09-05-193112-300x173.png\" alt=\"\" width=\"1208\" height=\"699\" title=\"\" srcset=\"https:\/\/www.tgrthaber.com\/mavikadin\/wp-content\/uploads\/Ekran-goruntusu-2025-09-05-193112-300x173.png 300w, https:\/\/www.tgrthaber.com\/mavikadin\/wp-content\/uploads\/Ekran-goruntusu-2025-09-05-193112.png 747w\" sizes=\"(max-width: 1208px) 100vw, 1208px\" \/><\/p>\n<hr \/>\n<h3>YEMEKTEY\u0130Z KAD\u0130RCAN KAYA YEMEKTEY\u0130Z&#8217;DE 200 B\u0130N TL&#8217;N\u0130N SAH\u0130B\u0130 OLDU<\/h3>\n<p>Hafta boyunca dikkat \u00e7eken Kadircan Kaya yapt\u0131\u011f\u0131 sunum, men\u00fc ve yemek lezzetiyle toplamda 39 puan alarak 200 bin TL&#8217;yi evine g\u00f6t\u00fcren isim oldu. 200 bin TL&#8217;yi alan Yemekteyiz Kadircan, ad\u0131ndan olduk\u00e7a s\u00f6z ettirdi.<\/p>\n<p>Zuhal Topal&#8217;la Yemekteyiz hafta i\u00e7i herg\u00fcn TV8 ekranlar\u0131nda oluyor. Her Cuma puan hesaplamas\u0131 yap\u0131lan yar\u0131\u015fmada birinci olan 200 bin TL&#8217;nin sahibi oluyor.<\/p>\n","protected":false},"excerpt":{"rendered":"<p>TV8 ekranlar\u0131nda hafta i\u00e7i her g\u00fcn yay\u0131nlanan Zuhal Topal&#8217;la Yemekteyiz&#8217;de 1 ila 5 Eyl\u00fcl haftas\u0131nda yar\u0131\u015fan Kadircan Kaya dikkatleri \u00fczerine \u00e7ekti. Peki Yemekteyiz Kadircan Kaya kimdir, ka\u00e7 ya\u015f\u0131nda? Yemekteyiz Kadircan ne i\u015f yap\u0131yor? \u0130\u015fte merak edilenler&#8230;<\/p>\n","protected":false},"author":35,"featured_media":231557,"comment_status":"closed","ping_status":"closed","sticky":false,"template":"","format":"standard","meta":{"rank_math_lock_modified_date":false,"footnotes":""},"categories":[491],"tags":[3374,8465,61580,61581,61582],"class_list":["post-231552","post","type-post","status-publish","format-standard","has-post-thumbnail","hentry","category-biyografi","tag-biyografi","tag-yemekteyiz","tag-yemekteyiz-1-5-eylul-2025","tag-yemekteyiz-kadircan-kaya","tag-yemekteyiz-kadircan-kimdir"],"_links":{"self":[{"href":"https:\/\/www.tgrthaber.com\/mavikadin\/wp-json\/wp\/v2\/posts\/231552"}],"collection":[{"href":"https:\/\/www.tgrthaber.com\/mavikadin\/wp-json\/wp\/v2\/posts"}],"about":[{"href":"https:\/\/www.tgrthaber.com\/mavikadin\/wp-json\/wp\/v2\/types\/post"}],"author":[{"embeddable":true,"href":"https:\/\/www.tgrthaber.com\/mavikadin\/wp-json\/wp\/v2\/users\/35"}],"replies":[{"embeddable":true,"href":"https:\/\/www.tgrthaber.com\/mavikadin\/wp-json\/wp\/v2\/comments?post=231552"}],"version-history":[{"count":2,"href":"https:\/\/www.tgrthaber.com\/mavikadin\/wp-json\/wp\/v2\/posts\/231552\/revisions"}],"predecessor-version":[{"id":231569,"href":"https:\/\/www.tgrthaber.com\/mavikadin\/wp-json\/wp\/v2\/posts\/231552\/revisions\/231569"}],"wp:featuredmedia":[{"embeddable":true,"href":"https:\/\/www.tgrthaber.com\/mavikadin\/wp-json\/wp\/v2\/media\/231557"}],"wp:attachment":[{"href":"https:\/\/www.tgrthaber.com\/mavikadin\/wp-json\/wp\/v2\/media?parent=231552"}],"wp:term":[{"taxonomy":"category","embeddable":true,"href":"https:\/\/www.tgrthaber.com\/mavikadin\/wp-json\/wp\/v2\/categories?post=231552"},{"taxonomy":"post_tag","embeddable":true,"href":"https:\/\/www.tgrthaber.com\/mavikadin\/wp-json\/wp\/v2\/tags?post=231552"}],"curies":[{"name":"wp","href":"https:\/\/api.w.org\/{rel}","templated":true}]}}