{"id":231571,"date":"2025-09-05T20:16:34","date_gmt":"2025-09-05T17:16:34","guid":{"rendered":"https:\/\/www.tgrthaber.com\/mavikadin\/?p=231571"},"modified":"2025-09-05T20:32:38","modified_gmt":"2025-09-05T17:32:38","slug":"zuhal-topalla-yemekteyiz-kim-kazandi-5-eylul-cuma-yemekteyiz-birincisi-kim-oldu","status":"publish","type":"post","link":"https:\/\/www.tgrthaber.com\/mavikadin\/zuhal-topalla-yemekteyiz-kim-kazandi-5-eylul-cuma-yemekteyiz-birincisi-kim-oldu\/","title":{"rendered":"Zuhal Topal&#8217;la Yemekteyiz kim kazand\u0131? 5 Eyl\u00fcl Cuma Yemekteyiz birincisi kim oldu?"},"content":{"rendered":"<p>Zuhal Topal&#8217;la Yemekteyiz&#8217;de haftan\u0131n finali olur olmaz ssyal medyan\u0131n g\u00fcndeminde de &#8216;Zuhal Topal&#8217;la Yemekteyiz kim kazand\u0131?&#8217;, &#8216;Yemekteyiz birincisi kim oldu?&#8217; sorular\u0131 yer ald\u0131. 200 bin TL&#8217;lik b\u00fcy\u00fck \u00f6d\u00fcl\u00fc kimin ald\u0131\u011f\u0131 merak edilirken, haftan\u0131n son g\u00fcn\u00fc olan Cuma g\u00fcn\u00fcnde, Yemketeyiz&#8217;in finali konu\u015fuluyor. Peki Yemekteyiz kim kazand\u0131? Zuhal Topal&#8217;la Yemekteyiz b\u00fcy\u00fck \u00f6d\u00fcl\u00fcn sahibi kim oldu? \u0130\u015fte Yemekteyiz&#8217;de 1 ila 5 Eyl\u00fcl haftas\u0131 kazanan\u0131&#8230;<\/p>\n<h3>ZUHAL TOPAL&#8217;LA YEMEKTEY\u0130Z K\u0130M KAZANDI?<\/h3>\n<p>Hafta i\u00e7i her g\u00fcn Zuhal Topal&#8217;\u0131n sundu\u011fu Yemekteyiz program\u0131 yine dikkat \u00e7eken yar\u0131\u015fmac\u0131lar\u0131 a\u011f\u0131rlad\u0131. 1-5 Eyl\u00fcl haftas\u0131nda yar\u0131\u015fan yar\u0131\u015fmac\u0131lar her g\u00fcn mutfakta\u00a0 h\u00fcnerlerini sergilerken, haftan\u0131n sonunda yaln\u0131zca bir ki\u015fi b\u00fcy\u00fck \u00f6d\u00fcl\u00fcn sahibi oldu.<\/p>\n<p><img loading=\"lazy\" decoding=\"async\" class=\"alignnone wp-image-231587\" src=\"https:\/\/www.tgrthaber.com\/mavikadin\/wp-content\/uploads\/Ekran-goruntusu-2025-09-05-194328-300x168.png\" alt=\"\" width=\"1208\" height=\"677\" title=\"\" srcset=\"https:\/\/www.tgrthaber.com\/mavikadin\/wp-content\/uploads\/Ekran-goruntusu-2025-09-05-194328-300x168.png 300w, https:\/\/www.tgrthaber.com\/mavikadin\/wp-content\/uploads\/Ekran-goruntusu-2025-09-05-194328-1024x574.png 1024w, https:\/\/www.tgrthaber.com\/mavikadin\/wp-content\/uploads\/Ekran-goruntusu-2025-09-05-194328-768x430.png 768w, https:\/\/www.tgrthaber.com\/mavikadin\/wp-content\/uploads\/Ekran-goruntusu-2025-09-05-194328.png 1048w\" sizes=\"(max-width: 1208px) 100vw, 1208px\" \/><\/p>\n<hr \/>\n<p>200 bin TL i\u00e7in k\u0131yas\u0131ya rekabet ya\u015fanan programda, yar\u0131\u015fmac\u0131lar\u0131n ve Zuhal Topal&#8217;\u0131n verdi\u011fi puanlar birinciye b\u00fcy\u00fck \u00f6d\u00fcl\u00fc kazand\u0131rd\u0131.<\/p>\n<p><img loading=\"lazy\" decoding=\"async\" class=\"alignnone wp-image-231584\" src=\"https:\/\/www.tgrthaber.com\/mavikadin\/wp-content\/uploads\/Ekran-goruntusu-2025-09-05-194425-300x166.png\" alt=\"\" width=\"1208\" height=\"670\" title=\"\" srcset=\"https:\/\/www.tgrthaber.com\/mavikadin\/wp-content\/uploads\/Ekran-goruntusu-2025-09-05-194425-300x166.png 300w, https:\/\/www.tgrthaber.com\/mavikadin\/wp-content\/uploads\/Ekran-goruntusu-2025-09-05-194425-1024x568.png 1024w, https:\/\/www.tgrthaber.com\/mavikadin\/wp-content\/uploads\/Ekran-goruntusu-2025-09-05-194425-768x426.png 768w, https:\/\/www.tgrthaber.com\/mavikadin\/wp-content\/uploads\/Ekran-goruntusu-2025-09-05-194425.png 1058w\" sizes=\"(max-width: 1208px) 100vw, 1208px\" \/><\/p>\n<hr \/>\n<p>Bu haftan\u0131n yar\u0131\u015fmac\u0131lar\u0131 aras\u0131nda G\u00fclfinaz Han\u0131m, Tanem Han\u0131m, \u00d6mer Bey, Yeliz Han\u0131m ve Kadircan Bey yer ald\u0131. Yar\u0131\u015fma boyunca heyecan\u0131n zirve yapt\u0131\u011f\u0131 yar\u0131\u015fmada herkes kendi g\u00fcn\u00fcnde mutfak h\u00fcnerlerini Yemekteyiz program\u0131na ta\u015f\u0131d\u0131.<\/p>\n<p><img loading=\"lazy\" decoding=\"async\" class=\"alignnone wp-image-231582\" src=\"https:\/\/www.tgrthaber.com\/mavikadin\/wp-content\/uploads\/Ekran-goruntusu-2025-09-05-194407-300x166.png\" alt=\"\" width=\"1208\" height=\"669\" title=\"\" srcset=\"https:\/\/www.tgrthaber.com\/mavikadin\/wp-content\/uploads\/Ekran-goruntusu-2025-09-05-194407-300x166.png 300w, https:\/\/www.tgrthaber.com\/mavikadin\/wp-content\/uploads\/Ekran-goruntusu-2025-09-05-194407-1024x567.png 1024w, https:\/\/www.tgrthaber.com\/mavikadin\/wp-content\/uploads\/Ekran-goruntusu-2025-09-05-194407-768x425.png 768w, https:\/\/www.tgrthaber.com\/mavikadin\/wp-content\/uploads\/Ekran-goruntusu-2025-09-05-194407.png 1060w\" sizes=\"(max-width: 1208px) 100vw, 1208px\" \/><\/p>\n<hr \/>\n<h3>5 EYL\u00dcL CUMA YEMEKTEY\u0130Z B\u0130R\u0130NC\u0130S\u0130 K\u0130M OLDU?<\/h3>\n<p>Haftan\u0131n 5 g\u00fcn\u00fc yar\u0131\u015fan yar\u0131\u015fmac\u0131lar, Cuma g\u00fcn\u00fc Yemekteyiz&#8217;de final yapt\u0131. Sunulan men\u00fcden yemek lezzetine, misafirververlikten teknik bilgiye her a\u015famaya puan verilen yar\u0131\u015fmada son ikiye kalan yar\u0131\u015fmac\u0131lar ise haftan\u0131n ilk g\u00fcn yar\u0131\u015fmac\u0131s\u0131 G\u00fclfinaz ile haftan\u0131n 5. g\u00fcn yar\u0131\u015fmac\u0131s\u0131 <a href=\"https:\/\/www.tgrthaber.com\/mavikadin\/zuhal-topalla-yemekteyiz-kadircan-kaya-kimdir-yemekteyiz-kadircan-ne-is-yapiyor\/\">Kadircan Kaya<\/a> oldu.<\/p>\n<p><img loading=\"lazy\" decoding=\"async\" class=\"alignnone wp-image-231585\" src=\"https:\/\/www.tgrthaber.com\/mavikadin\/wp-content\/uploads\/Ekran-goruntusu-2025-09-05-194620-300x171.png\" alt=\"\" width=\"1208\" height=\"687\" title=\"\" srcset=\"https:\/\/www.tgrthaber.com\/mavikadin\/wp-content\/uploads\/Ekran-goruntusu-2025-09-05-194620-300x171.png 300w, https:\/\/www.tgrthaber.com\/mavikadin\/wp-content\/uploads\/Ekran-goruntusu-2025-09-05-194620-1024x582.png 1024w, https:\/\/www.tgrthaber.com\/mavikadin\/wp-content\/uploads\/Ekran-goruntusu-2025-09-05-194620-768x437.png 768w, https:\/\/www.tgrthaber.com\/mavikadin\/wp-content\/uploads\/Ekran-goruntusu-2025-09-05-194620.png 1027w\" sizes=\"(max-width: 1208px) 100vw, 1208px\" \/><\/p>\n<hr \/>\n<p>Kritik detaylara ve hatalara bak\u0131larak verilen tabaklar sonucu kazanan Kadircan Kaya oldu. Yemekteyiz Kadircan yar\u0131\u015fmac\u0131lardan 31, Zuhal Topal&#8217;den ise 8 puan alarak 39 puanla haftan\u0131n birincisi se\u00e7ildi.<\/p>\n<p><img loading=\"lazy\" decoding=\"async\" class=\"alignnone wp-image-231586\" src=\"https:\/\/www.tgrthaber.com\/mavikadin\/wp-content\/uploads\/Ekran-goruntusu-2025-09-05-194626-300x173.png\" alt=\"\" width=\"1208\" height=\"696\" title=\"\" srcset=\"https:\/\/www.tgrthaber.com\/mavikadin\/wp-content\/uploads\/Ekran-goruntusu-2025-09-05-194626-300x173.png 300w, https:\/\/www.tgrthaber.com\/mavikadin\/wp-content\/uploads\/Ekran-goruntusu-2025-09-05-194626-1024x590.png 1024w, https:\/\/www.tgrthaber.com\/mavikadin\/wp-content\/uploads\/Ekran-goruntusu-2025-09-05-194626-768x442.png 768w, https:\/\/www.tgrthaber.com\/mavikadin\/wp-content\/uploads\/Ekran-goruntusu-2025-09-05-194626.png 1033w\" sizes=\"(max-width: 1208px) 100vw, 1208px\" \/><\/p>\n<hr \/>\n<p>200 bin TL&#8217;nin sahibi olan Kadircan&#8217;a Zuhal Topal&#8217;den de \u00f6vg\u00fc dolu s\u00f6zler geldi. Hafta boyunca kendine has duru\u015fu ve \u00f6zg\u00fcn yorumlar\u0131yla dikkat \u00e7eken 24 ya\u015f\u0131ndaki Kadircan Kaya, Zuhal Topla&#8217;la Yemekteyiz&#8217;de 1 ila 5 Eyl\u00fcl haftas\u0131nda yar\u0131\u015farak, haftan\u0131n birincisi oldu.<\/p>\n<p><img loading=\"lazy\" decoding=\"async\" class=\"alignnone wp-image-231564\" src=\"https:\/\/www.tgrthaber.com\/mavikadin\/wp-content\/uploads\/Ekran-goruntusu-2025-09-05-190830-300x182.png\" alt=\"\" width=\"1208\" height=\"735\" title=\"\" srcset=\"https:\/\/www.tgrthaber.com\/mavikadin\/wp-content\/uploads\/Ekran-goruntusu-2025-09-05-190830-300x182.png 300w, https:\/\/www.tgrthaber.com\/mavikadin\/wp-content\/uploads\/Ekran-goruntusu-2025-09-05-190830.png 730w\" sizes=\"(max-width: 1208px) 100vw, 1208px\" \/><\/p>\n<hr \/>\n<p>Hem juriden hem de di\u011fer yar\u0131\u015fmac\u0131lardan olduk\u00e7a y\u00fcksek puan alan Kadircan Kaya, men\u00fcs\u00fc ve yemeklerinin lezzetiyle adeta ad\u0131nadan s\u00f6z ettirdi.<\/p>\n","protected":false},"excerpt":{"rendered":"<p>TV8&#8217;in en \u00e7ok izlenen yemek yar\u0131\u015fmac\u0131s\u0131 Zuhal Topal&#8217;la Yemekteyiz, bir haftay\u0131 daha geride b\u0131rakt\u0131. Heyecan\u0131n zirve yapt\u0131\u011f\u0131 bir hafta ya\u015fan\u0131rken, haftan\u0131n finali de b\u00fcy\u00fck bir sab\u0131rs\u0131zl\u0131kla beklendi. Peki Zuhal Topal&#8217;la Yemekteyiz kim kazand\u0131? 5 Eyl\u00fcl Cuma Yemekteyiz birincisi kim oldu? \u0130\u015fte Yemekteyiz kazanan\u0131&#8230;<\/p>\n","protected":false},"author":35,"featured_media":231572,"comment_status":"closed","ping_status":"closed","sticky":false,"template":"","format":"standard","meta":{"rank_math_lock_modified_date":false,"footnotes":""},"categories":[76],"tags":[61586,133,61585,20988,61587],"class_list":["post-231571","post","type-post","status-publish","format-standard","has-post-thumbnail","hentry","category-magazin","tag-kadircan-kaya-buyuk-odulu-aldi","tag-magazin","tag-yemekteyiz-5-eylul-cuma-kazanani","tag-yemekteyiz-kim-kazandi","tag-zuhal-topal-yemekteyiz-birincisi"],"_links":{"self":[{"href":"https:\/\/www.tgrthaber.com\/mavikadin\/wp-json\/wp\/v2\/posts\/231571"}],"collection":[{"href":"https:\/\/www.tgrthaber.com\/mavikadin\/wp-json\/wp\/v2\/posts"}],"about":[{"href":"https:\/\/www.tgrthaber.com\/mavikadin\/wp-json\/wp\/v2\/types\/post"}],"author":[{"embeddable":true,"href":"https:\/\/www.tgrthaber.com\/mavikadin\/wp-json\/wp\/v2\/users\/35"}],"replies":[{"embeddable":true,"href":"https:\/\/www.tgrthaber.com\/mavikadin\/wp-json\/wp\/v2\/comments?post=231571"}],"version-history":[{"count":3,"href":"https:\/\/www.tgrthaber.com\/mavikadin\/wp-json\/wp\/v2\/posts\/231571\/revisions"}],"predecessor-version":[{"id":231591,"href":"https:\/\/www.tgrthaber.com\/mavikadin\/wp-json\/wp\/v2\/posts\/231571\/revisions\/231591"}],"wp:featuredmedia":[{"embeddable":true,"href":"https:\/\/www.tgrthaber.com\/mavikadin\/wp-json\/wp\/v2\/media\/231572"}],"wp:attachment":[{"href":"https:\/\/www.tgrthaber.com\/mavikadin\/wp-json\/wp\/v2\/media?parent=231571"}],"wp:term":[{"taxonomy":"category","embeddable":true,"href":"https:\/\/www.tgrthaber.com\/mavikadin\/wp-json\/wp\/v2\/categories?post=231571"},{"taxonomy":"post_tag","embeddable":true,"href":"https:\/\/www.tgrthaber.com\/mavikadin\/wp-json\/wp\/v2\/tags?post=231571"}],"curies":[{"name":"wp","href":"https:\/\/api.w.org\/{rel}","templated":true}]}}