{"id":231601,"date":"2025-09-05T20:58:08","date_gmt":"2025-09-05T17:58:08","guid":{"rendered":"https:\/\/www.tgrthaber.com\/mavikadin\/?p=231601"},"modified":"2025-09-05T20:58:09","modified_gmt":"2025-09-05T17:58:09","slug":"ece-aksoy-kimdir-ece-aksoy-neden-oldu","status":"publish","type":"post","link":"https:\/\/www.tgrthaber.com\/mavikadin\/ece-aksoy-kimdir-ece-aksoy-neden-oldu\/","title":{"rendered":"Ece Aksoy kimdir? Ece Aksoy neden \u00f6ld\u00fc?"},"content":{"rendered":"<p>\u0130stanbul\u2019un en \u00f6nemli i\u015fletmelerinden birini i\u015fleten ve yazd\u0131\u011f\u0131 \u00f6yk\u00fclerle bir\u00e7ok ki\u015finin kalbine dokunuyordu. Yazar ve i\u015fletmeci Ece Aksoy\u2019un \u00f6l\u00fcm haberi yak\u0131n dostlar\u0131n\u0131 ve ailesini yasa bo\u011fdu. Ece Aksoy\u2019un vefat\u0131 sonras\u0131 sevenleri \u00fcnl\u00fc yazar\u0131n hayat\u0131n\u0131 merak etmeye ba\u015flad\u0131. Peki, Ece Aksoy kimdir? Ece Aksoy neden\u00a0\u00f6ld\u00fc?<\/p>\n<h3>ECE AKSOY K\u0130MD\u0130R?<\/h3>\n<p>\u0130stanbul\u2019da mutfa\u011f\u0131, gece hayat\u0131n\u0131n ve Asmal\u0131mescit\u2019in simge isimlerinden olan Ece Aksoy, Yugoslavya g\u00f6\u00e7menli bir ailenin be\u015f \u00e7ocu\u011fu aras\u0131ndan en k\u00fc\u00e7\u00fc\u011f\u00fc olarak 24 \u015eubat 1941\u2019de \u0130zmir\u2019de d\u00fcnyaya geldi. Ece Aksoy\u2019un dedesi, Osmanl\u0131 \u0130mparatorlu\u011fu\u2019nun da\u011f\u0131lmas\u0131 s\u00fcrecinde 1913 \u0130kinci Balkan Harbi\u2019nden sonra Anadolu\u2019ya g\u00f6\u00e7 etti.<\/p>\n<p><img loading=\"lazy\" decoding=\"async\" class=\"alignnone wp-image-231603 size-full\" src=\"https:\/\/www.tgrthaber.com\/mavikadin\/wp-content\/uploads\/Adsiz-tasarim-226.jpg\" alt=\"\" width=\"1208\" height=\"680\" title=\"\" srcset=\"https:\/\/www.tgrthaber.com\/mavikadin\/wp-content\/uploads\/Adsiz-tasarim-226.jpg 1208w, https:\/\/www.tgrthaber.com\/mavikadin\/wp-content\/uploads\/Adsiz-tasarim-226-300x169.jpg 300w, https:\/\/www.tgrthaber.com\/mavikadin\/wp-content\/uploads\/Adsiz-tasarim-226-1024x576.jpg 1024w, https:\/\/www.tgrthaber.com\/mavikadin\/wp-content\/uploads\/Adsiz-tasarim-226-768x432.jpg 768w\" sizes=\"(max-width: 1208px) 100vw, 1208px\" \/><\/p>\n<hr \/>\n<p>11 ya\u015f\u0131nda babas\u0131 H\u00fcseyin \u015eanay\u2019\u0131 kaybeden Ece Aksoy, ge\u00e7imlerini zor sa\u011fl\u0131yorlard\u0131. \u0130zmir K\u0131z Lisesi\u2019nden mezun oldu. \u00c7ocuklu\u011fundan beri felsefe okuman\u0131n hayalini kuran Ece Aksoy, \u0130stanbul \u00dcniversitesi Edebiyat Fak\u00fcltesi\u2019ni b\u0131rakmak zorunda kald\u0131. Seneler \u00f6nce Zeynep Bilgehan\u2019a verdi\u011fi bir r\u00f6portaj\u0131nda o s\u00fcreci \u015f\u00f6yle anlatt\u0131.<\/p>\n<p><img loading=\"lazy\" decoding=\"async\" class=\"alignnone wp-image-231604 size-full\" src=\"https:\/\/www.tgrthaber.com\/mavikadin\/wp-content\/uploads\/Adsiz-tasarim-1-91.jpg\" alt=\"\" width=\"1208\" height=\"680\" title=\"\" srcset=\"https:\/\/www.tgrthaber.com\/mavikadin\/wp-content\/uploads\/Adsiz-tasarim-1-91.jpg 1208w, https:\/\/www.tgrthaber.com\/mavikadin\/wp-content\/uploads\/Adsiz-tasarim-1-91-300x169.jpg 300w, https:\/\/www.tgrthaber.com\/mavikadin\/wp-content\/uploads\/Adsiz-tasarim-1-91-1024x576.jpg 1024w, https:\/\/www.tgrthaber.com\/mavikadin\/wp-content\/uploads\/Adsiz-tasarim-1-91-768x432.jpg 768w\" sizes=\"(max-width: 1208px) 100vw, 1208px\" \/><\/p>\n<hr \/>\n<p>Ece Aksoy \u201cBabam ben 11 ya\u015f\u0131ndayken vefat etti. \u0130\u015f en k\u00fc\u00e7\u00fck \u00e7ocu\u011fa kald\u0131! \u0130lk i\u015fim mandolin \u00f6\u011fretmenli\u011fiydi. 18 ya\u015f\u0131nda kendi i\u015fimi kurmak istedim. Annem sermaye i\u00e7in evimizi satt\u0131. Para gitti, biz kiraya d\u00fc\u015ft\u00fck. Okulu b\u0131rak\u0131p \u0130zmir\u2019e d\u00f6nd\u00fcm. D\u00f6rt sene \u00e7al\u0131\u015ft\u0131ktan sonra evlendim ve \u0130stanbul\u2019a geldim\u201d diyerek anlatt\u0131.<\/p>\n<p><img loading=\"lazy\" decoding=\"async\" class=\"alignnone wp-image-231605 size-full\" src=\"https:\/\/www.tgrthaber.com\/mavikadin\/wp-content\/uploads\/Adsiz-tasarim-2-88.jpg\" alt=\"\" width=\"1208\" height=\"680\" title=\"\" srcset=\"https:\/\/www.tgrthaber.com\/mavikadin\/wp-content\/uploads\/Adsiz-tasarim-2-88.jpg 1208w, https:\/\/www.tgrthaber.com\/mavikadin\/wp-content\/uploads\/Adsiz-tasarim-2-88-300x169.jpg 300w, https:\/\/www.tgrthaber.com\/mavikadin\/wp-content\/uploads\/Adsiz-tasarim-2-88-1024x576.jpg 1024w, https:\/\/www.tgrthaber.com\/mavikadin\/wp-content\/uploads\/Adsiz-tasarim-2-88-768x432.jpg 768w\" sizes=\"(max-width: 1208px) 100vw, 1208px\" \/><\/p>\n<hr \/>\n<p>20\u2019li ya\u015flar\u0131ndayken, 1963 y\u0131l\u0131nda ilk evlili\u011fini yapt\u0131 ve \u0130stanbul\u2019a geldi. 2 y\u0131l sonra e\u015finden ayr\u0131lma karar\u0131 ald\u0131. 1969 y\u0131l\u0131nda, gazeteci Tunca Aksoy\u2019la tan\u0131\u015fm\u0131\u015f. Bu evlili\u011finden Zeynep Aksoy ad\u0131nda k\u0131z evlad\u0131 oldu. 1978 y\u0131l\u0131nda Tuncay Aksoy\u2019u karaci\u011fer rahats\u0131zl\u0131\u011f\u0131ndan dolay\u0131 kaybetmi\u015fti.<\/p>\n<p><img loading=\"lazy\" decoding=\"async\" class=\"alignnone wp-image-231606 size-full\" src=\"https:\/\/www.tgrthaber.com\/mavikadin\/wp-content\/uploads\/Adsiz-tasarim-3-94.jpg\" alt=\"\" width=\"1208\" height=\"680\" title=\"\" srcset=\"https:\/\/www.tgrthaber.com\/mavikadin\/wp-content\/uploads\/Adsiz-tasarim-3-94.jpg 1208w, https:\/\/www.tgrthaber.com\/mavikadin\/wp-content\/uploads\/Adsiz-tasarim-3-94-300x169.jpg 300w, https:\/\/www.tgrthaber.com\/mavikadin\/wp-content\/uploads\/Adsiz-tasarim-3-94-1024x576.jpg 1024w, https:\/\/www.tgrthaber.com\/mavikadin\/wp-content\/uploads\/Adsiz-tasarim-3-94-768x432.jpg 768w\" sizes=\"(max-width: 1208px) 100vw, 1208px\" \/><\/p>\n<hr \/>\n<p>Egemen Bostanc\u0131\u2019n\u0131n deste\u011fiyle Ece Bar ad\u0131nda bir mekan a\u00e7t\u0131. E\u015finin yak\u0131n arkada\u015f\u0131 Egemen Bostnac\u0131\u2019n\u0131n vefat etmesiyle i\u015fletmeden ayr\u0131lma karar\u0131 a\u00e7m\u0131\u015ft\u0131r. Ece Aksoy daha sonradan mutfak alan\u0131na y\u00f6nelerek oradan para kazanmaya ba\u015flad\u0131. Seneler i\u00e7erisinde fotoroman olarak \u00e7al\u0131\u015fmaya ba\u015flad\u0131. H\u00fcrriyet gazetesi i\u00e7in \u00fc\u00e7 y\u0131l boyunca fotoroman prod\u00fcksiyonu yapt\u0131.<\/p>\n<p><img loading=\"lazy\" decoding=\"async\" class=\"alignnone wp-image-231607 size-full\" src=\"https:\/\/www.tgrthaber.com\/mavikadin\/wp-content\/uploads\/Adsiz-tasarim-4-83.jpg\" alt=\"\" width=\"1208\" height=\"680\" title=\"\" srcset=\"https:\/\/www.tgrthaber.com\/mavikadin\/wp-content\/uploads\/Adsiz-tasarim-4-83.jpg 1208w, https:\/\/www.tgrthaber.com\/mavikadin\/wp-content\/uploads\/Adsiz-tasarim-4-83-300x169.jpg 300w, https:\/\/www.tgrthaber.com\/mavikadin\/wp-content\/uploads\/Adsiz-tasarim-4-83-1024x576.jpg 1024w, https:\/\/www.tgrthaber.com\/mavikadin\/wp-content\/uploads\/Adsiz-tasarim-4-83-768x432.jpg 768w\" sizes=\"(max-width: 1208px) 100vw, 1208px\" \/><\/p>\n<hr \/>\n<h3>ECE AKSOY NEDEN\u00a0\u00d6LD\u00dc?<\/h3>\n<p>Yazar ve i\u015fletmeci Ece Aksoy, zamanla akci\u011fer\u2019inde bir rahats\u0131zl\u0131k hissederek doktora gitti. Aksoy\u2019a \u00fc\u00e7 y\u0131l \u00f6nce akci\u011fer kanseri tan\u0131s\u0131 konmu\u015ftu. Ece Aksoy, ba\u015far\u0131l\u0131 ge\u00e7en tedavi s\u00fcreci s\u0131ras\u0131nda yakla\u015f\u0131k bir ay kadar \u00f6nce zat\u00fcrre ba\u015flang\u0131c\u0131 tan\u0131s\u0131yla Ko\u00e7 \u00dcniversitesi T\u0131p Fak\u00fcltesi Hastanesi\u2019ne kald\u0131r\u0131ld\u0131.<\/p>\n<p><img loading=\"lazy\" decoding=\"async\" class=\"alignnone wp-image-231609 size-full\" src=\"https:\/\/www.tgrthaber.com\/mavikadin\/wp-content\/uploads\/Adsiz-tasarim-5-72.jpg\" alt=\"\" width=\"1208\" height=\"680\" title=\"\" srcset=\"https:\/\/www.tgrthaber.com\/mavikadin\/wp-content\/uploads\/Adsiz-tasarim-5-72.jpg 1208w, https:\/\/www.tgrthaber.com\/mavikadin\/wp-content\/uploads\/Adsiz-tasarim-5-72-300x169.jpg 300w, https:\/\/www.tgrthaber.com\/mavikadin\/wp-content\/uploads\/Adsiz-tasarim-5-72-1024x576.jpg 1024w, https:\/\/www.tgrthaber.com\/mavikadin\/wp-content\/uploads\/Adsiz-tasarim-5-72-768x432.jpg 768w\" sizes=\"(max-width: 1208px) 100vw, 1208px\" \/><\/p>\n<hr \/>\n<p>Ece Aksoy\u2019un k\u0131z\u0131 Zeynep Aksoy\u2019un ABD \u2018dan gelerek annesine refakat etti. Hastanede s\u00fcren iki haftal\u0131k tedavinin ard\u0131ndan Aksoy taburcu edilmi\u015fti. Ge\u00e7ti\u011fimiz haftalarda Ece Aksoy, evinde rahats\u0131zlanarak tekrar yo\u011fun bak\u0131m tedavisine al\u0131nd\u0131. Yazar ve i\u015fletmeci Ece Aksoy 5 Eyl\u00fcl 2025 Cuma g\u00fcn\u00fc hayata g\u00f6zlerini yumdu.<\/p>\n","protected":false},"excerpt":{"rendered":"<p>84 ya\u015f\u0131ndaki Ece Aksoy \u0130stanbul mutfa\u011f\u0131 ve yazarl\u0131k alan\u0131nda \u00f6nemli isimler aras\u0131ndayd\u0131. Yazar, i\u015fletmeci Ece Aksoy, ya\u015fam\u0131n\u0131 yitirdi. \u0130\u015fletmecinin \u00f6l\u00fcm haberi sonras\u0131 hakk\u0131ndaki bilgiler merak edilmeye ba\u015fland\u0131. Peki, Ece Aksoy kimdir? Ece Aksoy neden \u00f6ld\u00fc?<\/p>\n","protected":false},"author":10,"featured_media":231610,"comment_status":"closed","ping_status":"closed","sticky":false,"template":"","format":"standard","meta":{"rank_math_lock_modified_date":false,"footnotes":""},"categories":[491],"tags":[3374,61591,61592,133],"class_list":["post-231601","post","type-post","status-publish","format-standard","has-post-thumbnail","hentry","category-biyografi","tag-biyografi","tag-ece-aksoy-kimdir","tag-ece-aksoy-neden-oldu","tag-magazin"],"_links":{"self":[{"href":"https:\/\/www.tgrthaber.com\/mavikadin\/wp-json\/wp\/v2\/posts\/231601"}],"collection":[{"href":"https:\/\/www.tgrthaber.com\/mavikadin\/wp-json\/wp\/v2\/posts"}],"about":[{"href":"https:\/\/www.tgrthaber.com\/mavikadin\/wp-json\/wp\/v2\/types\/post"}],"author":[{"embeddable":true,"href":"https:\/\/www.tgrthaber.com\/mavikadin\/wp-json\/wp\/v2\/users\/10"}],"replies":[{"embeddable":true,"href":"https:\/\/www.tgrthaber.com\/mavikadin\/wp-json\/wp\/v2\/comments?post=231601"}],"version-history":[{"count":1,"href":"https:\/\/www.tgrthaber.com\/mavikadin\/wp-json\/wp\/v2\/posts\/231601\/revisions"}],"predecessor-version":[{"id":231611,"href":"https:\/\/www.tgrthaber.com\/mavikadin\/wp-json\/wp\/v2\/posts\/231601\/revisions\/231611"}],"wp:featuredmedia":[{"embeddable":true,"href":"https:\/\/www.tgrthaber.com\/mavikadin\/wp-json\/wp\/v2\/media\/231610"}],"wp:attachment":[{"href":"https:\/\/www.tgrthaber.com\/mavikadin\/wp-json\/wp\/v2\/media?parent=231601"}],"wp:term":[{"taxonomy":"category","embeddable":true,"href":"https:\/\/www.tgrthaber.com\/mavikadin\/wp-json\/wp\/v2\/categories?post=231601"},{"taxonomy":"post_tag","embeddable":true,"href":"https:\/\/www.tgrthaber.com\/mavikadin\/wp-json\/wp\/v2\/tags?post=231601"}],"curies":[{"name":"wp","href":"https:\/\/api.w.org\/{rel}","templated":true}]}}