{"id":231602,"date":"2025-09-05T21:34:05","date_gmt":"2025-09-05T18:34:05","guid":{"rendered":"https:\/\/www.tgrthaber.com\/mavikadin\/?p=231602"},"modified":"2025-09-05T21:34:05","modified_gmt":"2025-09-05T18:34:05","slug":"botoks-iddialari-ve-robot-sofya-benzetmelerine-omur-gedikten-olay-cevap-yorumlara-bakin-ne-dedi","status":"publish","type":"post","link":"https:\/\/www.tgrthaber.com\/mavikadin\/botoks-iddialari-ve-robot-sofya-benzetmelerine-omur-gedikten-olay-cevap-yorumlara-bakin-ne-dedi\/","title":{"rendered":"Botoks iddialar\u0131 ve robot Sofya benzetmelerine \u00d6m\u00fcr Gedik&#8217;ten olay cevap! Yorumlara bak\u0131n ne dedi"},"content":{"rendered":"<p>\u00d6m\u00fcr Gedik ki\u015fisel hesab\u0131 \u00fczerinden yapt\u0131\u011f\u0131 son payla\u015f\u0131mla konu\u015fuluyor. Daha \u00f6nce verdi\u011fi bir r\u00f6portajda, hakk\u0131nda \u00e7\u0131kan botoks iddialar\u0131 ve robot benzetmelerine esprili bir dille yakla\u015fan Gedik, takip\u00e7ilerinin yorumlar\u0131n\u0131 da adeta ti&#8217;ye ald\u0131. \u00dcnl\u00fc \u015fark\u0131c\u0131 \u00d6m\u00fcr Gedik t\u00fcm bu iddialara bak\u0131n ne cevap verdi&#8230;<\/p>\n<h3>BOTOKS \u0130DD\u0130ALARI VE ROBOT SOFYA BENZETMELER\u0130NE \u00d6M\u00dcR GED\u0130K&#8217;TEN OLAY CEVAP!<\/h3>\n<p>Sosyal medyada yay\u0131nlad\u0131\u011f\u0131 video ile g\u00fcndeme gelen \u00d6m\u00fcr Gedik, kendisine yap\u0131lan yorumlara tek tek cevap verdi. Eurovision&#8217;a kat\u0131lma iste\u011fini s\u00f6yledi\u011fi bir r\u00f6portaj\u0131nda robot ve yapay zeka benzetmeleri ile g\u00fcndeme gelen Gedik, &#8216;botoks mu yapt\u0131rd\u0131n?&#8217; diye soranlara da esprili bir \u015fekilde cevap verdi.<\/p>\n<p><img loading=\"lazy\" decoding=\"async\" class=\"alignnone wp-image-231625\" src=\"https:\/\/www.tgrthaber.com\/mavikadin\/wp-content\/uploads\/maxresdefault-2-16-300x169.jpg\" alt=\"\" width=\"1208\" height=\"680\" title=\"\" srcset=\"https:\/\/www.tgrthaber.com\/mavikadin\/wp-content\/uploads\/maxresdefault-2-16-300x169.jpg 300w, https:\/\/www.tgrthaber.com\/mavikadin\/wp-content\/uploads\/maxresdefault-2-16-1024x576.jpg 1024w, https:\/\/www.tgrthaber.com\/mavikadin\/wp-content\/uploads\/maxresdefault-2-16-768x432.jpg 768w, https:\/\/www.tgrthaber.com\/mavikadin\/wp-content\/uploads\/maxresdefault-2-16.jpg 1280w\" sizes=\"(max-width: 1208px) 100vw, 1208px\" \/><\/p>\n<hr \/>\n<p>\u00d6m\u00fcr Gedik yapt\u0131\u011f\u0131 r\u00f6portaj sonras\u0131 sosyal medya kullan\u0131c\u0131lar\u0131n\u0131n adeta diline d\u00fc\u015fm\u00fc\u015ft\u00fc. Gedik&#8217;in r\u00f6portaj verdi\u011fi esnada ifadesiz ve durgun y\u00fcz haline y\u00f6nelik, &#8216; Robot Sofya m\u0131 oldun?&#8217;, &#8216; Yapay zekaya m\u0131 ba\u011flad\u0131n?&#8217;, &#8216;Botoks mu yapt\u0131rd\u0131n?&#8217; \u015feklinde yorumlar pe\u015f pe\u015fe gelince, Gedik&#8217;te bu duruma daha fazla kay\u0131ts\u0131z kalamad\u0131.<\/p>\n<p><img loading=\"lazy\" decoding=\"async\" class=\"alignnone wp-image-231626\" src=\"https:\/\/www.tgrthaber.com\/mavikadin\/wp-content\/uploads\/102665-300x168.jpg\" alt=\"\" width=\"1208\" height=\"675\" title=\"\" srcset=\"https:\/\/www.tgrthaber.com\/mavikadin\/wp-content\/uploads\/102665-300x168.jpg 300w, https:\/\/www.tgrthaber.com\/mavikadin\/wp-content\/uploads\/102665-1024x572.jpg 1024w, https:\/\/www.tgrthaber.com\/mavikadin\/wp-content\/uploads\/102665-768x429.jpg 768w, https:\/\/www.tgrthaber.com\/mavikadin\/wp-content\/uploads\/102665.jpg 1061w\" sizes=\"(max-width: 1208px) 100vw, 1208px\" \/><\/p>\n<hr \/>\n<p>Takip\u00e7ilerinden gelen bu yorumlar\u0131 ti&#8217;ye alan Gedik, yorumlar\u0131 \u00e7ok \u00f6zg\u00fcn buldu\u011funu da s\u00f6ylemeden edemedi.<\/p>\n<p><img loading=\"lazy\" decoding=\"async\" class=\"alignnone wp-image-231627\" src=\"https:\/\/www.tgrthaber.com\/mavikadin\/wp-content\/uploads\/i-2-33-300x169.webp\" alt=\"\" width=\"1208\" height=\"680\" title=\"\" srcset=\"https:\/\/www.tgrthaber.com\/mavikadin\/wp-content\/uploads\/i-2-33-300x169.webp 300w, https:\/\/www.tgrthaber.com\/mavikadin\/wp-content\/uploads\/i-2-33.webp 480w\" sizes=\"(max-width: 1208px) 100vw, 1208px\" \/><\/p>\n<hr \/>\n<h3>YORUMLARA BAKIN NE DED\u0130<\/h3>\n<p>\u00d6m\u00fcr Gedik kendisi i\u00e7in yap\u0131lan t\u00fcm bu yorumlara; &#8216;\u015eu an botoks yok asl\u0131nda. Ama b\u00f6yle oluyorsa, yapt\u0131rsam m\u0131 acaba diye d\u00fc\u015f\u00fcnd\u00fcm. Yapt\u0131rmam tabii. Otostop robot da de\u011filim, ama yorumlar ger\u00e7ekten \u00e7ok iyi ve \u00f6zg\u00fcn d\u00fc\u015f\u00fcnceler. Ben e\u011fleniyorum\u201d \u015feklinde kar\u015f\u0131l\u0131k verdi. \u0130\u015fte Gedik&#8217;ten \u00e7ok konu\u015fulan robot benzetmesine kar\u015f\u0131 olay cevap&#8230;<\/p>\n<div style=\"width: 640px;\" class=\"wp-video\"><!--[if lt IE 9]><script>document.createElement('video');<\/script><![endif]-->\n<video class=\"wp-video-shortcode\" id=\"video-231602-1\" width=\"640\" height=\"1138\" preload=\"metadata\" controls=\"controls\"><source type=\"video\/mp4\" src=\"https:\/\/www.tgrthaber.com\/mavikadin\/wp-content\/uploads\/Instagram-omurgedik-stories-3714992472624784380.mp4?_=1\" \/><a href=\"https:\/\/www.tgrthaber.com\/mavikadin\/wp-content\/uploads\/Instagram-omurgedik-stories-3714992472624784380.mp4\">https:\/\/www.tgrthaber.com\/mavikadin\/wp-content\/uploads\/Instagram-omurgedik-stories-3714992472624784380.mp4<\/a><\/video><\/div>\n<hr \/>\n<p>\u00d6m\u00fcr Gedik&#8217;in robot payla\u015f\u0131m\u0131 k\u0131sa s\u00fcrede etkile\u015fim alarak be\u011feni ya\u011fmuruna tutuldu.<\/p>\n<p><img loading=\"lazy\" decoding=\"async\" class=\"alignnone wp-image-231630\" src=\"https:\/\/www.tgrthaber.com\/mavikadin\/wp-content\/uploads\/00000-7QtE-300x188.webp\" alt=\"\" width=\"1208\" height=\"756\" title=\"\" srcset=\"https:\/\/www.tgrthaber.com\/mavikadin\/wp-content\/uploads\/00000-7QtE-300x188.webp 300w, https:\/\/www.tgrthaber.com\/mavikadin\/wp-content\/uploads\/00000-7QtE-768x480.webp 768w, https:\/\/www.tgrthaber.com\/mavikadin\/wp-content\/uploads\/00000-7QtE.webp 820w\" sizes=\"(max-width: 1208px) 100vw, 1208px\" \/><\/p>\n<hr \/>\n<h3>DEMET AKALIN&#8217;IN EUROVISION \u00c7IKI\u015eINA S\u00d6ZLER\u0130 G\u00dcNDEM OLMU\u015eTU<\/h3>\n<p>Ge\u00e7en g\u00fcnlerde robot benzetmeleriyle g\u00fcndeme gelen r\u00f6portaj\u0131nda \u00d6m\u00fcr Gedik, Eurovision hayalinden bahsetmi\u015fti. Demet Akal\u0131n&#8217;\u0131n &#8216;Eurovision&#8217;a Yerinde Dur&#8217;la gitmemiz laz\u0131m&#8217;s\u00f6zlerine kar\u015f\u0131l\u0131k, dikkat \u00e7eken a\u00e7\u0131klamalarda bulunan Gedik; &#8216;Bi Bitmediniz&#8217;le kat\u0131lmam\u0131z daha do\u011fru. Kime sorsan\u0131z benim \u015fark\u0131m i\u00e7in uygun diyecektir. Demet Akal\u0131n&#8217;\u0131n da \u015fark\u0131s\u0131 \u00e7ok g\u00fczel ama global arenada nas\u0131l olur bilemeyiz&#8217; ifadelerini kullanm\u0131\u015ft\u0131.<\/p>\n<p><img loading=\"lazy\" decoding=\"async\" class=\"alignnone wp-image-231628\" src=\"https:\/\/www.tgrthaber.com\/mavikadin\/wp-content\/uploads\/Adsiz-tasarim-3-70-300x169.png\" alt=\"\" width=\"1208\" height=\"680\" title=\"\" srcset=\"https:\/\/www.tgrthaber.com\/mavikadin\/wp-content\/uploads\/Adsiz-tasarim-3-70-300x169.png 300w, https:\/\/www.tgrthaber.com\/mavikadin\/wp-content\/uploads\/Adsiz-tasarim-3-70-1024x576.png 1024w, https:\/\/www.tgrthaber.com\/mavikadin\/wp-content\/uploads\/Adsiz-tasarim-3-70-768x432.png 768w, https:\/\/www.tgrthaber.com\/mavikadin\/wp-content\/uploads\/Adsiz-tasarim-3-70-1536x864.png 1536w, https:\/\/www.tgrthaber.com\/mavikadin\/wp-content\/uploads\/Adsiz-tasarim-3-70.png 1920w\" sizes=\"(max-width: 1208px) 100vw, 1208px\" \/><\/p>\n<hr \/>\n<p>\u00d6m\u00fcr Gedik&#8217;in kendi yazd\u0131\u011f\u0131 Bi Bitmediniz \u015fark\u0131s\u0131yla Eurovision&#8217;a kat\u0131lmak istedi\u011fini s\u00f6yleyen Gedik, \u015fark\u0131n\u0131n \u0130ngilizce versiyonu \u00fczerinde de \u00e7al\u0131\u015ft\u0131\u011f\u0131ndan bahsetmi\u015fti. \u00d6m\u00fcr Gedik hem r\u00f6portaj\u0131yla hem de r\u00f6portajda verdi\u011fi duru\u015fla sosyal medyan\u0131n g\u00fcndeminde yer almay\u0131 ba\u015fard\u0131.<\/p>\n","protected":false},"excerpt":{"rendered":"<p>Sevilen sanat\u00e7\u0131 \u00d6m\u00fcr Gedik&#8217;in verdi\u011fi son r\u00f6portaj sosyal medyan\u0131n resmen g\u00fcndemine oturmu\u015ftu. Durgun tav\u0131rlar\u0131na takip\u00e7ilerden ilgin\u00e7 yorumlar ya\u011farken, Gedik&#8217;ten gelen jet h\u0131z\u0131nda cevap olay oldu. \u0130\u015fte &#8216;Robot Sofya m\u0131 oldun?&#8217; yorumlar\u0131na Gedik&#8217;ten dikkat \u00e7eken kar\u015f\u0131l\u0131k&#8230;<\/p>\n","protected":false},"author":35,"featured_media":231616,"comment_status":"closed","ping_status":"closed","sticky":false,"template":"","format":"standard","meta":{"rank_math_lock_modified_date":false,"footnotes":""},"categories":[76],"tags":[133,11173,61595,61594,61593],"class_list":["post-231602","post","type-post","status-publish","format-standard","has-post-thumbnail","hentry","category-magazin","tag-magazin","tag-omur-gedik","tag-omur-gedik-botoks-iddialari","tag-omur-gedik-eurovision","tag-omur-gedik-robot-benzetmesi"],"_links":{"self":[{"href":"https:\/\/www.tgrthaber.com\/mavikadin\/wp-json\/wp\/v2\/posts\/231602"}],"collection":[{"href":"https:\/\/www.tgrthaber.com\/mavikadin\/wp-json\/wp\/v2\/posts"}],"about":[{"href":"https:\/\/www.tgrthaber.com\/mavikadin\/wp-json\/wp\/v2\/types\/post"}],"author":[{"embeddable":true,"href":"https:\/\/www.tgrthaber.com\/mavikadin\/wp-json\/wp\/v2\/users\/35"}],"replies":[{"embeddable":true,"href":"https:\/\/www.tgrthaber.com\/mavikadin\/wp-json\/wp\/v2\/comments?post=231602"}],"version-history":[{"count":1,"href":"https:\/\/www.tgrthaber.com\/mavikadin\/wp-json\/wp\/v2\/posts\/231602\/revisions"}],"predecessor-version":[{"id":231632,"href":"https:\/\/www.tgrthaber.com\/mavikadin\/wp-json\/wp\/v2\/posts\/231602\/revisions\/231632"}],"wp:featuredmedia":[{"embeddable":true,"href":"https:\/\/www.tgrthaber.com\/mavikadin\/wp-json\/wp\/v2\/media\/231616"}],"wp:attachment":[{"href":"https:\/\/www.tgrthaber.com\/mavikadin\/wp-json\/wp\/v2\/media?parent=231602"}],"wp:term":[{"taxonomy":"category","embeddable":true,"href":"https:\/\/www.tgrthaber.com\/mavikadin\/wp-json\/wp\/v2\/categories?post=231602"},{"taxonomy":"post_tag","embeddable":true,"href":"https:\/\/www.tgrthaber.com\/mavikadin\/wp-json\/wp\/v2\/tags?post=231602"}],"curies":[{"name":"wp","href":"https:\/\/api.w.org\/{rel}","templated":true}]}}