{"id":231739,"date":"2025-09-06T10:22:58","date_gmt":"2025-09-06T07:22:58","guid":{"rendered":"https:\/\/www.tgrthaber.com\/mavikadin\/?p=231739"},"modified":"2025-09-06T10:22:59","modified_gmt":"2025-09-06T07:22:59","slug":"justin-bieber-ebo-ve-meronun-gonderdigi-mesaji-gosterdi-sosyal-medyada-gundem-oldu","status":"publish","type":"post","link":"https:\/\/www.tgrthaber.com\/mavikadin\/justin-bieber-ebo-ve-meronun-gonderdigi-mesaji-gosterdi-sosyal-medyada-gundem-oldu\/","title":{"rendered":"Justin Bieber Ebo ve Mero\u2019nun g\u00f6nderdi\u011fi mesaj\u0131 g\u00f6sterdi! Sosyal medyada g\u00fcndem oldu"},"content":{"rendered":"<p>Justin Bieber gitti\u011fi restoranda T\u00fcrk oldu\u011funu anlad\u0131\u011f\u0131 mekan sahibine Ebo ve Mero\u2019nun g\u00f6nderdi\u011fi mesaj\u0131 g\u00f6stererek dikkatleri \u00fczerine \u00e7ekti. Ebo da daha \u00f6nce Justin Bieber\u2019a att\u0131\u011f\u0131 mesaja ald\u0131\u011f\u0131 cevab\u0131 sosyal medya hesab\u0131ndan takip\u00e7ilerine g\u00f6stermi\u015fti.<\/p>\n<h3>JUST\u0130N B\u0130EBER\u2019A EBO VE MERO\u2019NUN G\u00d6NDERD\u0130\u011e\u0130 MESAJI G\u00d6STERD\u0130<\/h3>\n<p>Justin Bieber gitti\u011fi restoranda T\u00fcrk oldu\u011funu anlad\u0131\u011f\u0131 mekan sahibine Ebo ve Mero\u2019nun g\u00f6nderdi\u011fi mesaj\u0131 g\u00f6sterdi.<\/p>\n<div style=\"width: 640px;\" class=\"wp-video\"><!--[if lt IE 9]><script>document.createElement('video');<\/script><![endif]-->\n<video class=\"wp-video-shortcode\" id=\"video-231739-1\" width=\"640\" height=\"1138\" preload=\"metadata\" controls=\"controls\"><source type=\"video\/mp4\" src=\"https:\/\/www.tgrthaber.com\/mavikadin\/wp-content\/uploads\/ebo.mp4?_=1\" \/><a href=\"https:\/\/www.tgrthaber.com\/mavikadin\/wp-content\/uploads\/ebo.mp4\">https:\/\/www.tgrthaber.com\/mavikadin\/wp-content\/uploads\/ebo.mp4<\/a><\/video><\/div>\n<hr \/>\n<h3>EBO K\u0130MD\u0130R?<\/h3>\n<p>Sosyal medyada Ebo ismiyle tan\u0131nan \u0130brahim Tilaver, k\u0131sa s\u00fcrede geni\u015f bir kitleye ula\u015farak dikkatleri \u00fczerine \u00e7ekmeyi ba\u015fard\u0131. Mizahi i\u00e7erikleri ve m\u00fczik sekt\u00f6r\u00fcndeki ba\u015far\u0131l\u0131 \u00e7al\u0131\u015fmalar\u0131yla tan\u0131nan Tilaver&#8217;in hayat\u0131 merak konusu oldu.<\/p>\n<p><img loading=\"lazy\" decoding=\"async\" class=\"aligncenter size-full wp-image-231741\" src=\"https:\/\/www.tgrthaber.com\/mavikadin\/wp-content\/uploads\/ebo-3-1.jpg\" alt=\"\" width=\"1080\" height=\"1350\" title=\"\" srcset=\"https:\/\/www.tgrthaber.com\/mavikadin\/wp-content\/uploads\/ebo-3-1.jpg 1080w, https:\/\/www.tgrthaber.com\/mavikadin\/wp-content\/uploads\/ebo-3-1-240x300.jpg 240w, https:\/\/www.tgrthaber.com\/mavikadin\/wp-content\/uploads\/ebo-3-1-819x1024.jpg 819w, https:\/\/www.tgrthaber.com\/mavikadin\/wp-content\/uploads\/ebo-3-1-768x960.jpg 768w\" sizes=\"(max-width: 1080px) 100vw, 1080px\" \/><\/p>\n<hr \/>\n<p>Sadece sosyal medya ile s\u0131n\u0131rl\u0131 kalmayan Ebo, m\u00fczik sekt\u00f6r\u00fcnde de etkili projelerle ad\u0131n\u0131 duyurdu. Kurucusu oldu\u011fu Lais Records b\u00fcnyesinde bir\u00e7ok \u00fcnl\u00fc sanat\u00e7\u0131yla \u00e7al\u0131\u015ft\u0131 ve m\u00fczik d\u00fcnyas\u0131nda \u00f6nemli bir yer edindi.<\/p>\n<p><img loading=\"lazy\" decoding=\"async\" class=\"aligncenter size-full wp-image-231742\" src=\"https:\/\/www.tgrthaber.com\/mavikadin\/wp-content\/uploads\/Justin-1.avif\" alt=\"\" width=\"992\" height=\"992\" title=\"\" srcset=\"https:\/\/www.tgrthaber.com\/mavikadin\/wp-content\/uploads\/Justin-1.avif 992w, https:\/\/www.tgrthaber.com\/mavikadin\/wp-content\/uploads\/Justin-1-300x300.avif 300w, https:\/\/www.tgrthaber.com\/mavikadin\/wp-content\/uploads\/Justin-1-150x150.avif 150w, https:\/\/www.tgrthaber.com\/mavikadin\/wp-content\/uploads\/Justin-1-768x768.avif 768w\" sizes=\"(max-width: 992px) 100vw, 992px\" \/><\/p>\n<hr \/>\n<p>1998 y\u0131l\u0131nda A\u011fr\u0131&#8217;n\u0131n Do\u011fubayaz\u0131t il\u00e7esinde do\u011fan Tilaver, 2025 y\u0131l\u0131 itibar\u0131yla 27 ya\u015f\u0131ndad\u0131r. Lise e\u011fitimini \u0130stanbul&#8217;da Sultanahmet End\u00fcstri Meslek Lisesi Bili\u015fim Teknolojileri b\u00f6l\u00fcm\u00fcnde tamamlam\u0131\u015f, ancak maddi zorluklar nedeniyle \u0130stanbul \u00dcniversitesi Bilgisayar M\u00fchendisli\u011fi b\u00f6l\u00fcm\u00fcndeki e\u011fitimine devam edememi\u015ftir.<\/p>\n<p>Di\u011fer yandan m\u00fczik sekt\u00f6r\u00fcnde de faaliyet g\u00f6steren \u0130brahim Tilaver, Lais Records adl\u0131 m\u00fczik \u015firketinin kurucusudur. Bu \u015firket b\u00fcnyesinde Uzi, Reynmen, Batuflex, Cashflow ve Era7capone gibi sanat\u00e7\u0131larla \u00e7al\u0131\u015fm\u0131\u015ft\u0131r.<\/p>\n<h3><img loading=\"lazy\" decoding=\"async\" class=\"aligncenter size-full wp-image-231743\" src=\"https:\/\/www.tgrthaber.com\/mavikadin\/wp-content\/uploads\/Justin-1-1-scaled.jpg\" alt=\"\" width=\"2560\" height=\"1440\" title=\"\" srcset=\"https:\/\/www.tgrthaber.com\/mavikadin\/wp-content\/uploads\/Justin-1-1-scaled.jpg 2560w, https:\/\/www.tgrthaber.com\/mavikadin\/wp-content\/uploads\/Justin-1-1-300x169.jpg 300w, https:\/\/www.tgrthaber.com\/mavikadin\/wp-content\/uploads\/Justin-1-1-1024x576.jpg 1024w, https:\/\/www.tgrthaber.com\/mavikadin\/wp-content\/uploads\/Justin-1-1-768x432.jpg 768w, https:\/\/www.tgrthaber.com\/mavikadin\/wp-content\/uploads\/Justin-1-1-1536x864.jpg 1536w, https:\/\/www.tgrthaber.com\/mavikadin\/wp-content\/uploads\/Justin-1-1-2048x1152.jpg 2048w\" sizes=\"(max-width: 2560px) 100vw, 2560px\" \/><\/h3>\n<hr \/>\n<h3>JUST\u0130N B\u0130EBER K\u0130MD\u0130R?<\/h3>\n<p>Justin Drew Bieber 1 Mart 1994 y\u0131l\u0131nda Kanada\u2019da d\u00fcnyaya geldi. Pop, \u00e7a\u011fda\u015f R&amp;B \u015fark\u0131c\u0131s\u0131, oyuncu ve \u015fark\u0131 yazar\u0131d\u0131r. Kariyeri, video payla\u015f\u0131m sitesi Youtube&#8217;a koydu\u011fu videolar\u0131n 2008 y\u0131l\u0131nda Scoot Braun taraf\u0131ndan ke\u015ffedilmesiyle ba\u015flad\u0131. Daha sonralar\u0131 Braun, Justin Bieber&#8217;\u0131n menajeri olmu\u015ftur. Braun\u00a0 Atlanta&#8217;da, Bieber ve R&amp;B sanat\u00e7\u0131s\u0131 Usher tan\u0131\u015ft\u0131rm\u0131\u015f ve Bieber Usher ve Scoot Braun&#8217;nun ortak \u015firketi Raymond Braun Media Group (RBMG) ile anla\u015fma imzalam\u0131\u015f, ard\u0131ndan Island Records ile alb\u00fcm kontrat\u0131 yapm\u0131\u015ft\u0131r.<\/p>\n<p>Justin Bieber&#8217;\u0131n ilk single&#8217;\u0131 One Time olduk\u00e7a iyi bir \u00e7\u0131k\u0131\u015f yakalam\u0131\u015f ve One Less Lonely Girl teklisi ile birlikte Kanada Hot 100&#8217;de 15&#8217;e, Bilboard Hot 100&#8217;de ise ilk 20&#8217;ye girme ba\u015far\u0131s\u0131 elde etmi\u015ftir.<\/p>\n<p><img loading=\"lazy\" decoding=\"async\" class=\"aligncenter size-full wp-image-231744\" src=\"https:\/\/www.tgrthaber.com\/mavikadin\/wp-content\/uploads\/Justin-2-1.jpg\" alt=\"\" width=\"1080\" height=\"1440\" title=\"\" srcset=\"https:\/\/www.tgrthaber.com\/mavikadin\/wp-content\/uploads\/Justin-2-1.jpg 1080w, https:\/\/www.tgrthaber.com\/mavikadin\/wp-content\/uploads\/Justin-2-1-225x300.jpg 225w, https:\/\/www.tgrthaber.com\/mavikadin\/wp-content\/uploads\/Justin-2-1-768x1024.jpg 768w\" sizes=\"(max-width: 1080px) 100vw, 1080px\" \/><\/p>\n<hr \/>\n<h3>Diskografi<\/h3>\n<p>My World 2.0 (2010)<br \/>\nUnder the Mistletoe (2011)<br \/>\nBelieve (2012)<br \/>\nPurpose (2015)<br \/>\n2009: Urban Behavior Tour<br \/>\n2011: My World Tour<br \/>\n2012: Believe Tour<br \/>\n2016: Purpose World Tour<br \/>\n2017: Purpose Stadium Tour<\/p>\n<p>&nbsp;<\/p>\n","protected":false},"excerpt":{"rendered":"<p>D\u00fcnyaca \u00fcnl\u00fc \u015fark\u0131c\u0131 Justin Bieber gitti\u011fi restoranda T\u00fcrk mekan sahibine, Ebo ve Mero\u2019nun g\u00f6nderdi\u011fi mesaj\u0131 g\u00f6sterdi. Ebo ise daha \u00f6nce Justin Bieber\u2019a att\u0131\u011f\u0131 mesaja ald\u0131\u011f\u0131 cevab\u0131 sosyal medyada payla\u015fm\u0131\u015ft\u0131.<\/p>\n","protected":false},"author":5,"featured_media":231745,"comment_status":"closed","ping_status":"closed","sticky":false,"template":"","format":"standard","meta":{"rank_math_lock_modified_date":false,"footnotes":""},"categories":[76],"tags":[60647,11658,4031],"class_list":["post-231739","post","type-post","status-publish","format-standard","has-post-thumbnail","hentry","category-magazin","tag-ebo","tag-ibrahim-tilaver","tag-justin-bieber"],"_links":{"self":[{"href":"https:\/\/www.tgrthaber.com\/mavikadin\/wp-json\/wp\/v2\/posts\/231739"}],"collection":[{"href":"https:\/\/www.tgrthaber.com\/mavikadin\/wp-json\/wp\/v2\/posts"}],"about":[{"href":"https:\/\/www.tgrthaber.com\/mavikadin\/wp-json\/wp\/v2\/types\/post"}],"author":[{"embeddable":true,"href":"https:\/\/www.tgrthaber.com\/mavikadin\/wp-json\/wp\/v2\/users\/5"}],"replies":[{"embeddable":true,"href":"https:\/\/www.tgrthaber.com\/mavikadin\/wp-json\/wp\/v2\/comments?post=231739"}],"version-history":[{"count":1,"href":"https:\/\/www.tgrthaber.com\/mavikadin\/wp-json\/wp\/v2\/posts\/231739\/revisions"}],"predecessor-version":[{"id":231746,"href":"https:\/\/www.tgrthaber.com\/mavikadin\/wp-json\/wp\/v2\/posts\/231739\/revisions\/231746"}],"wp:featuredmedia":[{"embeddable":true,"href":"https:\/\/www.tgrthaber.com\/mavikadin\/wp-json\/wp\/v2\/media\/231745"}],"wp:attachment":[{"href":"https:\/\/www.tgrthaber.com\/mavikadin\/wp-json\/wp\/v2\/media?parent=231739"}],"wp:term":[{"taxonomy":"category","embeddable":true,"href":"https:\/\/www.tgrthaber.com\/mavikadin\/wp-json\/wp\/v2\/categories?post=231739"},{"taxonomy":"post_tag","embeddable":true,"href":"https:\/\/www.tgrthaber.com\/mavikadin\/wp-json\/wp\/v2\/tags?post=231739"}],"curies":[{"name":"wp","href":"https:\/\/api.w.org\/{rel}","templated":true}]}}