{"id":231757,"date":"2025-09-06T11:05:42","date_gmt":"2025-09-06T08:05:42","guid":{"rendered":"https:\/\/www.tgrthaber.com\/mavikadin\/?p=231757"},"modified":"2025-09-06T11:05:42","modified_gmt":"2025-09-06T08:05:42","slug":"carpinti-dizisinin-figen-alkani-serif-sezer-kimdir-serif-sezer-kac-yasinda-ve-nereli","status":"publish","type":"post","link":"https:\/\/www.tgrthaber.com\/mavikadin\/carpinti-dizisinin-figen-alkani-serif-sezer-kimdir-serif-sezer-kac-yasinda-ve-nereli\/","title":{"rendered":"\u00c7arp\u0131nt\u0131 dizisinin Figen Alkan\u2019\u0131 \u015eerif Sezer kimdir? \u015eerif Sezer ka\u00e7 ya\u015f\u0131nda ve nereli?"},"content":{"rendered":"<p>\u00c7arp\u0131nt\u0131 dizisi Kerem B\u00fcrsin, Lizge C\u00f6mert, Deniz \u00c7ak\u0131r ve Sibel Ta\u015f\u00e7\u0131o\u011flu gibi \u00fcnl\u00fc oyuncu kadrosuyla Star TV\u2019de 7 Eyl\u00fcl\u2019de ba\u015fl\u0131yor. Pazar ak\u015famlar\u0131 saat 20:00\u2019da ekrana gelecek dizide Figen Alkan karakterini \u015eerif Sezer oynuyor. \u00c7arp\u0131nt\u0131 dizisinin Figen Alkan\u2019\u0131 \u015eerif Sezer kimdir? \u015eerif Sezer ka\u00e7 ya\u015f\u0131nda ve nereli?<\/p>\n<h3>\u00c7ARPINTI D\u0130Z\u0130S\u0130N\u0130N F\u0130GEN ALKAN\u2019 \u015eER\u0130F SEZER K\u0130MD\u0130R?<\/h3>\n<p>\u015eerif Sezer T\u00fcrk dizi, sinema ve tiyatro oyuncusudur. 12 Aral\u0131k 1946\u2019da Bursa\u2019n\u0131n Mudanya il\u00e7esinde d\u00fcnyaya geldi. Anne babas\u0131, \u015eerif Sezer 8 ya\u015f\u0131ndayken bo\u015fand\u0131, Sezer babada kald\u0131. \u015eerif Sezer\u2019in kendisinden k\u00fc\u00e7\u00fck ikiz k\u0131z karde\u015fleri de vard\u0131 ancak ikizlerden birini difteri hastal\u0131\u011f\u0131ndan dolay\u0131 kaybetti.<\/p>\n<p><img loading=\"lazy\" decoding=\"async\" class=\"size-full wp-image-231759 aligncenter\" src=\"https:\/\/www.tgrthaber.com\/mavikadin\/wp-content\/uploads\/carpinti-dizisinin-figen-alkan-i-serif-sezer-kimdir-serif-sezer-kac-yasinda-ve-nereli-3.jpg\" alt=\"\" width=\"1208\" height=\"680\" title=\"\" srcset=\"https:\/\/www.tgrthaber.com\/mavikadin\/wp-content\/uploads\/carpinti-dizisinin-figen-alkan-i-serif-sezer-kimdir-serif-sezer-kac-yasinda-ve-nereli-3.jpg 1208w, https:\/\/www.tgrthaber.com\/mavikadin\/wp-content\/uploads\/carpinti-dizisinin-figen-alkan-i-serif-sezer-kimdir-serif-sezer-kac-yasinda-ve-nereli-3-300x169.jpg 300w, https:\/\/www.tgrthaber.com\/mavikadin\/wp-content\/uploads\/carpinti-dizisinin-figen-alkan-i-serif-sezer-kimdir-serif-sezer-kac-yasinda-ve-nereli-3-1024x576.jpg 1024w, https:\/\/www.tgrthaber.com\/mavikadin\/wp-content\/uploads\/carpinti-dizisinin-figen-alkan-i-serif-sezer-kimdir-serif-sezer-kac-yasinda-ve-nereli-3-768x432.jpg 768w\" sizes=\"(max-width: 1208px) 100vw, 1208px\" \/><\/p>\n<hr \/>\n<p>Bulundu\u011fu muhitin \u00e7ocuklar\u0131 kendisine \u2018Kasaban\u0131n \u015eerifi\u2019 lakab\u0131 tak\u0131p dalga ge\u00e7tikleri i\u00e7in uzun seneler ismine kar\u015f\u0131 nefret duyar.<\/p>\n<p>Mudanya\u2019da ilkokulu bitirdikten sonra ortaokula g\u00f6nderilmedi, diki\u015f nak\u0131\u015f kursuna verildi. Sezer, 14 ya\u015f\u0131nda ilkokul diplomas\u0131 ve n\u00fcfus ka\u011f\u0131d\u0131n\u0131 al\u0131p, babas\u0131n\u0131n yan\u0131ndan ayr\u0131l\u0131p Ankara\u2019daki annesinin yan\u0131nda kalmaya ba\u015flar. Ankara\u2019da k\u0131z enstit\u00fcs\u00fcne yaz\u0131l\u0131r.<\/p>\n<p><img loading=\"lazy\" decoding=\"async\" class=\"size-full wp-image-231760 aligncenter\" src=\"https:\/\/www.tgrthaber.com\/mavikadin\/wp-content\/uploads\/carpinti-dizisinin-figen-alkan-i-serif-sezer-kimdir-serif-sezer-kac-yasinda-ve-nereli-4.jpg\" alt=\"\" width=\"1208\" height=\"680\" title=\"\" srcset=\"https:\/\/www.tgrthaber.com\/mavikadin\/wp-content\/uploads\/carpinti-dizisinin-figen-alkan-i-serif-sezer-kimdir-serif-sezer-kac-yasinda-ve-nereli-4.jpg 1208w, https:\/\/www.tgrthaber.com\/mavikadin\/wp-content\/uploads\/carpinti-dizisinin-figen-alkan-i-serif-sezer-kimdir-serif-sezer-kac-yasinda-ve-nereli-4-300x169.jpg 300w, https:\/\/www.tgrthaber.com\/mavikadin\/wp-content\/uploads\/carpinti-dizisinin-figen-alkan-i-serif-sezer-kimdir-serif-sezer-kac-yasinda-ve-nereli-4-1024x576.jpg 1024w, https:\/\/www.tgrthaber.com\/mavikadin\/wp-content\/uploads\/carpinti-dizisinin-figen-alkan-i-serif-sezer-kimdir-serif-sezer-kac-yasinda-ve-nereli-4-768x432.jpg 768w\" sizes=\"(max-width: 1208px) 100vw, 1208px\" \/><\/p>\n<hr \/>\n<p>Ankara Dil Tarih ve Co\u011frafya Fak\u00fcltesi Tiyatro B\u00f6l\u00fcm\u00fc&#8217;n\u00fc bitirdi. \u00dcniversiteden mezun olmas\u0131ndan sonra Ankara Devlet Tiyatrosu&#8217;nda tiyatrocu olarak ba\u015flad\u0131. Bir s\u00fcre tiyatro yapt\u0131ktan sonra Paris&#8217;e ta\u015f\u0131n\u0131p alt\u0131 sene orada ya\u015fad\u0131. Uzun seneler tiyatrodan uzak kalmas\u0131n\u0131n ard\u0131ndan 1975 senesinde \u0130stanbul Devlet Tiyatrosu&#8217;nda g\u00f6rev ald\u0131.<\/p>\n<p>\u0130stanbul Devlet Tiyatrolar\u0131\u2019nda tiyatroculuk yapan <a href=\"https:\/\/www.tgrthaber.com\/mavikadin\/yali-capkini-dizisinin-hattuc-halasi-serif-sezere-ne-oldu-serif-sezerin-son-saglik-durumu-nasil\/\">\u015eerif Sezer<\/a>, 1980\u2019de Sinan \u00c7etin&#8217;in y\u00f6netmenli\u011fini yapt\u0131\u011f\u0131 Bir G\u00fcn\u00fcn Hik\u00e2yesi adl\u0131 filmle film ve dizi oyunculu\u011funa ad\u0131m att\u0131.<\/p>\n<p><img loading=\"lazy\" decoding=\"async\" class=\"size-full wp-image-231761 aligncenter\" src=\"https:\/\/www.tgrthaber.com\/mavikadin\/wp-content\/uploads\/carpinti-dizisinin-figen-alkan-i-serif-sezer-kimdir-serif-sezer-kac-yasinda-ve-nereli-6.jpg\" alt=\"\" width=\"1208\" height=\"680\" title=\"\" srcset=\"https:\/\/www.tgrthaber.com\/mavikadin\/wp-content\/uploads\/carpinti-dizisinin-figen-alkan-i-serif-sezer-kimdir-serif-sezer-kac-yasinda-ve-nereli-6.jpg 1208w, https:\/\/www.tgrthaber.com\/mavikadin\/wp-content\/uploads\/carpinti-dizisinin-figen-alkan-i-serif-sezer-kimdir-serif-sezer-kac-yasinda-ve-nereli-6-300x169.jpg 300w, https:\/\/www.tgrthaber.com\/mavikadin\/wp-content\/uploads\/carpinti-dizisinin-figen-alkan-i-serif-sezer-kimdir-serif-sezer-kac-yasinda-ve-nereli-6-1024x576.jpg 1024w, https:\/\/www.tgrthaber.com\/mavikadin\/wp-content\/uploads\/carpinti-dizisinin-figen-alkan-i-serif-sezer-kimdir-serif-sezer-kac-yasinda-ve-nereli-6-768x432.jpg 768w\" sizes=\"(max-width: 1208px) 100vw, 1208px\" \/><\/p>\n<hr \/>\n<p>2005 y\u0131l\u0131nda vizyona giren Babam ve O\u011flum filmindeki rol\u00fcyle 25. \u0130stanbul Film Festivali\u2019nde En \u0130yi Kad\u0131n Oyuncu \u00d6d\u00fcl\u00fc\u2019n\u00fc kazand\u0131.<\/p>\n<p>\u015eerif Sezer kariyerini boyunca pek \u00e7ok dizi ve filmde oynad\u0131. Sezer, Yal\u0131 \u00c7apk\u0131n\u0131 dizisinin ard\u0131ndan <a href=\"https:\/\/www.tgrthaber.com\/mavikadin\/carpinti-dizisinin-yayin-tarihi-belli-oldu-izleyiciye-kavusmak-icin-gun-sayiyor\/\">\u00c7arp\u0131nt\u0131 dizisi<\/a> ile ekranlara gelmeye haz\u0131rlan\u0131yor.<\/p>\n<p><img loading=\"lazy\" decoding=\"async\" class=\"size-full wp-image-231762 aligncenter\" src=\"https:\/\/www.tgrthaber.com\/mavikadin\/wp-content\/uploads\/carpinti-dizisinin-figen-alkan-i-serif-sezer-kimdir-serif-sezer-kac-yasinda-ve-nereli-5.jpg\" alt=\"\" width=\"1208\" height=\"680\" title=\"\" srcset=\"https:\/\/www.tgrthaber.com\/mavikadin\/wp-content\/uploads\/carpinti-dizisinin-figen-alkan-i-serif-sezer-kimdir-serif-sezer-kac-yasinda-ve-nereli-5.jpg 1208w, https:\/\/www.tgrthaber.com\/mavikadin\/wp-content\/uploads\/carpinti-dizisinin-figen-alkan-i-serif-sezer-kimdir-serif-sezer-kac-yasinda-ve-nereli-5-300x169.jpg 300w, https:\/\/www.tgrthaber.com\/mavikadin\/wp-content\/uploads\/carpinti-dizisinin-figen-alkan-i-serif-sezer-kimdir-serif-sezer-kac-yasinda-ve-nereli-5-1024x576.jpg 1024w, https:\/\/www.tgrthaber.com\/mavikadin\/wp-content\/uploads\/carpinti-dizisinin-figen-alkan-i-serif-sezer-kimdir-serif-sezer-kac-yasinda-ve-nereli-5-768x432.jpg 768w\" sizes=\"(max-width: 1208px) 100vw, 1208px\" \/><\/p>\n<hr \/>\n<h3>\u015eER\u0130F SEZER KA\u00c7 YA\u015eINDA?<\/h3>\n<p>\u015eerif Sezer 1946 do\u011fumludur. 2025 y\u0131l\u0131 itibariyle 79 ya\u015f\u0131ndad\u0131r.<\/p>\n<h3>\u015eER\u0130F SEZER NEREL\u0130?<\/h3>\n<p>\u015eerif Sezer Bursa do\u011fumludur. Ancak k\u00f6ken olarak Rumeli, Laz ve G\u00fcrc\u00fc gibi \u00e7e\u015fitli etnik k\u00f6kenlere sahip bir aileden gelmektedir.<\/p>\n<p><img loading=\"lazy\" decoding=\"async\" class=\"size-full wp-image-231763 aligncenter\" src=\"https:\/\/www.tgrthaber.com\/mavikadin\/wp-content\/uploads\/carpinti-dizisinin-figen-alkan-i-serif-sezer-kimdir-serif-sezer-kac-yasinda-ve-nereli-2.jpg\" alt=\"\" width=\"1208\" height=\"680\" title=\"\" srcset=\"https:\/\/www.tgrthaber.com\/mavikadin\/wp-content\/uploads\/carpinti-dizisinin-figen-alkan-i-serif-sezer-kimdir-serif-sezer-kac-yasinda-ve-nereli-2.jpg 1208w, https:\/\/www.tgrthaber.com\/mavikadin\/wp-content\/uploads\/carpinti-dizisinin-figen-alkan-i-serif-sezer-kimdir-serif-sezer-kac-yasinda-ve-nereli-2-300x169.jpg 300w, https:\/\/www.tgrthaber.com\/mavikadin\/wp-content\/uploads\/carpinti-dizisinin-figen-alkan-i-serif-sezer-kimdir-serif-sezer-kac-yasinda-ve-nereli-2-1024x576.jpg 1024w, https:\/\/www.tgrthaber.com\/mavikadin\/wp-content\/uploads\/carpinti-dizisinin-figen-alkan-i-serif-sezer-kimdir-serif-sezer-kac-yasinda-ve-nereli-2-768x432.jpg 768w\" sizes=\"(max-width: 1208px) 100vw, 1208px\" \/><\/p>\n<hr \/>\n<h3>\u00c7ARPINTI D\u0130Z\u0130S\u0130 F\u0130GEN ALKAN K\u0130MD\u0130R?<\/h3>\n<p>Oyuncu \u015eerif Sezer, Alkan ailesinin b\u00fcy\u00fckannesi Figen Alkan karakteri ile seyirci kar\u015f\u0131s\u0131na \u00e7\u0131k\u0131yor. Hikayede flashback&#8217;lerle ailenin zaman zaman ge\u00e7mi\u015fi, zaman zaman ise bugun\u00fc anlat\u0131l\u0131yor. Figen Alkan karakterinin hayat\u0131 da dizide \u00f6nemli yer tutacak.<\/p>\n<h3>\u015eER\u0130F SEZER\u2019\u0130N ROL ALDI\u011eI D\u0130Z\u0130LER<\/h3>\n<p>\u015eerif Sezer\u2019in oynad\u0131\u011f\u0131 diziler \u015f\u00f6yle:<\/p>\n<p>Asmal\u0131 Konak (2002-2003)<\/p>\n<p>\u00c7emberimde G\u00fcl Oya (2004)<\/p>\n<p>Beyaz Gelincik (2005-2007)<\/p>\n<p>Kabuslar Evi (2006)<\/p>\n<p>Yersiz Yurtsuz (2007)<\/p>\n<p>S\u0131n\u0131f (2008)<\/p>\n<p>K\u00fcl ve Ate\u015f (2009)<\/p>\n<p>Lale Devri (2010)<\/p>\n<p>Ate\u015fe Y\u00fcr\u00fcmek (2010)<\/p>\n<p>Han\u0131meli Soka\u011f\u0131 (2010)<\/p>\n<p>Anneler ile K\u0131zlar\u0131 (2011)<\/p>\n<p>Karag\u00fcl (2013-2016)<\/p>\n<p>Y\u00fczle\u015fme (2019)<\/p>\n<p>Benim Ad\u0131m Melek (2019-2021)<\/p>\n<p>Yal\u0131 \u00c7apk\u0131n\u0131 (2022-2025)<\/p>\n<p>\u00c7arp\u0131nt\u0131 (2025)<\/p>\n<p><img loading=\"lazy\" decoding=\"async\" class=\"size-full wp-image-231764 aligncenter\" src=\"https:\/\/www.tgrthaber.com\/mavikadin\/wp-content\/uploads\/carpinti-dizisinin-figen-alkan-i-serif-sezer-kimdir-serif-sezer-kac-yasinda-ve-nereli-7.jpg\" alt=\"\" width=\"1208\" height=\"680\" title=\"\" srcset=\"https:\/\/www.tgrthaber.com\/mavikadin\/wp-content\/uploads\/carpinti-dizisinin-figen-alkan-i-serif-sezer-kimdir-serif-sezer-kac-yasinda-ve-nereli-7.jpg 1208w, https:\/\/www.tgrthaber.com\/mavikadin\/wp-content\/uploads\/carpinti-dizisinin-figen-alkan-i-serif-sezer-kimdir-serif-sezer-kac-yasinda-ve-nereli-7-300x169.jpg 300w, https:\/\/www.tgrthaber.com\/mavikadin\/wp-content\/uploads\/carpinti-dizisinin-figen-alkan-i-serif-sezer-kimdir-serif-sezer-kac-yasinda-ve-nereli-7-1024x576.jpg 1024w, https:\/\/www.tgrthaber.com\/mavikadin\/wp-content\/uploads\/carpinti-dizisinin-figen-alkan-i-serif-sezer-kimdir-serif-sezer-kac-yasinda-ve-nereli-7-768x432.jpg 768w\" sizes=\"(max-width: 1208px) 100vw, 1208px\" \/><\/p>\n<hr \/>\n<h3>\u015eER\u0130F SEZER\u2019\u0130N F\u0130LMLER\u0130<\/h3>\n<p>\u015eerif Sezer\u2019in rol ald\u0131\u011f\u0131 filmler \u015f\u00f6yle:<\/p>\n<p>Bir G\u00fcn\u00fcn Hikayesi (1981)<\/p>\n<p>Yol (1981)<\/p>\n<p>Hakk\u00e2ri&#8217;de Bir Mevsim (1982)<\/p>\n<p>Her \u015eeye Ra\u011fmen (1987)<\/p>\n<p>Av Zaman\u0131 (1988)<\/p>\n<p>Hamam (1997)<\/p>\n<p>O da Beni Seviyor (2001)<\/p>\n<p>Mustafa Hakk\u0131nda Her \u015eey (2003)<\/p>\n<p>Babam ve O\u011flum (2005)<\/p>\n<p>G\u00fcne\u015fi G\u00f6rd\u00fcm (2009)<\/p>\n<p>Deli Deli Olma (2009)<\/p>\n<p>Yang\u0131n Var (2011)<\/p>\n<p>Devrimden Sonra (2011)<\/p>\n<p>Topra\u011fa Uzanan Eller (2013)<\/p>\n<p>Kuzu (2014)<\/p>\n<p>Memleket (2015)<\/p>\n<p>\u0130stanbul K\u0131rm\u0131z\u0131s\u0131 (2016)<\/p>\n<p>\u00c7ocuklar Sana Emanet (2018)<\/p>\n<p>K\u0131z\u0131m Gibi Kokuyorsun (2019)<\/p>\n<p>Ba\u015fkan (2024)<\/p>\n","protected":false},"excerpt":{"rendered":"<p>\u00c7arp\u0131nt\u0131 dizisi 7 Eyl\u00fcl 2025 Pazar g\u00fcn\u00fc Star TV&#8217;de ekran maceras\u0131na ba\u015fl\u0131yor. Dizide Figen Alkan karakterini \u015eerif Sezer oynuyor. \u00c7arp\u0131nt\u0131 dizisinin Figen Alkan\u2019\u0131 \u015eerif Sezer kimdir? \u015eerif Sezer ka\u00e7 ya\u015f\u0131nda ve nereli? <\/p>\n","protected":false},"author":30,"featured_media":231758,"comment_status":"closed","ping_status":"closed","sticky":false,"template":"","format":"standard","meta":{"rank_math_lock_modified_date":false,"footnotes":""},"categories":[491],"tags":[16521,23108,61617,22767],"class_list":["post-231757","post","type-post","status-publish","format-standard","has-post-thumbnail","hentry","category-biyografi","tag-biyografi-haberleri","tag-carpinti-dizisi","tag-carpinti-dizisi-figen-alkan","tag-serif-sezer"],"_links":{"self":[{"href":"https:\/\/www.tgrthaber.com\/mavikadin\/wp-json\/wp\/v2\/posts\/231757"}],"collection":[{"href":"https:\/\/www.tgrthaber.com\/mavikadin\/wp-json\/wp\/v2\/posts"}],"about":[{"href":"https:\/\/www.tgrthaber.com\/mavikadin\/wp-json\/wp\/v2\/types\/post"}],"author":[{"embeddable":true,"href":"https:\/\/www.tgrthaber.com\/mavikadin\/wp-json\/wp\/v2\/users\/30"}],"replies":[{"embeddable":true,"href":"https:\/\/www.tgrthaber.com\/mavikadin\/wp-json\/wp\/v2\/comments?post=231757"}],"version-history":[{"count":2,"href":"https:\/\/www.tgrthaber.com\/mavikadin\/wp-json\/wp\/v2\/posts\/231757\/revisions"}],"predecessor-version":[{"id":231766,"href":"https:\/\/www.tgrthaber.com\/mavikadin\/wp-json\/wp\/v2\/posts\/231757\/revisions\/231766"}],"wp:featuredmedia":[{"embeddable":true,"href":"https:\/\/www.tgrthaber.com\/mavikadin\/wp-json\/wp\/v2\/media\/231758"}],"wp:attachment":[{"href":"https:\/\/www.tgrthaber.com\/mavikadin\/wp-json\/wp\/v2\/media?parent=231757"}],"wp:term":[{"taxonomy":"category","embeddable":true,"href":"https:\/\/www.tgrthaber.com\/mavikadin\/wp-json\/wp\/v2\/categories?post=231757"},{"taxonomy":"post_tag","embeddable":true,"href":"https:\/\/www.tgrthaber.com\/mavikadin\/wp-json\/wp\/v2\/tags?post=231757"}],"curies":[{"name":"wp","href":"https:\/\/api.w.org\/{rel}","templated":true}]}}