{"id":231801,"date":"2025-09-06T12:47:24","date_gmt":"2025-09-06T09:47:24","guid":{"rendered":"https:\/\/www.tgrthaber.com\/mavikadin\/?p=231801"},"modified":"2025-09-06T12:47:34","modified_gmt":"2025-09-06T09:47:34","slug":"asli-hunel-genc-isimlere-destege-devam-ediyor-mehmet-cevikten-sonra-nebi-demirle-farkli-bir-tarz","status":"publish","type":"post","link":"https:\/\/www.tgrthaber.com\/mavikadin\/asli-hunel-genc-isimlere-destege-devam-ediyor-mehmet-cevikten-sonra-nebi-demirle-farkli-bir-tarz\/","title":{"rendered":"Asl\u0131 H\u00fcnel gen\u00e7 isimlere deste\u011fe devam ediyor! Mehmet \u00c7evik\u2019ten sonra Nebi Demir\u2019le farkl\u0131 bir tarz"},"content":{"rendered":"<p>Asl\u0131 H\u00fcnel, g\u00fc\u00e7l\u00fc sesi ve ba\u015far\u0131l\u0131 sunuculuk performans\u0131yla ad\u0131ndan s\u00f6z ettiriyor. Magazin d\u00fcnyas\u0131n\u0131n sevilen isimleri aras\u0131nda yer alan Asl\u0131 H\u00fcnel, gen\u00e7 isimlerle ortak \u00e7al\u0131\u015fmalar\u0131n\u0131 s\u00fcrd\u00fcr\u00fcyor. T\u00fcrk sanat m\u00fczi\u011fi sanat\u00e7\u0131s\u0131 ve sunucu Asl\u0131 H\u00fcnel, Mehmet \u00c7evik\u2019ten sonra Nebi Demir\u2019le dinleyici kar\u015f\u0131s\u0131na \u00e7\u0131kt\u0131.<\/p>\n<h3>ASLI H\u00dcNEL GEN\u00c7 \u0130S\u0130MLERE DESTE\u011eE DEVAM ED\u0130YOR!<\/h3>\n<p>Asl\u0131 H\u00fcnel, ba\u015far\u0131l\u0131 projeleriyle ad\u0131ndan s\u00f6z ettiriyor. G\u00fc\u00e7l\u00fc sesi ve ba\u015far\u0131l\u0131 sunuculuk performans\u0131yla magazin d\u00fcnyas\u0131n\u0131n kalbinde b\u00fcy\u00fck yer edinen H\u00fcnel, gen\u00e7 isimlere destek vermeye devam ediyor.<\/p>\n<p><img loading=\"lazy\" decoding=\"async\" class=\"alignnone wp-image-231811\" src=\"https:\/\/www.tgrthaber.com\/mavikadin\/wp-content\/uploads\/Asli-Hunel-Kolay-Mi-sarki-2-1024x576.jpg\" alt=\"Asl\u0131 H\u00fcnel gen\u00e7 isimlere deste\u011fe devam ediyor! Mehmet \u00c7evik\u2019ten sonra Nebi Demir\u2019le farkl\u0131 bir tarz\" width=\"1208\" height=\"680\" title=\"\" srcset=\"https:\/\/www.tgrthaber.com\/mavikadin\/wp-content\/uploads\/Asli-Hunel-Kolay-Mi-sarki-2-1024x576.jpg 1024w, https:\/\/www.tgrthaber.com\/mavikadin\/wp-content\/uploads\/Asli-Hunel-Kolay-Mi-sarki-2-300x169.jpg 300w, https:\/\/www.tgrthaber.com\/mavikadin\/wp-content\/uploads\/Asli-Hunel-Kolay-Mi-sarki-2-768x432.jpg 768w, https:\/\/www.tgrthaber.com\/mavikadin\/wp-content\/uploads\/Asli-Hunel-Kolay-Mi-sarki-2.jpg 1208w\" sizes=\"(max-width: 1208px) 100vw, 1208px\" \/><\/p>\n<hr \/>\n<p>Ge\u00e7ti\u011fimiz nisan ay\u0131nda Mehmet \u00c7evik\u2019le \u2018Ben Orday\u0131m\u2019 \u015fark\u0131s\u0131na imza atan Asl\u0131 H\u00fcnel, bu kez ge\u00e7 \u015fark\u0131c\u0131 Nebi Demir\u2019le \u2018Kolay M\u0131\u2019? \u015fark\u0131s\u0131yla dinleyici kar\u015f\u0131s\u0131na \u00e7\u0131kt\u0131. S\u00f6z\u00fc ve m\u00fczi\u011fi Kerim Araz\u2019a ait olan \u2018Kolay M\u0131?\u2019 \u015fark\u0131s\u0131 Netd M\u00fczik arac\u0131l\u0131\u011f\u0131yla m\u00fczik piyasas\u0131na sunuldu.<\/p>\n<p><img loading=\"lazy\" decoding=\"async\" class=\"alignnone wp-image-231810\" src=\"https:\/\/www.tgrthaber.com\/mavikadin\/wp-content\/uploads\/Asli-Hunel-Kolay-Mi-sarki-3-1024x576.jpg\" alt=\"Asl\u0131 H\u00fcnel gen\u00e7 isimlere deste\u011fe devam ediyor! Mehmet \u00c7evik\u2019ten sonra Nebi Demir\u2019le farkl\u0131 bir tarz\" width=\"1208\" height=\"680\" title=\"\" srcset=\"https:\/\/www.tgrthaber.com\/mavikadin\/wp-content\/uploads\/Asli-Hunel-Kolay-Mi-sarki-3-1024x576.jpg 1024w, https:\/\/www.tgrthaber.com\/mavikadin\/wp-content\/uploads\/Asli-Hunel-Kolay-Mi-sarki-3-300x169.jpg 300w, https:\/\/www.tgrthaber.com\/mavikadin\/wp-content\/uploads\/Asli-Hunel-Kolay-Mi-sarki-3-768x432.jpg 768w, https:\/\/www.tgrthaber.com\/mavikadin\/wp-content\/uploads\/Asli-Hunel-Kolay-Mi-sarki-3.jpg 1208w\" sizes=\"(max-width: 1208px) 100vw, 1208px\" \/><\/p>\n<hr \/>\n<p>Nebi Demir\u2019le farkl\u0131 bir tarz yakalayan Asl\u0131 H\u00fcnel, s\u00f6z\u00fc ve m\u00fczi\u011fi Kerim Araz\u2019a ait olan \u2018Kolay M\u0131\u2019? \u015fark\u0131s\u0131n\u0131n s\u00f6zlerini ilk duydu\u011funda kalbine dokundu\u011funu dile getirdi. Sevgiye ve a\u015fka dair her \u015feyi anlatan Kolay M\u0131? \u015fark\u0131s\u0131, hen\u00fcz yeni yay\u0131nlanmas\u0131na ra\u011fmen dinleyiciden b\u00fcy\u00fck ilgi g\u00f6rd\u00fc.<\/p>\n<div style=\"width: 640px;\" class=\"wp-video\"><!--[if lt IE 9]><script>document.createElement('video');<\/script><![endif]-->\n<video class=\"wp-video-shortcode\" id=\"video-231801-1\" width=\"640\" height=\"360\" preload=\"metadata\" controls=\"controls\"><source type=\"video\/mp4\" src=\"https:\/\/www.tgrthaber.com\/mavikadin\/wp-content\/uploads\/Adsiz-tasarim-23.mp4?_=1\" \/><a href=\"https:\/\/www.tgrthaber.com\/mavikadin\/wp-content\/uploads\/Adsiz-tasarim-23.mp4\">https:\/\/www.tgrthaber.com\/mavikadin\/wp-content\/uploads\/Adsiz-tasarim-23.mp4<\/a><\/video><\/div>\n<hr \/>\n<h3>ASLI H\u00dcNEL SADECE SES\u0130YLE DE\u011e\u0130L TARZIYLADA ETK\u0130LED\u0130!<\/h3>\n<p>Ba\u015far\u0131l\u0131 m\u00fczik ve sunuculuk kariyerinin yan\u0131 s\u0131ra g\u00fczelli\u011fi ve zarif tarz\u0131yla dikkatleri \u00fczerine \u00e7eken Asl\u0131 H\u00fcnel, kendi kost\u00fcmlerinin stylingini \u00fcstleniyor. Kolay M\u0131? \u015fark\u0131s\u0131n\u0131n klip \u00e7ekimleri i\u00e7in kamera kar\u015f\u0131s\u0131na ge\u00e7en H\u00fcnel, stylingi kendisine ait olan siyah renkte bal\u0131k elbisesiyle herkesi etkiledi.<\/p>\n<p><img loading=\"lazy\" decoding=\"async\" class=\"alignnone wp-image-231812\" src=\"https:\/\/www.tgrthaber.com\/mavikadin\/wp-content\/uploads\/Asli-Hunel-Kolay-Mi-sarki-5-1024x576.jpg\" alt=\"Asl\u0131 H\u00fcnel gen\u00e7 isimlere deste\u011fe devam ediyor! Mehmet \u00c7evik\u2019ten sonra Nebi Demir\u2019le farkl\u0131 bir tarz\" width=\"1208\" height=\"680\" title=\"\" srcset=\"https:\/\/www.tgrthaber.com\/mavikadin\/wp-content\/uploads\/Asli-Hunel-Kolay-Mi-sarki-5-1024x576.jpg 1024w, https:\/\/www.tgrthaber.com\/mavikadin\/wp-content\/uploads\/Asli-Hunel-Kolay-Mi-sarki-5-300x169.jpg 300w, https:\/\/www.tgrthaber.com\/mavikadin\/wp-content\/uploads\/Asli-Hunel-Kolay-Mi-sarki-5-768x432.jpg 768w, https:\/\/www.tgrthaber.com\/mavikadin\/wp-content\/uploads\/Asli-Hunel-Kolay-Mi-sarki-5.jpg 1208w\" sizes=\"(max-width: 1208px) 100vw, 1208px\" \/><\/p>\n<hr \/>\n<p>Asl\u0131 H\u00fcnel\u2019in Kolay M\u0131? \u015fark\u0131s\u0131n\u0131n klibinde giydi\u011fi siyah bal\u0131k elbisenin omuz ve el k\u0131s\u0131mlar\u0131nda bulunan mavi boncuklu detaylar da adeta g\u00f6z kama\u015ft\u0131rd\u0131. \u00dcnl\u00fc \u015fark\u0131c\u0131, yaln\u0131zca g\u00fc\u00e7l\u00fc sesiyle de\u011fil, tarz\u0131 ve g\u00fczelli\u011fiyle de \u00f6n plana \u00e7\u0131kmay\u0131 ba\u015fard\u0131.<\/p>\n","protected":false},"excerpt":{"rendered":"<p>Asl\u0131 H\u00fcnel, m\u00fczik d\u00fcnyas\u0131ndaki ba\u015far\u0131s\u0131na gen\u00e7 isimleri de dahil ediyor. Ba\u015far\u0131l\u0131 T\u00fcrk sanat m\u00fczi\u011fi sanat\u00e7\u0131s\u0131 ve sunucu Asl\u0131 H\u00fcnel, Mehmet \u00c7evik\u2019ten sonra Nebi Demir\u2019le farkl\u0131 bir tarz yakalad\u0131. <\/p>\n","protected":false},"author":26,"featured_media":231809,"comment_status":"closed","ping_status":"closed","sticky":false,"template":"","format":"standard","meta":{"rank_math_lock_modified_date":false,"footnotes":""},"categories":[76],"tags":[2737,61621,61622,61623,133,2218],"class_list":["post-231801","post","type-post","status-publish","format-standard","has-post-thumbnail","hentry","category-magazin","tag-asli-hunel","tag-asli-hunel-nebi-demir","tag-asli-hunel-nebi-demir-kolay-mi","tag-kolay-mi-sarki","tag-magazin","tag-magazin-haberleri"],"_links":{"self":[{"href":"https:\/\/www.tgrthaber.com\/mavikadin\/wp-json\/wp\/v2\/posts\/231801"}],"collection":[{"href":"https:\/\/www.tgrthaber.com\/mavikadin\/wp-json\/wp\/v2\/posts"}],"about":[{"href":"https:\/\/www.tgrthaber.com\/mavikadin\/wp-json\/wp\/v2\/types\/post"}],"author":[{"embeddable":true,"href":"https:\/\/www.tgrthaber.com\/mavikadin\/wp-json\/wp\/v2\/users\/26"}],"replies":[{"embeddable":true,"href":"https:\/\/www.tgrthaber.com\/mavikadin\/wp-json\/wp\/v2\/comments?post=231801"}],"version-history":[{"count":2,"href":"https:\/\/www.tgrthaber.com\/mavikadin\/wp-json\/wp\/v2\/posts\/231801\/revisions"}],"predecessor-version":[{"id":231816,"href":"https:\/\/www.tgrthaber.com\/mavikadin\/wp-json\/wp\/v2\/posts\/231801\/revisions\/231816"}],"wp:featuredmedia":[{"embeddable":true,"href":"https:\/\/www.tgrthaber.com\/mavikadin\/wp-json\/wp\/v2\/media\/231809"}],"wp:attachment":[{"href":"https:\/\/www.tgrthaber.com\/mavikadin\/wp-json\/wp\/v2\/media?parent=231801"}],"wp:term":[{"taxonomy":"category","embeddable":true,"href":"https:\/\/www.tgrthaber.com\/mavikadin\/wp-json\/wp\/v2\/categories?post=231801"},{"taxonomy":"post_tag","embeddable":true,"href":"https:\/\/www.tgrthaber.com\/mavikadin\/wp-json\/wp\/v2\/tags?post=231801"}],"curies":[{"name":"wp","href":"https:\/\/api.w.org\/{rel}","templated":true}]}}