{"id":231817,"date":"2025-09-06T13:04:41","date_gmt":"2025-09-06T10:04:41","guid":{"rendered":"https:\/\/www.tgrthaber.com\/mavikadin\/?p=231817"},"modified":"2025-09-06T13:04:41","modified_gmt":"2025-09-06T10:04:41","slug":"gamze-ozcelik-yardim-icin-gittigi-afganistanda-depreme-yakalandi-biz-de-cok-hissettik","status":"publish","type":"post","link":"https:\/\/www.tgrthaber.com\/mavikadin\/gamze-ozcelik-yardim-icin-gittigi-afganistanda-depreme-yakalandi-biz-de-cok-hissettik\/","title":{"rendered":"Gamze \u00d6z\u00e7elik yard\u0131m i\u00e7in gitti\u011fi Afganistan\u2019da depreme yakaland\u0131! &#8216;Biz de \u00e7ok hissettik&#8217;"},"content":{"rendered":"<p><a href=\"https:\/\/www.tgrthaber.com\/mavikadin\/yardim-melegi-gamze-ozcelikin-afganistan-paylasimina-begeni-yagdi\/\">Gamze \u00d6z\u00e7elik<\/a> yard\u0131m i\u00e7in gitti\u011fi Afganistan\u2019da depreme yakaland\u0131. Sosyal medya hesab\u0131n\u0131 aktif bir \u015fekilde kullanan isim depremi Kabil\u2019den hissetti\u011fini duyurdu. Umuda Ko\u015fanlar Derne\u011fi ile yard\u0131mlar\u0131na devam eden oyuncu payla\u015f\u0131mlar\u0131na devam ediyor.<\/p>\n<h3>GAMZE \u00d6Z\u00c7EL\u0130K AFGAN\u0130STAN\u2019DA DEPREME YAKALANDI<\/h3>\n<p>Umuda Ko\u015fanlar Derne\u011fi ile kendisini hay\u0131r i\u015flerine adayan <a href=\"https:\/\/www.tgrthaber.com\/mavikadin\/gamze-ozcelik-eski-esi-ugur-pektasa-ne-oldu-arka-sokak-hayranlari-harekete-gecti\/\">Gamze \u00d6z\u00e7elik<\/a>, yard\u0131m i\u00e7in gitti\u011fi Afganistan\u2019da depreme yakaland\u0131. \u00d6z\u00e7elik, d\u00fcnyan\u0131n pek \u00e7ok k\u00f6\u015fesinde yapt\u0131\u011f\u0131 say\u0131s\u0131z iyilikle herkesin g\u00f6nl\u00fcne taht kurdu.<\/p>\n<p><img loading=\"lazy\" decoding=\"async\" class=\"aligncenter size-full wp-image-231818\" src=\"https:\/\/www.tgrthaber.com\/mavikadin\/wp-content\/uploads\/gamze-ozcelik-3.png\" alt=\"\" width=\"1208\" height=\"680\" title=\"\" srcset=\"https:\/\/www.tgrthaber.com\/mavikadin\/wp-content\/uploads\/gamze-ozcelik-3.png 1208w, https:\/\/www.tgrthaber.com\/mavikadin\/wp-content\/uploads\/gamze-ozcelik-3-300x169.png 300w, https:\/\/www.tgrthaber.com\/mavikadin\/wp-content\/uploads\/gamze-ozcelik-3-1024x576.png 1024w, https:\/\/www.tgrthaber.com\/mavikadin\/wp-content\/uploads\/gamze-ozcelik-3-768x432.png 768w\" sizes=\"(max-width: 1208px) 100vw, 1208px\" \/><\/p>\n<hr \/>\n<p>Ba\u015far\u0131l\u0131 isim zaman zaman \u00f6zel hayat\u0131yla da g\u00fcndem olmaya devam ediyor. Kariyerinin zirvesindeyken ald\u0131\u011f\u0131 radikal bir kararla oyunculu\u011fu b\u0131rakarak \u015f\u00f6hrete veda etmi\u015fti. Maneviyata y\u00f6nelen Gamze \u00d6z\u00e7elik, yapt\u0131\u011f\u0131 say\u0131s\u0131z iyilikle yediden yetmi\u015fe haf\u0131zalara kaz\u0131nd\u0131.<\/p>\n<p>Umuda Ko\u015fanlar Derne\u011fi&#8217;ni kurarak yard\u0131ma muhta\u00e7 pek \u00e7ok insana kucak a\u00e7an \u00d6z\u00e7elik, mutlulu\u011fu buldu.<\/p>\n<p><img loading=\"lazy\" decoding=\"async\" class=\"aligncenter size-full wp-image-231819\" src=\"https:\/\/www.tgrthaber.com\/mavikadin\/wp-content\/uploads\/gamze-ozcelik-2.png\" alt=\"\" width=\"1208\" height=\"680\" title=\"\" srcset=\"https:\/\/www.tgrthaber.com\/mavikadin\/wp-content\/uploads\/gamze-ozcelik-2.png 1208w, https:\/\/www.tgrthaber.com\/mavikadin\/wp-content\/uploads\/gamze-ozcelik-2-300x169.png 300w, https:\/\/www.tgrthaber.com\/mavikadin\/wp-content\/uploads\/gamze-ozcelik-2-1024x576.png 1024w, https:\/\/www.tgrthaber.com\/mavikadin\/wp-content\/uploads\/gamze-ozcelik-2-768x432.png 768w\" sizes=\"(max-width: 1208px) 100vw, 1208px\" \/><\/p>\n<hr \/>\n<h3>S\u00dcRPR\u0130Z \u015eEK\u0130LDE EVLENM\u0130\u015eT\u0130<\/h3>\n<p>Gamze \u00d6z\u00e7elik, Bo\u015fnak as\u0131ll\u0131 Avustralyal\u0131 akt\u00f6r Reshad Strik&#8217;le s\u00fcrpriz \u015fekilde nikah masas\u0131na oturmu\u015ftu. \u015eimdilerde mutlu evlili\u011fiyle ad\u0131ndan s\u00f6z ettiren Gamze \u00d6z\u00e7elik&#8217;in biricik o\u011flu Murathan da kocaman oldu.<\/p>\n<p>Sosyal medya kullan\u0131c\u0131lar\u0131n\u0131n b\u00fcy\u00fck ilgi g\u00f6sterdi\u011fi Gamze \u00d6z\u00e7elik&#8217;\u0131n o\u011flu Murathan Pekta\u015f ile ilgili &#8220;T\u00fcm karanl\u0131klara ra\u011fmen ya\u015fad\u0131\u011f\u0131m bu a\u015fk ve o\u011flum, her g\u00fcn heyecanla aya\u011fa kalkma sebebim. Elhamdulillah&#8221; s\u00f6zleri olduk\u00e7a ses getirmi\u015fti.<\/p>\n<p><img loading=\"lazy\" decoding=\"async\" class=\"aligncenter size-full wp-image-231820\" src=\"https:\/\/www.tgrthaber.com\/mavikadin\/wp-content\/uploads\/Gamze-Ozcelik-5-2.jpg\" alt=\"\" width=\"1080\" height=\"720\" title=\"\" srcset=\"https:\/\/www.tgrthaber.com\/mavikadin\/wp-content\/uploads\/Gamze-Ozcelik-5-2.jpg 1080w, https:\/\/www.tgrthaber.com\/mavikadin\/wp-content\/uploads\/Gamze-Ozcelik-5-2-300x200.jpg 300w, https:\/\/www.tgrthaber.com\/mavikadin\/wp-content\/uploads\/Gamze-Ozcelik-5-2-1024x683.jpg 1024w, https:\/\/www.tgrthaber.com\/mavikadin\/wp-content\/uploads\/Gamze-Ozcelik-5-2-768x512.jpg 768w\" sizes=\"(max-width: 1080px) 100vw, 1080px\" \/><\/p>\n<hr \/>\n<h3>GAMZE \u00d6Z\u00c7EL\u0130K NE ZAMAN EVLEND\u0130?<\/h3>\n<p>Gamze \u00d6z\u00e7elik ile Reshad Strik 2024 y\u0131l\u0131nda d\u00fcnya evine girdi. Eski oyuncu olan ve son d\u00f6nemde yapt\u0131\u011f\u0131 yard\u0131mlarla tan\u0131nan Umuda Ko\u015fanlar Derne\u011fi kurucusu Gamze \u00d6z\u00e7elik, &#8220;Ailenin Yeni \u00dcyesi\u201d program\u0131yla tan\u0131nan Reshad Strik ile nikah masas\u0131na oturdu.<\/p>\n<p><img loading=\"lazy\" decoding=\"async\" class=\"aligncenter size-full wp-image-231821\" src=\"https:\/\/www.tgrthaber.com\/mavikadin\/wp-content\/uploads\/gamze-ozcelik-5.png\" alt=\"\" width=\"1208\" height=\"680\" title=\"\" srcset=\"https:\/\/www.tgrthaber.com\/mavikadin\/wp-content\/uploads\/gamze-ozcelik-5.png 1208w, https:\/\/www.tgrthaber.com\/mavikadin\/wp-content\/uploads\/gamze-ozcelik-5-300x169.png 300w, https:\/\/www.tgrthaber.com\/mavikadin\/wp-content\/uploads\/gamze-ozcelik-5-1024x576.png 1024w, https:\/\/www.tgrthaber.com\/mavikadin\/wp-content\/uploads\/gamze-ozcelik-5-768x432.png 768w\" sizes=\"(max-width: 1208px) 100vw, 1208px\" \/><\/p>\n<hr \/>\n<p>Haberi \u00e7iftin ortak arkada\u015flar\u0131 sosyal medya payla\u015f\u0131m\u0131 ile duyurdu. &#8220;Ortak bir yaz\u0131 daha oldu karde\u015fim ile. Ayn\u0131 g\u00fcnde evlenmek de dahil oldu. Ne kadar \u015f\u00fck\u00fcr etsem az&#8230; \u00c7ok mutluyum ayn\u0131 zamanda \u00e7ok da h\u00fcz\u00fcnl\u00fc. Orada olmay\u0131 \u00e7ok istememe ra\u011fmen nasip olmad\u0131 ama kalplerimiz birdi. Rabbim Mekke&#8217;ye Medine&#8217;ye Afrika k\u0131tas\u0131na t\u00fcm mazlum co\u011frafyalara birliktelik, umuda ko\u015fmak nasip olsun k\u0131ymetlim. Allah iki cihan saadeti nasip etsin. K\u00f6rd\u00fc\u011f\u00fcm gibi bir sevgi hanesi nasip etsin. A\u011fl\u0131yorum ama sevin\u00e7ten&#8230; \u00d6m\u00fcr boyu mutlu olun&#8221;<\/p>\n<p><img loading=\"lazy\" decoding=\"async\" class=\"aligncenter size-full wp-image-231823\" src=\"https:\/\/www.tgrthaber.com\/mavikadin\/wp-content\/uploads\/Gamze-Ozcelik-1-2.jpg\" alt=\"\" width=\"1080\" height=\"971\" title=\"\" srcset=\"https:\/\/www.tgrthaber.com\/mavikadin\/wp-content\/uploads\/Gamze-Ozcelik-1-2.jpg 1080w, https:\/\/www.tgrthaber.com\/mavikadin\/wp-content\/uploads\/Gamze-Ozcelik-1-2-300x270.jpg 300w, https:\/\/www.tgrthaber.com\/mavikadin\/wp-content\/uploads\/Gamze-Ozcelik-1-2-1024x921.jpg 1024w, https:\/\/www.tgrthaber.com\/mavikadin\/wp-content\/uploads\/Gamze-Ozcelik-1-2-768x690.jpg 768w\" sizes=\"(max-width: 1080px) 100vw, 1080px\" \/><\/p>\n<p>&nbsp;<\/p>\n","protected":false},"excerpt":{"rendered":"<p>Umuda Ko\u015fanlar Derne\u011fi ile hayatlara dokunan oyuncu Gamze \u00d6z\u00e7elik yard\u0131m i\u00e7in gitti\u011fi Afganistan\u2019da depreme yakaland\u0131. Sosyal medya hesab\u0131n\u0131 olduk\u00e7a aktif kullanan \u00fcnl\u00fc isim sosyal medyada payla\u015f\u0131mda bulundu.<\/p>\n","protected":false},"author":5,"featured_media":231824,"comment_status":"closed","ping_status":"closed","sticky":false,"template":"","format":"standard","meta":{"rank_math_lock_modified_date":false,"footnotes":""},"categories":[76],"tags":[56599,3919,133,21034],"class_list":["post-231817","post","type-post","status-publish","format-standard","has-post-thumbnail","hentry","category-magazin","tag-afganistan","tag-gamze-ozcelik","tag-magazin","tag-umuda-kosanlar-dernegi"],"_links":{"self":[{"href":"https:\/\/www.tgrthaber.com\/mavikadin\/wp-json\/wp\/v2\/posts\/231817"}],"collection":[{"href":"https:\/\/www.tgrthaber.com\/mavikadin\/wp-json\/wp\/v2\/posts"}],"about":[{"href":"https:\/\/www.tgrthaber.com\/mavikadin\/wp-json\/wp\/v2\/types\/post"}],"author":[{"embeddable":true,"href":"https:\/\/www.tgrthaber.com\/mavikadin\/wp-json\/wp\/v2\/users\/5"}],"replies":[{"embeddable":true,"href":"https:\/\/www.tgrthaber.com\/mavikadin\/wp-json\/wp\/v2\/comments?post=231817"}],"version-history":[{"count":1,"href":"https:\/\/www.tgrthaber.com\/mavikadin\/wp-json\/wp\/v2\/posts\/231817\/revisions"}],"predecessor-version":[{"id":231825,"href":"https:\/\/www.tgrthaber.com\/mavikadin\/wp-json\/wp\/v2\/posts\/231817\/revisions\/231825"}],"wp:featuredmedia":[{"embeddable":true,"href":"https:\/\/www.tgrthaber.com\/mavikadin\/wp-json\/wp\/v2\/media\/231824"}],"wp:attachment":[{"href":"https:\/\/www.tgrthaber.com\/mavikadin\/wp-json\/wp\/v2\/media?parent=231817"}],"wp:term":[{"taxonomy":"category","embeddable":true,"href":"https:\/\/www.tgrthaber.com\/mavikadin\/wp-json\/wp\/v2\/categories?post=231817"},{"taxonomy":"post_tag","embeddable":true,"href":"https:\/\/www.tgrthaber.com\/mavikadin\/wp-json\/wp\/v2\/tags?post=231817"}],"curies":[{"name":"wp","href":"https:\/\/api.w.org\/{rel}","templated":true}]}}