{"id":231918,"date":"2025-09-06T16:10:48","date_gmt":"2025-09-06T13:10:48","guid":{"rendered":"https:\/\/www.tgrthaber.com\/mavikadin\/?p=231918"},"modified":"2025-09-06T16:10:48","modified_gmt":"2025-09-06T13:10:48","slug":"busra-develiden-alkislanacak-hareket-sosyal-medya-profiline-ozgur-filistin-yazdi","status":"publish","type":"post","link":"https:\/\/www.tgrthaber.com\/mavikadin\/busra-develiden-alkislanacak-hareket-sosyal-medya-profiline-ozgur-filistin-yazdi\/","title":{"rendered":"B\u00fc\u015fra Develi\u2019den alk\u0131\u015flanacak hareket! Sosyal medya profiline \u2018\u00d6zg\u00fcr Filistin\u2019 yazd\u0131"},"content":{"rendered":"<p>B\u00fc\u015fra Develi, \u015fimdilerde Kanal D ekranlar\u0131nda izleyici kar\u015f\u0131s\u0131na \u00e7\u0131kan \u2018E\u015fref R\u00fcya\u2019 dizisiyle dikkatleri \u00fczerine \u00e7ekiyor. Zaman zaman \u00f6zel hayat\u0131yla magazin g\u00fcndeminde yer alan \u00fcnl\u00fc oyuncu, bu kez alk\u0131\u015flanacak bir harekete imza att\u0131. B\u00fc\u015fra Develi, Instagram profiline \u2018\u00d6zg\u00fcr Filistin\u2019 yaz\u0131s\u0131 ekledi.<\/p>\n<h3>B\u00dc\u015eRA DEVEL\u0130\u2019DEN ALKI\u015eLANACAK HAREKET!<\/h3>\n<p>B\u00fc\u015fra Develi, Kanal D ekranlar\u0131nda izleyici kar\u015f\u0131s\u0131na \u00e7\u0131kan \u2018E\u015fref R\u00fcya\u2019 dizisinde \u2018\u00c7i\u011fdem Komiser\u2019 karakteriyle ad\u0131ndan s\u00f6z ettiriyor. Ba\u015far\u0131l\u0131 oyunculuk kariyerinin yan\u0131 s\u0131ra \u00f6zel hayat\u0131yla da zaman zaman g\u00fcndeme gelen Develi, bu kez \u00e7ok konu\u015fulacak bir harekete imza att\u0131.<\/p>\n<p><img loading=\"lazy\" decoding=\"async\" class=\"alignnone wp-image-231921\" src=\"https:\/\/www.tgrthaber.com\/mavikadin\/wp-content\/uploads\/Busra-Develi-3-1-1024x576.jpg\" alt=\"B\u00fc\u015fra Develi\u2019den alk\u0131\u015flanacak hareket! Sosyal medya profiline \u2018\u00d6zg\u00fcr Filistin\u2019 yazd\u0131\" width=\"1208\" height=\"680\" title=\"\" srcset=\"https:\/\/www.tgrthaber.com\/mavikadin\/wp-content\/uploads\/Busra-Develi-3-1-1024x576.jpg 1024w, https:\/\/www.tgrthaber.com\/mavikadin\/wp-content\/uploads\/Busra-Develi-3-1-300x169.jpg 300w, https:\/\/www.tgrthaber.com\/mavikadin\/wp-content\/uploads\/Busra-Develi-3-1-768x432.jpg 768w, https:\/\/www.tgrthaber.com\/mavikadin\/wp-content\/uploads\/Busra-Develi-3-1.jpg 1208w\" sizes=\"(max-width: 1208px) 100vw, 1208px\" \/><\/p>\n<hr \/>\n<p>31 ya\u015f\u0131ndaki \u00fcnl\u00fc oyuncu B\u00fc\u015fra Develi, \u00c7ar\u015famba ak\u015famlar\u0131n\u0131n vazge\u00e7ilmez dizisi E\u015fref R\u00fcya\u2019da \u00c7i\u011fdem Komiser karakteriyle pop\u00fclerli\u011fini art\u0131r\u0131yor. Uzun bir s\u00fcredir ekranlarda boy g\u00f6stermeyen Develi, Kanal D ekranlar\u0131n\u0131n fenomen dizisinde performans\u0131yla dikkat \u00e7ekiyor.<\/p>\n<p><img loading=\"lazy\" decoding=\"async\" class=\"alignnone wp-image-231924\" src=\"https:\/\/www.tgrthaber.com\/mavikadin\/wp-content\/uploads\/Busra-Develi-7-1024x576.jpg\" alt=\"B\u00fc\u015fra Develi\u2019den alk\u0131\u015flanacak hareket! Sosyal medya profiline \u2018\u00d6zg\u00fcr Filistin\u2019 yazd\u0131\" width=\"1208\" height=\"680\" title=\"\" srcset=\"https:\/\/www.tgrthaber.com\/mavikadin\/wp-content\/uploads\/Busra-Develi-7-1024x576.jpg 1024w, https:\/\/www.tgrthaber.com\/mavikadin\/wp-content\/uploads\/Busra-Develi-7-300x169.jpg 300w, https:\/\/www.tgrthaber.com\/mavikadin\/wp-content\/uploads\/Busra-Develi-7-768x432.jpg 768w, https:\/\/www.tgrthaber.com\/mavikadin\/wp-content\/uploads\/Busra-Develi-7.jpg 1208w\" sizes=\"(max-width: 1208px) 100vw, 1208px\" \/><\/p>\n<hr \/>\n<p>Zaman zaman \u00f6zel hayat\u0131yla magazin g\u00fcndeminde yer alan B\u00fc\u015fra Develi, Instagram profiline ekledi\u011fi bir yaz\u0131yla g\u00fcndeme geliyor. Olduk\u00e7a cesur ve anlay\u0131\u015fl\u0131 bir harekete imza atan Develi, anlaml\u0131 hareketiyle sosyal medyada konu\u015fulmaya ba\u015flad\u0131.<\/p>\n<p><img loading=\"lazy\" decoding=\"async\" class=\"alignnone wp-image-231922\" src=\"https:\/\/www.tgrthaber.com\/mavikadin\/wp-content\/uploads\/Busra-Develi-5-1-1024x576.jpg\" alt=\"B\u00fc\u015fra Develi\u2019den alk\u0131\u015flanacak hareket! Sosyal medya profiline \u2018\u00d6zg\u00fcr Filistin\u2019 yazd\u0131\" width=\"1208\" height=\"680\" title=\"\" srcset=\"https:\/\/www.tgrthaber.com\/mavikadin\/wp-content\/uploads\/Busra-Develi-5-1-1024x576.jpg 1024w, https:\/\/www.tgrthaber.com\/mavikadin\/wp-content\/uploads\/Busra-Develi-5-1-300x169.jpg 300w, https:\/\/www.tgrthaber.com\/mavikadin\/wp-content\/uploads\/Busra-Develi-5-1-768x432.jpg 768w, https:\/\/www.tgrthaber.com\/mavikadin\/wp-content\/uploads\/Busra-Develi-5-1.jpg 1208w\" sizes=\"(max-width: 1208px) 100vw, 1208px\" \/><\/p>\n<hr \/>\n<h3>B\u00dc\u015eRA DEVEL\u0130 SOSYAL MEDYA PROF\u0130L\u0130NE \u2018\u00d6ZG\u00dcR F\u0130L\u0130ST\u0130N\u2019 YAZDI!<\/h3>\n<p>B\u00fc\u015fra Develi, Instagram profiline koydu\u011fu \u2018\u00d6zg\u00fcr Filistin\u2019 yaz\u0131s\u0131yla g\u00fcndeme bomba gibi oturdu. Son d\u00f6nemde bir\u00e7ok \u00fcnl\u00fc isim Filistin\u2019e destek payla\u015f\u0131mlar\u0131nda bulunmu\u015ftu. Develi, anlaml\u0131 bir harekete imza atarak profiline \u2018\u00d6zg\u00fcr Filistin\u2019 yaz\u0131s\u0131 yazd\u0131 ve Filistin bayra\u011f\u0131 koydu.<\/p>\n<p><img loading=\"lazy\" decoding=\"async\" class=\"alignnone wp-image-231920\" src=\"https:\/\/www.tgrthaber.com\/mavikadin\/wp-content\/uploads\/Busra-Develi-2-1-1024x576.jpg\" alt=\"B\u00fc\u015fra Develi\u2019den alk\u0131\u015flanacak hareket! Sosyal medya profiline \u2018\u00d6zg\u00fcr Filistin\u2019 yazd\u0131\" width=\"1208\" height=\"680\" title=\"\" srcset=\"https:\/\/www.tgrthaber.com\/mavikadin\/wp-content\/uploads\/Busra-Develi-2-1-1024x576.jpg 1024w, https:\/\/www.tgrthaber.com\/mavikadin\/wp-content\/uploads\/Busra-Develi-2-1-300x169.jpg 300w, https:\/\/www.tgrthaber.com\/mavikadin\/wp-content\/uploads\/Busra-Develi-2-1-768x432.jpg 768w, https:\/\/www.tgrthaber.com\/mavikadin\/wp-content\/uploads\/Busra-Develi-2-1.jpg 1208w\" sizes=\"(max-width: 1208px) 100vw, 1208px\" \/><\/p>\n<hr \/>\n<p>B\u00fc\u015fra Develi\u2019nin bu hareketi k\u0131sa s\u00fcrede sosyal medyada geni\u015f yank\u0131 uyand\u0131rd\u0131. \u00dcnl\u00fc oyuncudan gelen anlaml\u0131 hareket, b\u00fcy\u00fck taktir toplad\u0131. Sosyal medyan\u0131n g\u00fcndeminde yer edinen Develi\u2019nin bu sembolik hareketi, di\u011fer \u00fcnl\u00fc oyunculara \u00f6rnek bir davran\u0131\u015f oldu.<\/p>\n<p>B\u00fc\u015fra Develi\u2019nin verdi\u011fi vicdan, adalet ve dayan\u0131\u015fma mesaj\u0131 takip\u00e7ileri taraf\u0131ndan da taktirle kar\u015f\u0131land\u0131. \u00c7ok yak\u0131nda E\u015fref R\u00fcya dizisinin yeni sezonuyla ekranlara gelecek Develi\u2019nin anlaml\u0131 hareketi g\u00f6z doldurdu.<\/p>\n<p><img loading=\"lazy\" decoding=\"async\" class=\"alignnone wp-image-231923\" src=\"https:\/\/www.tgrthaber.com\/mavikadin\/wp-content\/uploads\/Busra-Develi-6-1024x576.jpg\" alt=\"B\u00fc\u015fra Develi\u2019den alk\u0131\u015flanacak hareket! Sosyal medya profiline \u2018\u00d6zg\u00fcr Filistin\u2019 yazd\u0131\" width=\"1208\" height=\"680\" title=\"\" srcset=\"https:\/\/www.tgrthaber.com\/mavikadin\/wp-content\/uploads\/Busra-Develi-6-1024x576.jpg 1024w, https:\/\/www.tgrthaber.com\/mavikadin\/wp-content\/uploads\/Busra-Develi-6-300x169.jpg 300w, https:\/\/www.tgrthaber.com\/mavikadin\/wp-content\/uploads\/Busra-Develi-6-768x432.jpg 768w, https:\/\/www.tgrthaber.com\/mavikadin\/wp-content\/uploads\/Busra-Develi-6.jpg 1208w\" sizes=\"(max-width: 1208px) 100vw, 1208px\" \/><\/p>\n<hr \/>\n<h3>B\u00dc\u015eRA DEVEL\u0130 K\u0130MD\u0130R?<\/h3>\n<p>B\u00fc\u015fra Develi, 25 A\u011fustos 1993 y\u0131l\u0131nda \u0130zmit\u2019te d\u00fcnyaya geldi. Aslen Bayburtlu olan Develi, G\u00f6lc\u00fck\u2019te do\u011fdu. \u0130lkokul, ortaokul ve lise e\u011fitimini ba\u015far\u0131yla tamamlayan Develi, \u00fcniversite ve yetenek s\u0131navlar\u0131ndan ba\u015far\u0131yla ge\u00e7erek Mimar Sinan G\u00fczel Sanatlar \u00dcniversitesi Tiyatro b\u00f6l\u00fcm\u00fcnde okumaya hak kazand\u0131.<\/p>\n<p><img loading=\"lazy\" decoding=\"async\" class=\"alignnone wp-image-231925\" src=\"https:\/\/www.tgrthaber.com\/mavikadin\/wp-content\/uploads\/Busra-Develi-1-1-1024x576.jpg\" alt=\"B\u00fc\u015fra Develi\u2019den alk\u0131\u015flanacak hareket! Sosyal medya profiline \u2018\u00d6zg\u00fcr Filistin\u2019 yazd\u0131\" width=\"1208\" height=\"680\" title=\"\" srcset=\"https:\/\/www.tgrthaber.com\/mavikadin\/wp-content\/uploads\/Busra-Develi-1-1-1024x576.jpg 1024w, https:\/\/www.tgrthaber.com\/mavikadin\/wp-content\/uploads\/Busra-Develi-1-1-300x169.jpg 300w, https:\/\/www.tgrthaber.com\/mavikadin\/wp-content\/uploads\/Busra-Develi-1-1-768x432.jpg 768w, https:\/\/www.tgrthaber.com\/mavikadin\/wp-content\/uploads\/Busra-Develi-1-1.jpg 1208w\" sizes=\"(max-width: 1208px) 100vw, 1208px\" \/><\/p>\n<hr \/>\n<p>Kariyerini tiyatro ve oyunculuk \u00fczerine ilerletmek isteyen B\u00fc\u015fra Develi, Enbe Orkestras\u0131 &amp; \u0130lyas Yal\u00e7\u0131nta\u015f&#8217;\u0131n \u0130ncir \u015fark\u0131s\u0131na \u00e7ekilen klipte rol ald\u0131. 2015 y\u0131l\u0131nda ekranlara gelen \u2018Tatl\u0131 K\u00fc\u00e7\u00fck Yalanc\u0131lar\u2019 dizisinde \u2018Selin\u2019 karakteriyle pop\u00fclerli\u011fini art\u0131ran Develi, Tatl\u0131 \u0130ntikam dizisinde \u2018R\u00fczgar\u2019 karakterini oynad\u0131. Develi, \u015fimdilerde Kanal D ekranlar\u0131n\u0131n reyting rekortmeni E\u015fref R\u00fcya\u2019da boy g\u00f6steriyor.<\/p>\n","protected":false},"excerpt":{"rendered":"<p>B\u00fc\u015fra Develi, ba\u015far\u0131l\u0131 oyunculuk performans\u0131n\u0131n yan\u0131 s\u0131ra \u00f6zel hayat\u0131yla da zaman zaman dikkat \u00e7ekiyor. \u00dcnl\u00fc oyuncu bu kez alk\u0131\u015flanacak bir harekete imza att\u0131. \u0130\u015fte detaylar\u2026<\/p>\n","protected":false},"author":26,"featured_media":231919,"comment_status":"closed","ping_status":"closed","sticky":false,"template":"","format":"standard","meta":{"rank_math_lock_modified_date":false,"footnotes":""},"categories":[76],"tags":[6060,61635,50931,133,2218],"class_list":["post-231918","post","type-post","status-publish","format-standard","has-post-thumbnail","hentry","category-magazin","tag-busra-develi","tag-busra-develi-filistin-paylasimi","tag-busra-develi-kimdir","tag-magazin","tag-magazin-haberleri"],"_links":{"self":[{"href":"https:\/\/www.tgrthaber.com\/mavikadin\/wp-json\/wp\/v2\/posts\/231918"}],"collection":[{"href":"https:\/\/www.tgrthaber.com\/mavikadin\/wp-json\/wp\/v2\/posts"}],"about":[{"href":"https:\/\/www.tgrthaber.com\/mavikadin\/wp-json\/wp\/v2\/types\/post"}],"author":[{"embeddable":true,"href":"https:\/\/www.tgrthaber.com\/mavikadin\/wp-json\/wp\/v2\/users\/26"}],"replies":[{"embeddable":true,"href":"https:\/\/www.tgrthaber.com\/mavikadin\/wp-json\/wp\/v2\/comments?post=231918"}],"version-history":[{"count":2,"href":"https:\/\/www.tgrthaber.com\/mavikadin\/wp-json\/wp\/v2\/posts\/231918\/revisions"}],"predecessor-version":[{"id":231927,"href":"https:\/\/www.tgrthaber.com\/mavikadin\/wp-json\/wp\/v2\/posts\/231918\/revisions\/231927"}],"wp:featuredmedia":[{"embeddable":true,"href":"https:\/\/www.tgrthaber.com\/mavikadin\/wp-json\/wp\/v2\/media\/231919"}],"wp:attachment":[{"href":"https:\/\/www.tgrthaber.com\/mavikadin\/wp-json\/wp\/v2\/media?parent=231918"}],"wp:term":[{"taxonomy":"category","embeddable":true,"href":"https:\/\/www.tgrthaber.com\/mavikadin\/wp-json\/wp\/v2\/categories?post=231918"},{"taxonomy":"post_tag","embeddable":true,"href":"https:\/\/www.tgrthaber.com\/mavikadin\/wp-json\/wp\/v2\/tags?post=231918"}],"curies":[{"name":"wp","href":"https:\/\/api.w.org\/{rel}","templated":true}]}}