{"id":231928,"date":"2025-09-06T17:05:10","date_gmt":"2025-09-06T14:05:10","guid":{"rendered":"https:\/\/www.tgrthaber.com\/mavikadin\/?p=231928"},"modified":"2025-09-06T17:05:43","modified_gmt":"2025-09-06T14:05:43","slug":"yabaninin-caglasi-seray-ozkan-sakincali-dizisinin-kadrosuna-dahil-oldu","status":"publish","type":"post","link":"https:\/\/www.tgrthaber.com\/mavikadin\/yabaninin-caglasi-seray-ozkan-sakincali-dizisinin-kadrosuna-dahil-oldu\/","title":{"rendered":"Yabani&#8217;nin \u00c7a\u011fla\u2019s\u0131 Seray \u00d6zkan Sak\u0131ncal\u0131 dizisinin kadrosuna dahil oldu!"},"content":{"rendered":"<p class=\"p1\">Yabani dizisinde oynad\u0131\u011f\u0131 \u00c7a\u011fla karakteri ile haf\u0131zalara kaz\u0131nan ba\u015far\u0131l\u0131 oyuncu Seray \u00d6zkan\u2019\u0131n yeni adresi belli oldu. Seray \u00d6zkan, \u2018Sak\u0131ncal\u0131\u2019 dizisinin kadrosuna dahil oldu.<\/p>\n<h3 class=\"p1\">YABAN\u0130 D\u0130Z\u0130S\u0130N\u0130N \u00c7A\u011eLA\u2019SI SERAY \u00d6ZKAN SAKINCALI D\u0130Z\u0130S\u0130N\u0130N KADROSUNA DAH\u0130L OLDU<\/h3>\n<p class=\"p1\">Yap\u0131mc\u0131l\u0131\u011f\u0131n\u0131 Faruk Turgut\u2019un \u00fcstlendi\u011fi NOW TV\u2019nin heyecanla beklenen yeni dizisi Sak\u0131ncal\u0131\u2019n\u0131n \u00e7ekimlerinin 15 Eyl\u00fcl\u2019de ba\u015flamas\u0131 planlan\u0131yor. G\u00fc\u00e7l\u00fc oyuncu kadrosuyla dikkatleri \u00fczerine \u00e7eken diziye yeni bir oyuncu daha dahil oldu. Birsen Altunta\u015f\u2019\u0131n haberine g\u00f6re, son olarak Yabani dizisinde \u00c7a\u011fla karakteri ile seyirci kar\u015f\u0131s\u0131na \u00e7\u0131kan Seray \u00d6zkan &#8216;<a href=\"https:\/\/www.tgrthaber.com\/mavikadin\/sakincali-dizisi-konusu-nedir-sakincali-dizisi-oyunculari-kim\/\">Sak\u0131ncal\u0131<\/a>&#8216; dizisinin kadrosuna dahil oldu.<\/p>\n<p><img loading=\"lazy\" decoding=\"async\" class=\"alignnone wp-image-231929 size-full\" src=\"https:\/\/www.tgrthaber.com\/mavikadin\/wp-content\/uploads\/Ekran-Resmi-2025-09-06-16.55.14.png\" alt=\"\" width=\"990\" height=\"564\" title=\"\" srcset=\"https:\/\/www.tgrthaber.com\/mavikadin\/wp-content\/uploads\/Ekran-Resmi-2025-09-06-16.55.14.png 990w, https:\/\/www.tgrthaber.com\/mavikadin\/wp-content\/uploads\/Ekran-Resmi-2025-09-06-16.55.14-300x171.png 300w, https:\/\/www.tgrthaber.com\/mavikadin\/wp-content\/uploads\/Ekran-Resmi-2025-09-06-16.55.14-768x438.png 768w\" sizes=\"(max-width: 990px) 100vw, 990px\" \/><\/p>\n<hr \/>\n<p class=\"p1\">Seray \u00d6zkan dizide &#8216;Helin&#8217; karakteri ile izleyi kar\u015f\u0131s\u0131na \u00e7\u0131kacak. \u0130kinci evlili\u011fini S\u00fcreyya\u2019yla yapan ve Naz\u0131m\u2019\u0131n ilk evlili\u011finden olan k\u0131z\u0131n\u0131 oynayacak olan ba\u015far\u0131l\u0131 oyuncunun yeni performans\u0131 merak ediliyor. Provalar\u0131n t\u00fcm h\u0131z\u0131yla devam etti\u011fi dizide \u00d6zge \u00d6zpirin\u00e7\u00e7i, Salih Bademci, Cem Bender, Nihal Yal\u00e7\u0131n ve Berk Bakio\u011flu gibi isimler yer al\u0131yor.<\/p>\n<p><img loading=\"lazy\" decoding=\"async\" class=\"alignnone wp-image-231930 \" src=\"https:\/\/www.tgrthaber.com\/mavikadin\/wp-content\/uploads\/Ekran-Resmi-2025-09-06-16.55.20.png\" alt=\"\" width=\"995\" height=\"607\" title=\"\" srcset=\"https:\/\/www.tgrthaber.com\/mavikadin\/wp-content\/uploads\/Ekran-Resmi-2025-09-06-16.55.20.png 964w, https:\/\/www.tgrthaber.com\/mavikadin\/wp-content\/uploads\/Ekran-Resmi-2025-09-06-16.55.20-300x183.png 300w, https:\/\/www.tgrthaber.com\/mavikadin\/wp-content\/uploads\/Ekran-Resmi-2025-09-06-16.55.20-768x468.png 768w\" sizes=\"(max-width: 995px) 100vw, 995px\" \/><\/p>\n<hr \/>\n<h3>SERAY \u00d6ZKAN K\u0130MD\u0130R?<\/h3>\n<p class=\"p1\">Seray \u00d6zkan 1988 y\u0131l\u0131nda d\u00fcnyaya gelmi\u015ftir. \u0130stanbulda do\u011fan Seray \u00d6zkan ilk ve orta \u00f6\u011frenimini \u0130stanbul&#8217;da tamamlam\u0131\u015ft\u0131r. \u00dcniversite e\u011fitimini ise \u0130stanbul \u00dcniversitesi Devlet Konservatuvar\u0131 Tiyatro B\u00f6l\u00fcm\u00fc&#8217;nde alm\u0131\u015ft\u0131r.<\/p>\n<p><img loading=\"lazy\" decoding=\"async\" class=\"alignnone wp-image-231932 \" src=\"https:\/\/www.tgrthaber.com\/mavikadin\/wp-content\/uploads\/Ekran-Resmi-2025-09-06-16.55.26.png\" alt=\"\" width=\"1001\" height=\"681\" title=\"\" srcset=\"https:\/\/www.tgrthaber.com\/mavikadin\/wp-content\/uploads\/Ekran-Resmi-2025-09-06-16.55.26.png 732w, https:\/\/www.tgrthaber.com\/mavikadin\/wp-content\/uploads\/Ekran-Resmi-2025-09-06-16.55.26-300x204.png 300w\" sizes=\"(max-width: 1001px) 100vw, 1001px\" \/><\/p>\n<hr \/>\n<p class=\"p1\">2020 y\u0131l\u0131nda mezun olan ba\u015far\u0131l\u0131 oyuncu oyunculuk e\u011fitimi ald\u0131\u011f\u0131 d\u00f6nemte \u00e7e\u015fitli tiyatro oyunlar\u0131nda rol alm\u0131\u015ft\u0131r. Kamera kar\u015f\u0131s\u0131na ilk \u00e7\u0131k\u0131\u015f\u0131 Yabani dizisinde oynad\u0131\u011f\u0131 \u00c7a\u011fla karakteri ile olmu\u015ftur.<\/p>\n<p><img loading=\"lazy\" decoding=\"async\" class=\"alignnone wp-image-231933 \" src=\"https:\/\/www.tgrthaber.com\/mavikadin\/wp-content\/uploads\/Ekran-Resmi-2025-09-06-16.55.33.png\" alt=\"\" width=\"994\" height=\"593\" title=\"\" srcset=\"https:\/\/www.tgrthaber.com\/mavikadin\/wp-content\/uploads\/Ekran-Resmi-2025-09-06-16.55.33.png 982w, https:\/\/www.tgrthaber.com\/mavikadin\/wp-content\/uploads\/Ekran-Resmi-2025-09-06-16.55.33-300x179.png 300w, https:\/\/www.tgrthaber.com\/mavikadin\/wp-content\/uploads\/Ekran-Resmi-2025-09-06-16.55.33-768x458.png 768w\" sizes=\"(max-width: 994px) 100vw, 994px\" \/><\/p>\n<hr \/>\n<p class=\"p1\">Burada g\u00f6sterdi\u011fi ba\u015far\u0131l\u0131 performansla dikkat \u00e7eken oyuncunun \u015fimdi yeni dizisi Sak\u0131ncal\u0131&#8217;da g\u00f6sterece\u011fi performans merakla beklenmektedir.<\/p>\n<p><img loading=\"lazy\" decoding=\"async\" class=\"alignnone wp-image-231934 size-large\" src=\"https:\/\/www.tgrthaber.com\/mavikadin\/wp-content\/uploads\/Ekran-Resmi-2025-09-06-16.55.42-1024x583.png\" alt=\"\" width=\"1024\" height=\"583\" title=\"\" srcset=\"https:\/\/www.tgrthaber.com\/mavikadin\/wp-content\/uploads\/Ekran-Resmi-2025-09-06-16.55.42-1024x583.png 1024w, https:\/\/www.tgrthaber.com\/mavikadin\/wp-content\/uploads\/Ekran-Resmi-2025-09-06-16.55.42-300x171.png 300w, https:\/\/www.tgrthaber.com\/mavikadin\/wp-content\/uploads\/Ekran-Resmi-2025-09-06-16.55.42-768x437.png 768w, https:\/\/www.tgrthaber.com\/mavikadin\/wp-content\/uploads\/Ekran-Resmi-2025-09-06-16.55.42.png 1030w\" sizes=\"(max-width: 1024px) 100vw, 1024px\" \/><\/p>\n<hr \/>\n<h3>SAKINCALI D\u0130Z\u0130S\u0130N\u0130N KONUSU NE?<\/h3>\n<p class=\"p1\">Sak\u0131ncal\u0131 dizisi NOW TV ekranlar\u0131nda izleyici ile bulu\u015fmaya haz\u0131rlan\u0131yor. Dizi S\u00fcreyya ad\u0131nda bir kad\u0131n\u0131n dramatik hikayesini konu alacak. \u00c7ocu\u011funun intikam\u0131n\u0131 almak i\u00e7in s\u0131n\u0131rlar\u0131n\u0131 zorlayan S\u00fcreyya zorlu bir m\u00fccadele verecek.<\/p>\n<p><img loading=\"lazy\" decoding=\"async\" class=\"alignnone wp-image-231935 \" src=\"https:\/\/www.tgrthaber.com\/mavikadin\/wp-content\/uploads\/Ekran-Resmi-2025-09-06-16.58.52.png\" alt=\"\" width=\"988\" height=\"591\" title=\"\" srcset=\"https:\/\/www.tgrthaber.com\/mavikadin\/wp-content\/uploads\/Ekran-Resmi-2025-09-06-16.58.52.png 1020w, https:\/\/www.tgrthaber.com\/mavikadin\/wp-content\/uploads\/Ekran-Resmi-2025-09-06-16.58.52-300x179.png 300w, https:\/\/www.tgrthaber.com\/mavikadin\/wp-content\/uploads\/Ekran-Resmi-2025-09-06-16.58.52-768x459.png 768w\" sizes=\"(max-width: 988px) 100vw, 988px\" \/><\/p>\n<hr \/>\n<p class=\"p1\">S\u00fcreyya\u2019n\u0131n dramatik hikayesi y\u00fcreklere dokunacak. \u00d6zellikle bir annenin adalet aray\u0131\u015f\u0131, ge\u00e7mi\u015f hesapla\u015fmas\u0131 \u00fczerine kurgulanan dizi yeni sezonun iddial\u0131 yap\u0131mlar\u0131 aras\u0131nda yer almaya haz\u0131rlan\u0131yor.<\/p>\n<p>&nbsp;<\/p>\n","protected":false},"excerpt":{"rendered":"<p>Yabani dizisinde g\u00f6sterdi\u011fi ba\u015far\u0131l\u0131 oyunculuk performans\u0131 ile dikkat \u00e7eken ve dizide \u00c7a\u011fla karakteri ile izleyici taraf\u0131ndan sevilen Seray \u00d6zkan&#8217;\u0131n yeni projesi netle\u015fti. Ba\u015far\u0131l\u0131 oyuncu NOW TV&#8217;de ekranlara gelmesi beklenen Sak\u0131ncal\u0131 dizisinin kadrosunda yer almaya haz\u0131rlan\u0131yor. \u0130\u015fte detaylar&#8230; <\/p>\n","protected":false},"author":16,"featured_media":231945,"comment_status":"closed","ping_status":"closed","sticky":false,"template":"","format":"standard","meta":{"rank_math_lock_modified_date":false,"footnotes":""},"categories":[602],"tags":[32159,2628,61639,61638,61637],"class_list":["post-231928","post","type-post","status-publish","format-standard","has-post-thumbnail","hentry","category-diziler","tag-dizi","tag-dizi-haberleri","tag-seray-ozkan-kimdir","tag-seray-ozkan-sakincali-dizisi-kadrosunda","tag-yabaninin-caglasi-seray-ozkan-sakincali-dizisi-kadrosunda"],"_links":{"self":[{"href":"https:\/\/www.tgrthaber.com\/mavikadin\/wp-json\/wp\/v2\/posts\/231928"}],"collection":[{"href":"https:\/\/www.tgrthaber.com\/mavikadin\/wp-json\/wp\/v2\/posts"}],"about":[{"href":"https:\/\/www.tgrthaber.com\/mavikadin\/wp-json\/wp\/v2\/types\/post"}],"author":[{"embeddable":true,"href":"https:\/\/www.tgrthaber.com\/mavikadin\/wp-json\/wp\/v2\/users\/16"}],"replies":[{"embeddable":true,"href":"https:\/\/www.tgrthaber.com\/mavikadin\/wp-json\/wp\/v2\/comments?post=231928"}],"version-history":[{"count":3,"href":"https:\/\/www.tgrthaber.com\/mavikadin\/wp-json\/wp\/v2\/posts\/231928\/revisions"}],"predecessor-version":[{"id":231950,"href":"https:\/\/www.tgrthaber.com\/mavikadin\/wp-json\/wp\/v2\/posts\/231928\/revisions\/231950"}],"wp:featuredmedia":[{"embeddable":true,"href":"https:\/\/www.tgrthaber.com\/mavikadin\/wp-json\/wp\/v2\/media\/231945"}],"wp:attachment":[{"href":"https:\/\/www.tgrthaber.com\/mavikadin\/wp-json\/wp\/v2\/media?parent=231928"}],"wp:term":[{"taxonomy":"category","embeddable":true,"href":"https:\/\/www.tgrthaber.com\/mavikadin\/wp-json\/wp\/v2\/categories?post=231928"},{"taxonomy":"post_tag","embeddable":true,"href":"https:\/\/www.tgrthaber.com\/mavikadin\/wp-json\/wp\/v2\/tags?post=231928"}],"curies":[{"name":"wp","href":"https:\/\/api.w.org\/{rel}","templated":true}]}}