{"id":231953,"date":"2025-09-06T17:26:41","date_gmt":"2025-09-06T14:26:41","guid":{"rendered":"https:\/\/www.tgrthaber.com\/mavikadin\/?p=231953"},"modified":"2025-09-07T10:17:31","modified_gmt":"2025-09-07T07:17:31","slug":"masterchef-6-eylul-2025-kim-elendi-kim-gitti-masterchef-elenen-son-yarismaci-kim","status":"publish","type":"post","link":"https:\/\/www.tgrthaber.com\/mavikadin\/masterchef-6-eylul-2025-kim-elendi-kim-gitti-masterchef-elenen-son-yarismaci-kim\/","title":{"rendered":"MasterChef 6 Eyl\u00fcl 2025 kim elendi kim gitti? MasterChef elenen son yar\u0131\u015fmac\u0131 kim?"},"content":{"rendered":"<p class=\"p1\">MasterChef\u2019te bu ak\u015fam veda gecesi ya\u015fanacak. D\u00fcn ak\u015fam oynanan oyun sonras\u0131 7. Ve son eleme aday\u0131 olan yar\u0131\u015fmac\u0131 Nisa olmu\u015ftu. Bu gece ise bi ki\u015fi MasterChef hayallerine veda edecek. \u0130zleyiciler \u2018MasterChef 6 Eyl\u00fcl 2025 kim elendi, kim gitti? MasterChef son elenen yar\u0131\u015fmac\u0131 kim?\u2019<span class=\"Apple-converted-space\">\u00a0 <\/span>sorular\u0131n\u0131n cevaplar\u0131n\u0131 ara\u015ft\u0131r\u0131yor. \u0130\u015fte detaylar\u2026<\/p>\n<h3 class=\"p1\"><strong>MASTERCHEF\u2019TE VEDA GECES\u0130!<\/strong><\/h3>\n<p class=\"p1\"><a href=\"https:\/\/www.tgrthaber.com\/mavikadin\/masterchefte-orjinal-ankara-tava-tarifi-lokantalarin-sir-gibi-sakladigi-tam-olculu-enfes-lezzet\/\">MasterChef\u2019<\/a>te heyecan dorukta! Birbirinden yetenekli eleme potas\u0131ndaki yar\u0131\u015fmac\u0131lar bu gece MasterChef hayallerine devam edebilmek i\u00e7in k\u0131yas\u0131ya m\u00fccadele edecek. Sercan, Mert, Nisa, \u00d6zkan, Ayten, \u00d6zkan, \u00c7a\u011flar ve \u00c7a\u011fatay aras\u0131nda ge\u00e7ecek olan m\u00fccadele heyecanla bekleniyor.<\/p>\n<p><img loading=\"lazy\" decoding=\"async\" class=\"alignnone wp-image-231954 size-large\" src=\"https:\/\/www.tgrthaber.com\/mavikadin\/wp-content\/uploads\/Ekran-Resmi-2025-09-06-17.18.52-1024x663.png\" alt=\"\" width=\"1024\" height=\"663\" title=\"\" srcset=\"https:\/\/www.tgrthaber.com\/mavikadin\/wp-content\/uploads\/Ekran-Resmi-2025-09-06-17.18.52-1024x663.png 1024w, https:\/\/www.tgrthaber.com\/mavikadin\/wp-content\/uploads\/Ekran-Resmi-2025-09-06-17.18.52-300x194.png 300w, https:\/\/www.tgrthaber.com\/mavikadin\/wp-content\/uploads\/Ekran-Resmi-2025-09-06-17.18.52-768x498.png 768w, https:\/\/www.tgrthaber.com\/mavikadin\/wp-content\/uploads\/Ekran-Resmi-2025-09-06-17.18.52-1536x995.png 1536w, https:\/\/www.tgrthaber.com\/mavikadin\/wp-content\/uploads\/Ekran-Resmi-2025-09-06-17.18.52.png 1948w\" sizes=\"(max-width: 1024px) 100vw, 1024px\" \/><\/p>\n<hr \/>\n<h3 class=\"p1\">MASTERCHEF ELEME POTASINDA K\u0130MLER VAR?<\/h3>\n<p class=\"p1\">Sercan, Mert, Nisa, \u00d6zkan, Ayten, \u00d6zkan, \u00c7a\u011flar ve \u00c7a\u011fatay.<\/p>\n<h3 class=\"p1\">MASTERCHEF 6 EYL\u00dcL 2025 K\u0130M ELEND\u0130?<\/h3>\n<p class=\"p1\">MasterChef T\u00fcrkiye eleme gecesinde elenen isim Sercan oldu.<\/p>\n<p><img loading=\"lazy\" decoding=\"async\" class=\"alignnone wp-image-231955 size-large\" src=\"https:\/\/www.tgrthaber.com\/mavikadin\/wp-content\/uploads\/Ekran-Resmi-2025-09-06-17.19.09-1024x580.png\" alt=\"\" width=\"1024\" height=\"580\" title=\"\" srcset=\"https:\/\/www.tgrthaber.com\/mavikadin\/wp-content\/uploads\/Ekran-Resmi-2025-09-06-17.19.09-1024x580.png 1024w, https:\/\/www.tgrthaber.com\/mavikadin\/wp-content\/uploads\/Ekran-Resmi-2025-09-06-17.19.09-300x170.png 300w, https:\/\/www.tgrthaber.com\/mavikadin\/wp-content\/uploads\/Ekran-Resmi-2025-09-06-17.19.09-768x435.png 768w, https:\/\/www.tgrthaber.com\/mavikadin\/wp-content\/uploads\/Ekran-Resmi-2025-09-06-17.19.09-1536x870.png 1536w, https:\/\/www.tgrthaber.com\/mavikadin\/wp-content\/uploads\/Ekran-Resmi-2025-09-06-17.19.09.png 2020w\" sizes=\"(max-width: 1024px) 100vw, 1024px\" \/><\/p>\n<hr \/>\n<h3 class=\"p1\">MASTERCHEF SON ELEME ADAYI K\u0130M OLDU?<\/h3>\n<p class=\"p1\">MasterChef son eleme aday\u0131\u00a0Nisa\u00a0oldu.<\/p>\n<h3 class=\"p1\">MASTERCHEF DOKUNULMAZLIK OYUNUNU K\u0130M KAZANDI?<\/h3>\n<p class=\"p1\">MasterChef&#8217;te haftan\u0131n son dokunulmazl\u0131k oyununu\u00a0mavi tak\u0131m\u00a0kazand\u0131.<\/p>\n<p><img loading=\"lazy\" decoding=\"async\" class=\"alignnone wp-image-231956 size-full\" src=\"https:\/\/www.tgrthaber.com\/mavikadin\/wp-content\/uploads\/Ekran-Resmi-2025-09-06-17.19.20.png\" alt=\"\" width=\"1466\" height=\"968\" title=\"\" srcset=\"https:\/\/www.tgrthaber.com\/mavikadin\/wp-content\/uploads\/Ekran-Resmi-2025-09-06-17.19.20.png 1466w, https:\/\/www.tgrthaber.com\/mavikadin\/wp-content\/uploads\/Ekran-Resmi-2025-09-06-17.19.20-300x198.png 300w, https:\/\/www.tgrthaber.com\/mavikadin\/wp-content\/uploads\/Ekran-Resmi-2025-09-06-17.19.20-1024x676.png 1024w, https:\/\/www.tgrthaber.com\/mavikadin\/wp-content\/uploads\/Ekran-Resmi-2025-09-06-17.19.20-768x507.png 768w\" sizes=\"(max-width: 1466px) 100vw, 1466px\" \/><\/p>\n<hr \/>\n<h3 class=\"p1\">MASTERCHEF B\u0130REYSEL DOKUNULMAZLIK OYUNUNU HANG\u0130 YARI\u015eMACI KAZANDI?<\/h3>\n<p class=\"p1\">Tak\u0131m oyununu kaybeden k\u0131rm\u0131z\u0131 tak\u0131m kendi aralar\u0131nda dokunulmazl\u0131\u011f\u0131 almak i\u00e7in k\u0131yas\u0131ya m\u00fccadele etti. G\u00fcn\u00fcn sonunda en ba\u015far\u0131l\u0131 yeme\u011fi yapan\u00a0Sezer\u00a0bireysel dokunulmazl\u0131\u011f\u0131n sahibi oldu ve eleme potas\u0131ndan kendisini kurtard\u0131.<\/p>\n<p><img loading=\"lazy\" decoding=\"async\" class=\"alignnone wp-image-231957 size-large\" src=\"https:\/\/www.tgrthaber.com\/mavikadin\/wp-content\/uploads\/Ekran-Resmi-2025-09-06-17.19.14-1024x554.png\" alt=\"\" width=\"1024\" height=\"554\" title=\"\" srcset=\"https:\/\/www.tgrthaber.com\/mavikadin\/wp-content\/uploads\/Ekran-Resmi-2025-09-06-17.19.14-1024x554.png 1024w, https:\/\/www.tgrthaber.com\/mavikadin\/wp-content\/uploads\/Ekran-Resmi-2025-09-06-17.19.14-300x162.png 300w, https:\/\/www.tgrthaber.com\/mavikadin\/wp-content\/uploads\/Ekran-Resmi-2025-09-06-17.19.14-768x416.png 768w, https:\/\/www.tgrthaber.com\/mavikadin\/wp-content\/uploads\/Ekran-Resmi-2025-09-06-17.19.14-1536x831.png 1536w, https:\/\/www.tgrthaber.com\/mavikadin\/wp-content\/uploads\/Ekran-Resmi-2025-09-06-17.19.14.png 1822w\" sizes=\"(max-width: 1024px) 100vw, 1024px\" \/><\/p>\n<hr \/>\n<h3>MASTERCHEF ANA KADRODA K\u0130MLER VAR?<\/h3>\n<p class=\"p2\">MasterChef T\u00fcrkiye 2025 ana kadro g\u00fcncel listesi:<\/p>\n<p class=\"p2\">MasterChef T\u00fcrkiye Ana Kadroya Giren 1. Yar\u0131\u015fmac\u0131: Furkan<\/p>\n<p class=\"p2\">MasterChef T\u00fcrkiye Ana Kadroya Giren 2. Yar\u0131\u015fmac\u0131: Eyl\u00fcl<\/p>\n<p class=\"p2\">MasterChef T\u00fcrkiye Ana Kadroya Giren 3. Yar\u0131\u015fmac\u0131: \u00c7a\u011fatay<\/p>\n<p class=\"p2\">MasterChef T\u00fcrkiye Ana Kadroya Giren 4. Yar\u0131\u015fmac\u0131: Onur<\/p>\n<p class=\"p2\">MasterChef T\u00fcrkiye Ana kadroya giren 5. Yar\u0131\u015fmac\u0131: Nisa Nur ( yedeklerden dahil oldu)<\/p>\n<p class=\"p2\">MasterChef T\u00fcrkiye Ana kadroya giren 6. Yar\u0131\u015fmac\u0131: Sercan<\/p>\n<p><img loading=\"lazy\" decoding=\"async\" class=\"alignnone wp-image-231958 size-large\" src=\"https:\/\/www.tgrthaber.com\/mavikadin\/wp-content\/uploads\/Ekran-Resmi-2025-09-06-17.19.05-1024x621.png\" alt=\"\" width=\"1024\" height=\"621\" title=\"\" srcset=\"https:\/\/www.tgrthaber.com\/mavikadin\/wp-content\/uploads\/Ekran-Resmi-2025-09-06-17.19.05-1024x621.png 1024w, https:\/\/www.tgrthaber.com\/mavikadin\/wp-content\/uploads\/Ekran-Resmi-2025-09-06-17.19.05-300x182.png 300w, https:\/\/www.tgrthaber.com\/mavikadin\/wp-content\/uploads\/Ekran-Resmi-2025-09-06-17.19.05-768x466.png 768w, https:\/\/www.tgrthaber.com\/mavikadin\/wp-content\/uploads\/Ekran-Resmi-2025-09-06-17.19.05-1536x932.png 1536w, https:\/\/www.tgrthaber.com\/mavikadin\/wp-content\/uploads\/Ekran-Resmi-2025-09-06-17.19.05.png 1618w\" sizes=\"(max-width: 1024px) 100vw, 1024px\" \/><\/p>\n<hr \/>\n<p class=\"p2\">MasterChef T\u00fcrkiye Ana kadroya giren 7. Yar\u0131\u015fmac\u0131: Ayla<\/p>\n<p class=\"p2\">MasterChef T\u00fcrkiye Ana kadroya giren 8. Yar\u0131\u015fmac\u0131: \u0130hsan<\/p>\n<p class=\"p2\">MasterChef T\u00fcrkiye Ana kadroya giren 9. Yar\u0131\u015fmac\u0131: Ayten<\/p>\n<p class=\"p2\">MasterChef T\u00fcrkiye Ana kadroya giren 10. Yar\u0131\u015fmac\u0131: \u00c7a\u011flar<\/p>\n<p class=\"p2\">MasterChef T\u00fcrkiye Ana kadroya giren 11. Yar\u0131\u015fmac\u0131: Sezer<\/p>\n<p class=\"p2\">MasterChef T\u00fcrkiye Ana kadroya giren 12. Yar\u0131\u015fmac\u0131: Cansu<\/p>\n<p class=\"p2\">MasterChef T\u00fcrkiye Ana kadroya giren 13. Yar\u0131\u015fmac\u0131: \u00d6zkan<\/p>\n<p><img loading=\"lazy\" decoding=\"async\" class=\"alignnone wp-image-231959 size-large\" src=\"https:\/\/www.tgrthaber.com\/mavikadin\/wp-content\/uploads\/Ekran-Resmi-2025-09-06-17.19.00-1024x675.png\" alt=\"\" width=\"1024\" height=\"675\" title=\"\" srcset=\"https:\/\/www.tgrthaber.com\/mavikadin\/wp-content\/uploads\/Ekran-Resmi-2025-09-06-17.19.00-1024x675.png 1024w, https:\/\/www.tgrthaber.com\/mavikadin\/wp-content\/uploads\/Ekran-Resmi-2025-09-06-17.19.00-300x198.png 300w, https:\/\/www.tgrthaber.com\/mavikadin\/wp-content\/uploads\/Ekran-Resmi-2025-09-06-17.19.00-768x506.png 768w, https:\/\/www.tgrthaber.com\/mavikadin\/wp-content\/uploads\/Ekran-Resmi-2025-09-06-17.19.00-1536x1012.png 1536w, https:\/\/www.tgrthaber.com\/mavikadin\/wp-content\/uploads\/Ekran-Resmi-2025-09-06-17.19.00.png 1842w\" sizes=\"(max-width: 1024px) 100vw, 1024px\" \/><\/p>\n<hr \/>\n<p class=\"p2\">MasterChef T\u00fcrkiye Ana kadroya giren 14. yar\u0131\u015fmac\u0131: Gizem<\/p>\n<p class=\"p2\">MasterChef T\u00fcrkiye Ana kadroya giren 15. yar\u0131\u015fmac\u0131: \u0130rem<\/p>\n<p class=\"p2\">MasterChef T\u00fcrkiye Ana kadroya giren 16. yar\u0131\u015fmac\u0131: Hakan<\/p>\n<p class=\"p2\">MasterChef T\u00fcrkiye Ana kadroya giren 17. yar\u0131\u015fmac\u0131: Mert ( yedeklerden dahil oldu)<\/p>\n<p class=\"p2\">MasterChef T\u00fcrkiye Ana kadroya giren 18. yar\u0131\u015fmac\u0131: S\u00fcmeyye<\/p>\n<p class=\"p2\">MasterChef T\u00fcrkiye Ana kadroya giren 19. yar\u0131\u015fmac\u0131: Bar\u0131\u015f Kaya ( yedeklerden dahil oldu)<\/p>\n<p class=\"p2\">MasterChef T\u00fcrkiye Ana kadroya giren 20. yar\u0131\u015fmac\u0131 \u0130lhan<\/p>\n","protected":false},"excerpt":{"rendered":"<p>MasterChef T\u00fcrkiye&#8217;de heyecan dorukta. D\u00fcn ak\u015fam 7. eleme aday\u0131n\u0131n da belirlendi\u011fi yar\u0131\u015fmada bu ak\u015fam MasterChef hayallerine bir ki\u015fi veda edecek. \u0130zleyiciler, &#8216;MasterChef 6 Eyl\u00fcl 2025 kim elendi kim gitti? MasterChef elenen son yar\u0131\u015fmac\u0131 kim?&#8217; sorular\u0131n\u0131n cevaplar\u0131n\u0131 ar\u0131yor. \u0130\u015fte detaylar.. <\/p>\n","protected":false},"author":16,"featured_media":231960,"comment_status":"closed","ping_status":"closed","sticky":false,"template":"","format":"standard","meta":{"rank_math_lock_modified_date":false,"footnotes":""},"categories":[76],"tags":[133,2218,61640,61641,61642],"class_list":["post-231953","post","type-post","status-publish","format-standard","has-post-thumbnail","hentry","category-magazin","tag-magazin","tag-magazin-haberleri","tag-masterchef-6-eylul-2025-kim-elendi","tag-masterchef-6-eylul-2025-kim-gitti","tag-masterchef-6-eylul-2025-son-elenen-yarismaci"],"_links":{"self":[{"href":"https:\/\/www.tgrthaber.com\/mavikadin\/wp-json\/wp\/v2\/posts\/231953"}],"collection":[{"href":"https:\/\/www.tgrthaber.com\/mavikadin\/wp-json\/wp\/v2\/posts"}],"about":[{"href":"https:\/\/www.tgrthaber.com\/mavikadin\/wp-json\/wp\/v2\/types\/post"}],"author":[{"embeddable":true,"href":"https:\/\/www.tgrthaber.com\/mavikadin\/wp-json\/wp\/v2\/users\/16"}],"replies":[{"embeddable":true,"href":"https:\/\/www.tgrthaber.com\/mavikadin\/wp-json\/wp\/v2\/comments?post=231953"}],"version-history":[{"count":3,"href":"https:\/\/www.tgrthaber.com\/mavikadin\/wp-json\/wp\/v2\/posts\/231953\/revisions"}],"predecessor-version":[{"id":232132,"href":"https:\/\/www.tgrthaber.com\/mavikadin\/wp-json\/wp\/v2\/posts\/231953\/revisions\/232132"}],"wp:featuredmedia":[{"embeddable":true,"href":"https:\/\/www.tgrthaber.com\/mavikadin\/wp-json\/wp\/v2\/media\/231960"}],"wp:attachment":[{"href":"https:\/\/www.tgrthaber.com\/mavikadin\/wp-json\/wp\/v2\/media?parent=231953"}],"wp:term":[{"taxonomy":"category","embeddable":true,"href":"https:\/\/www.tgrthaber.com\/mavikadin\/wp-json\/wp\/v2\/categories?post=231953"},{"taxonomy":"post_tag","embeddable":true,"href":"https:\/\/www.tgrthaber.com\/mavikadin\/wp-json\/wp\/v2\/tags?post=231953"}],"curies":[{"name":"wp","href":"https:\/\/api.w.org\/{rel}","templated":true}]}}