{"id":231963,"date":"2025-09-06T17:59:15","date_gmt":"2025-09-06T14:59:15","guid":{"rendered":"https:\/\/www.tgrthaber.com\/mavikadin\/?p=231963"},"modified":"2025-09-06T18:07:58","modified_gmt":"2025-09-06T15:07:58","slug":"masterchefte-korkutan-anlar-nisa-panik-atak-gecirdi-bir-anda-yer-yigildi","status":"publish","type":"post","link":"https:\/\/www.tgrthaber.com\/mavikadin\/masterchefte-korkutan-anlar-nisa-panik-atak-gecirdi-bir-anda-yer-yigildi\/","title":{"rendered":"MasterChef&#8217;te korkutan anlar! Nisa panik atak ge\u00e7irdi bir anda yer y\u0131\u011f\u0131ld\u0131"},"content":{"rendered":"<p>MasterChef T\u00fcrkiye&#8217;de bu gece heyecan dorukta! 7. ve son eleme aday\u0131n\u0131n d\u00fcn ak\u015fam belirlendi\u011fi yar\u0131\u015fmada bu gece bir ki\u015fi MasterChef hayallerine veda edecek. Yar\u0131\u015fmac\u0131lar aras\u0131nda k\u0131yas\u0131ya bir m\u00fccadelenin ya\u015fanaca\u011f\u0131 programa damga vuran anlardan biri ise Nisa&#8217;n\u0131n fenala\u015fmas\u0131 oldu. Yay\u0131nlanan fragmanda eleme potas\u0131na giren son isim olan Nisa&#8217;n\u0131n panik ata\u011f\u0131n\u0131n tuttu\u011fu ve bir anda fenala\u015ft\u0131\u011f\u0131 g\u00f6r\u00fcld\u00fc. \u0130zleyiciler &#8216;Nisa&#8217;ya ne oldu?&#8217;,&#8217;Nisa&#8217;n\u0131n sa\u011fl\u0131k durumu nas\u0131l?&#8217; sorular\u0131n\u0131n cevaplar\u0131n\u0131 merak ediyor. \u0130\u015fte detaylar&#8230;<\/p>\n<h3>MASTERCHEF&#8217;TE KORKUTAN ANLAR! N\u0130SA PAN\u0130K ATAK GE\u00c7\u0130RD\u0130 B\u0130R ANDA YER YI\u011eILDI<\/h3>\n<p>Ekranlar\u0131n sevilerek seyredilen yar\u0131\u015fma programlar\u0131ndan biri olan MasterChef T\u00fcrkiye yeni sezon heyecan\u0131 h\u0131z kesmeden devam ediyor. Bu ak\u015fam yay\u0131nlanacak olan b\u00f6l\u00fcme veda gecesi ya\u015fanacak.<\/p>\n<p><img loading=\"lazy\" decoding=\"async\" class=\"alignnone wp-image-231965 size-large\" src=\"https:\/\/www.tgrthaber.com\/mavikadin\/wp-content\/uploads\/Ekran-Resmi-2025-09-06-17.48.18-1024x654.png\" alt=\"\" width=\"1024\" height=\"654\" title=\"\" srcset=\"https:\/\/www.tgrthaber.com\/mavikadin\/wp-content\/uploads\/Ekran-Resmi-2025-09-06-17.48.18-1024x654.png 1024w, https:\/\/www.tgrthaber.com\/mavikadin\/wp-content\/uploads\/Ekran-Resmi-2025-09-06-17.48.18-300x192.png 300w, https:\/\/www.tgrthaber.com\/mavikadin\/wp-content\/uploads\/Ekran-Resmi-2025-09-06-17.48.18-768x491.png 768w, https:\/\/www.tgrthaber.com\/mavikadin\/wp-content\/uploads\/Ekran-Resmi-2025-09-06-17.48.18.png 1258w\" sizes=\"(max-width: 1024px) 100vw, 1024px\" \/><\/p>\n<hr \/>\n<p>Eleme potas\u0131ndaki, Sercan, Mert, Nisa, \u00d6zkan, Ayten, \u00d6zkan, \u00c7a\u011flar ve \u00c7a\u011fatay bu ak\u015fam t\u00fcm yeteneklerini sergileyip,\u00a0 yar\u0131\u015fmada kalmaya \u00e7al\u0131\u015facak ve\u00a0 MasterChef hayallerine devam edebilmek i\u00e7in yine k\u0131yas\u0131ya m\u00fccadele edecek.<\/p>\n<p><img loading=\"lazy\" decoding=\"async\" class=\"alignnone wp-image-231966 size-large\" src=\"https:\/\/www.tgrthaber.com\/mavikadin\/wp-content\/uploads\/Ekran-Resmi-2025-09-06-17.48.25-1024x677.png\" alt=\"\" width=\"1024\" height=\"677\" title=\"\" srcset=\"https:\/\/www.tgrthaber.com\/mavikadin\/wp-content\/uploads\/Ekran-Resmi-2025-09-06-17.48.25-1024x677.png 1024w, https:\/\/www.tgrthaber.com\/mavikadin\/wp-content\/uploads\/Ekran-Resmi-2025-09-06-17.48.25-300x198.png 300w, https:\/\/www.tgrthaber.com\/mavikadin\/wp-content\/uploads\/Ekran-Resmi-2025-09-06-17.48.25-768x508.png 768w, https:\/\/www.tgrthaber.com\/mavikadin\/wp-content\/uploads\/Ekran-Resmi-2025-09-06-17.48.25.png 1298w\" sizes=\"(max-width: 1024px) 100vw, 1024px\" \/><\/p>\n<hr \/>\n<p>Yar\u0131\u015fman\u0131n ise\u00a0 yeni b\u00f6l\u00fcm fragman\u0131 yay\u0131nland\u0131. Fragmana Sezer ve \u00c7a\u011fatay aras\u0131nda ya\u015fanan gerilim damga vururken <a href=\"https:\/\/www.tgrthaber.com\/mavikadin\/masterchef-2025-nisa-nur-demirel-kimdir-kac-yasinda-masterchef-nisa-nur-demirel-nereli-ne-is-yapiyor\/\">Nisa Nur Demirer&#8217;in<\/a>\u00a0panik ata\u011f\u0131n\u0131n tuttu\u011fu ve fenala\u015ft\u0131\u011f\u0131 anlar ise korkuttu.<\/p>\n<p><img loading=\"lazy\" decoding=\"async\" class=\"alignnone wp-image-231967 size-large\" src=\"https:\/\/www.tgrthaber.com\/mavikadin\/wp-content\/uploads\/Ekran-Resmi-2025-09-06-17.48.45-1024x668.png\" alt=\"\" width=\"1024\" height=\"668\" title=\"\" srcset=\"https:\/\/www.tgrthaber.com\/mavikadin\/wp-content\/uploads\/Ekran-Resmi-2025-09-06-17.48.45-1024x668.png 1024w, https:\/\/www.tgrthaber.com\/mavikadin\/wp-content\/uploads\/Ekran-Resmi-2025-09-06-17.48.45-300x196.png 300w, https:\/\/www.tgrthaber.com\/mavikadin\/wp-content\/uploads\/Ekran-Resmi-2025-09-06-17.48.45-768x501.png 768w, https:\/\/www.tgrthaber.com\/mavikadin\/wp-content\/uploads\/Ekran-Resmi-2025-09-06-17.48.45.png 1270w\" sizes=\"(max-width: 1024px) 100vw, 1024px\" \/><\/p>\n<hr \/>\n<h3 class=\"p1\"><b>MASTERCHEF ELEME POTASINDA K\u0130MLER VAR?<\/b><\/h3>\n<p class=\"p2\">Sercan, Mert, Nisa, \u00d6zkan, Ayten, \u00d6zkan, \u00c7a\u011flar ve \u00c7a\u011fatay.<\/p>\n<h3 class=\"p1\"><b>MASTERCHEF 6 EYL\u00dcL 2025 K\u0130M ELEND\u0130?<\/b><\/h3>\n<p class=\"p2\">A\u00e7\u0131kland\u0131\u011f\u0131nda haberimize eklenecektir.<\/p>\n<h3 class=\"p1\"><b>MASTERCHEF SON ELEME ADAYI K\u0130M OLDU?<\/b><\/h3>\n<p class=\"p2\">MasterChef son eleme aday\u0131\u00a0Nisa\u00a0oldu.<\/p>\n<p><img loading=\"lazy\" decoding=\"async\" class=\"alignnone wp-image-231968 size-full\" src=\"https:\/\/www.tgrthaber.com\/mavikadin\/wp-content\/uploads\/Ekran-Resmi-2025-09-06-17.29.00.png\" alt=\"\" width=\"1022\" height=\"728\" title=\"\" srcset=\"https:\/\/www.tgrthaber.com\/mavikadin\/wp-content\/uploads\/Ekran-Resmi-2025-09-06-17.29.00.png 1022w, https:\/\/www.tgrthaber.com\/mavikadin\/wp-content\/uploads\/Ekran-Resmi-2025-09-06-17.29.00-300x214.png 300w, https:\/\/www.tgrthaber.com\/mavikadin\/wp-content\/uploads\/Ekran-Resmi-2025-09-06-17.29.00-768x547.png 768w\" sizes=\"(max-width: 1022px) 100vw, 1022px\" \/><\/p>\n<hr \/>\n<h3 class=\"p1\"><b>MASTERCHEF DOKUNULMAZLIK OYUNUNU K\u0130M KAZANDI?<\/b><\/h3>\n<p class=\"p2\">MasterChef&#8217;te haftan\u0131n son dokunulmazl\u0131k oyununu\u00a0mavi tak\u0131m\u00a0kazand\u0131.<\/p>\n<h3 class=\"p1\"><b>MASTERCHEF B\u0130REYSEL DOKUNULMAZLIK OYUNUNU HANG\u0130 YARI\u015eMACI KAZANDI?<\/b><\/h3>\n<p class=\"p2\">Tak\u0131m oyununu kaybeden k\u0131rm\u0131z\u0131 tak\u0131m kendi aralar\u0131nda dokunulmazl\u0131\u011f\u0131 almak i\u00e7in k\u0131yas\u0131ya m\u00fccadele etti. G\u00fcn\u00fcn sonunda en ba\u015far\u0131l\u0131 yeme\u011fi yapan\u00a0Sezer\u00a0bireysel dokunulmazl\u0131\u011f\u0131n sahibi oldu ve eleme potas\u0131ndan kendisini kurtard\u0131.<\/p>\n<p><img loading=\"lazy\" decoding=\"async\" class=\"alignnone wp-image-231969 size-large\" src=\"https:\/\/www.tgrthaber.com\/mavikadin\/wp-content\/uploads\/Ekran-Resmi-2025-09-06-17.28.43-1024x771.png\" alt=\"\" width=\"1024\" height=\"771\" title=\"\" srcset=\"https:\/\/www.tgrthaber.com\/mavikadin\/wp-content\/uploads\/Ekran-Resmi-2025-09-06-17.28.43-1024x771.png 1024w, https:\/\/www.tgrthaber.com\/mavikadin\/wp-content\/uploads\/Ekran-Resmi-2025-09-06-17.28.43-300x226.png 300w, https:\/\/www.tgrthaber.com\/mavikadin\/wp-content\/uploads\/Ekran-Resmi-2025-09-06-17.28.43-768x578.png 768w, https:\/\/www.tgrthaber.com\/mavikadin\/wp-content\/uploads\/Ekran-Resmi-2025-09-06-17.28.43.png 1190w\" sizes=\"(max-width: 1024px) 100vw, 1024px\" \/><\/p>\n<hr \/>\n<h3 class=\"p1\"><b>MASTERCHEF ANA KADRODA K\u0130MLER VAR?\u00a0<\/b><\/h3>\n<p class=\"p2\">MasterChef T\u00fcrkiye 2025 ana kadro g\u00fcncel listesi:<\/p>\n<p class=\"p2\">MasterChef T\u00fcrkiye Ana Kadroya Giren 1. Yar\u0131\u015fmac\u0131: Furkan<\/p>\n<p class=\"p2\">MasterChef T\u00fcrkiye Ana Kadroya Giren 2. Yar\u0131\u015fmac\u0131: Eyl\u00fcl<\/p>\n<p class=\"p2\">MasterChef T\u00fcrkiye Ana Kadroya Giren 3. Yar\u0131\u015fmac\u0131: \u00c7a\u011fatay<\/p>\n<p class=\"p2\">MasterChef T\u00fcrkiye Ana Kadroya Giren 4. Yar\u0131\u015fmac\u0131: Onur<\/p>\n<p class=\"p2\">MasterChef T\u00fcrkiye Ana kadroya giren 5. Yar\u0131\u015fmac\u0131: Nisa Nur ( yedeklerden dahil oldu)<\/p>\n<p class=\"p2\">MasterChef T\u00fcrkiye Ana kadroya giren 6. Yar\u0131\u015fmac\u0131: Sercan<\/p>\n<p class=\"p2\">MasterChef T\u00fcrkiye Ana kadroya giren 7. Yar\u0131\u015fmac\u0131: Ayla<\/p>\n<p class=\"p2\">MasterChef T\u00fcrkiye Ana kadroya giren 8. Yar\u0131\u015fmac\u0131: \u0130hsan<\/p>\n<p class=\"p2\">MasterChef T\u00fcrkiye Ana kadroya giren 9. Yar\u0131\u015fmac\u0131: Ayten<\/p>\n<p><img loading=\"lazy\" decoding=\"async\" class=\"alignnone wp-image-231970 size-large\" src=\"https:\/\/www.tgrthaber.com\/mavikadin\/wp-content\/uploads\/Ekran-Resmi-2025-09-06-17.19.20-1-1024x676.png\" alt=\"\" width=\"1024\" height=\"676\" title=\"\" srcset=\"https:\/\/www.tgrthaber.com\/mavikadin\/wp-content\/uploads\/Ekran-Resmi-2025-09-06-17.19.20-1-1024x676.png 1024w, https:\/\/www.tgrthaber.com\/mavikadin\/wp-content\/uploads\/Ekran-Resmi-2025-09-06-17.19.20-1-300x198.png 300w, https:\/\/www.tgrthaber.com\/mavikadin\/wp-content\/uploads\/Ekran-Resmi-2025-09-06-17.19.20-1-768x507.png 768w, https:\/\/www.tgrthaber.com\/mavikadin\/wp-content\/uploads\/Ekran-Resmi-2025-09-06-17.19.20-1.png 1466w\" sizes=\"(max-width: 1024px) 100vw, 1024px\" \/><\/p>\n<hr \/>\n<p class=\"p2\">MasterChef T\u00fcrkiye Ana kadroya giren 10. Yar\u0131\u015fmac\u0131: \u00c7a\u011flar<\/p>\n<p class=\"p2\">MasterChef T\u00fcrkiye Ana kadroya giren 11. Yar\u0131\u015fmac\u0131: Sezer<\/p>\n<p class=\"p2\">MasterChef T\u00fcrkiye Ana kadroya giren 12. Yar\u0131\u015fmac\u0131: Cansu<\/p>\n<p class=\"p2\">MasterChef T\u00fcrkiye Ana kadroya giren 13. Yar\u0131\u015fmac\u0131: \u00d6zkan<\/p>\n<p class=\"p2\">MasterChef T\u00fcrkiye Ana kadroya giren 14. yar\u0131\u015fmac\u0131: Gizem<\/p>\n<p class=\"p2\">MasterChef T\u00fcrkiye Ana kadroya giren 15. yar\u0131\u015fmac\u0131: \u0130rem<\/p>\n<p class=\"p2\">MasterChef T\u00fcrkiye Ana kadroya giren 16. yar\u0131\u015fmac\u0131: Hakan<\/p>\n<p><img loading=\"lazy\" decoding=\"async\" class=\"alignnone wp-image-231971 size-large\" src=\"https:\/\/www.tgrthaber.com\/mavikadin\/wp-content\/uploads\/Ekran-Resmi-2025-09-06-17.19.09-1-1024x580.png\" alt=\"\" width=\"1024\" height=\"580\" title=\"\" srcset=\"https:\/\/www.tgrthaber.com\/mavikadin\/wp-content\/uploads\/Ekran-Resmi-2025-09-06-17.19.09-1-1024x580.png 1024w, https:\/\/www.tgrthaber.com\/mavikadin\/wp-content\/uploads\/Ekran-Resmi-2025-09-06-17.19.09-1-300x170.png 300w, https:\/\/www.tgrthaber.com\/mavikadin\/wp-content\/uploads\/Ekran-Resmi-2025-09-06-17.19.09-1-768x435.png 768w, https:\/\/www.tgrthaber.com\/mavikadin\/wp-content\/uploads\/Ekran-Resmi-2025-09-06-17.19.09-1-1536x870.png 1536w, https:\/\/www.tgrthaber.com\/mavikadin\/wp-content\/uploads\/Ekran-Resmi-2025-09-06-17.19.09-1.png 2020w\" sizes=\"(max-width: 1024px) 100vw, 1024px\" \/><\/p>\n<hr \/>\n<p class=\"p2\">MasterChef T\u00fcrkiye Ana kadroya giren 17. yar\u0131\u015fmac\u0131: Mert ( yedeklerden dahil oldu)<\/p>\n<p class=\"p2\">MasterChef T\u00fcrkiye Ana kadroya giren 18. yar\u0131\u015fmac\u0131: S\u00fcmeyye<\/p>\n<p class=\"p2\">MasterChef T\u00fcrkiye Ana kadroya giren 19. yar\u0131\u015fmac\u0131: Bar\u0131\u015f Kaya ( yedeklerden dahil oldu)<\/p>\n<p class=\"p2\">MasterChef T\u00fcrkiye Ana kadroya giren 20. yar\u0131\u015fmac\u0131 \u0130lhan<\/p>\n","protected":false},"excerpt":{"rendered":"<p>MasterChef T\u00fcrkiye&#8217;de bu gece veda gecesi ya\u015fanacak. Eleme potas\u0131ndaki yar\u0131\u015fmac\u0131lardan biri MasterChef hayallerine veda edecek. Sevilen yar\u0131\u015fma program\u0131n\u0131n yeni b\u00f6l\u00fcm fragman\u0131 ise yay\u0131nland\u0131. Fragmanda Nisa&#8217;n\u0131n panik ata\u011f\u0131n\u0131n tutmas\u0131 ve bir anda yere \u00e7\u00f6kmesi izleyenleri korkuttu. \u0130\u015fte detaylar&#8230; <\/p>\n","protected":false},"author":16,"featured_media":231983,"comment_status":"closed","ping_status":"closed","sticky":false,"template":"","format":"standard","meta":{"rank_math_lock_modified_date":false,"footnotes":""},"categories":[76],"tags":[133,2218,61646,61645,61644],"class_list":["post-231963","post","type-post","status-publish","format-standard","has-post-thumbnail","hentry","category-magazin","tag-magazin","tag-magazin-haberleri","tag-masterchef-nisa-ne-oldu","tag-masterchef-nisa-panik-atak","tag-masterchef-turkiye-nisa-panik-atak"],"_links":{"self":[{"href":"https:\/\/www.tgrthaber.com\/mavikadin\/wp-json\/wp\/v2\/posts\/231963"}],"collection":[{"href":"https:\/\/www.tgrthaber.com\/mavikadin\/wp-json\/wp\/v2\/posts"}],"about":[{"href":"https:\/\/www.tgrthaber.com\/mavikadin\/wp-json\/wp\/v2\/types\/post"}],"author":[{"embeddable":true,"href":"https:\/\/www.tgrthaber.com\/mavikadin\/wp-json\/wp\/v2\/users\/16"}],"replies":[{"embeddable":true,"href":"https:\/\/www.tgrthaber.com\/mavikadin\/wp-json\/wp\/v2\/comments?post=231963"}],"version-history":[{"count":2,"href":"https:\/\/www.tgrthaber.com\/mavikadin\/wp-json\/wp\/v2\/posts\/231963\/revisions"}],"predecessor-version":[{"id":231987,"href":"https:\/\/www.tgrthaber.com\/mavikadin\/wp-json\/wp\/v2\/posts\/231963\/revisions\/231987"}],"wp:featuredmedia":[{"embeddable":true,"href":"https:\/\/www.tgrthaber.com\/mavikadin\/wp-json\/wp\/v2\/media\/231983"}],"wp:attachment":[{"href":"https:\/\/www.tgrthaber.com\/mavikadin\/wp-json\/wp\/v2\/media?parent=231963"}],"wp:term":[{"taxonomy":"category","embeddable":true,"href":"https:\/\/www.tgrthaber.com\/mavikadin\/wp-json\/wp\/v2\/categories?post=231963"},{"taxonomy":"post_tag","embeddable":true,"href":"https:\/\/www.tgrthaber.com\/mavikadin\/wp-json\/wp\/v2\/tags?post=231963"}],"curies":[{"name":"wp","href":"https:\/\/api.w.org\/{rel}","templated":true}]}}