{"id":231964,"date":"2025-09-06T17:58:26","date_gmt":"2025-09-06T14:58:26","guid":{"rendered":"https:\/\/www.tgrthaber.com\/mavikadin\/?p=231964"},"modified":"2025-09-06T17:58:26","modified_gmt":"2025-09-06T14:58:26","slug":"modern-cagin-sessiz-hastaligi-kimsenin-anlamadigi-yorgunluk","status":"publish","type":"post","link":"https:\/\/www.tgrthaber.com\/mavikadin\/modern-cagin-sessiz-hastaligi-kimsenin-anlamadigi-yorgunluk\/","title":{"rendered":"Modern \u00e7a\u011f\u0131n sessiz hastal\u0131\u011f\u0131! Kimsenin anlamad\u0131\u011f\u0131 yorgunluk"},"content":{"rendered":"<p>Yorgunluk hissi \u00e7o\u011fumuzun zaman zaman hissetti\u011fi bir problem olsa da, bazen adeta \u00fczerimize yap\u0131\u015fabiliyor. \u00d6zellikle modern \u00e7a\u011f\u0131n sessiz hastal\u0131\u011f\u0131 olarak tan\u0131mlanan yorgunluk, son zamanlarda ciddi art\u0131\u015f g\u00f6steriyor. Peki, bu yorgunlu\u011fun nedeni ne? Neden s\u00fcrekli yorgun ve bitkin hissediyoruz? \u0130\u015fte s\u00fcrekli yorgun hissetmenize neden olan ve g\u00fcn\u00fcm\u00fcz\u00fcn sessiz hastal\u0131\u011f\u0131 olan yorgunlu\u011fun sebebi\u2026<\/p>\n<h3>YORGUNLUK MODERN \u00c7A\u011eIN SESS\u0130Z HASTALI\u011eI OLARAK KAR\u015eIMIZA \u00c7IKIYOR!<\/h3>\n<p>Yorgunluk, hemen herkeste olabilecek olduk\u00e7a normal bir sorundur. Fakat kendini s\u00fcrekli yorgun hissetmek zamanla ba\u015fka bir boyut alabilir. Son zamanlarda \u00e7o\u011fu ki\u015fide s\u0131kl\u0131kla g\u00f6r\u00fclen yorgunluk hissi, modern \u00e7a\u011f\u0131n sessiz hastal\u0131\u011f\u0131 olarak kar\u015f\u0131m\u0131za \u00e7\u0131k\u0131yor.<\/p>\n<p><img loading=\"lazy\" decoding=\"async\" class=\"alignnone wp-image-231975\" src=\"https:\/\/www.tgrthaber.com\/mavikadin\/wp-content\/uploads\/kronik-yorgunluk-8-1024x576.jpg\" alt=\"Modern \u00e7a\u011f\u0131n sessiz hastal\u0131\u011f\u0131! Kimsenin anlamad\u0131\u011f\u0131 yorgunluk\" width=\"1208\" height=\"680\" title=\"\" srcset=\"https:\/\/www.tgrthaber.com\/mavikadin\/wp-content\/uploads\/kronik-yorgunluk-8-1024x576.jpg 1024w, https:\/\/www.tgrthaber.com\/mavikadin\/wp-content\/uploads\/kronik-yorgunluk-8-300x169.jpg 300w, https:\/\/www.tgrthaber.com\/mavikadin\/wp-content\/uploads\/kronik-yorgunluk-8-768x432.jpg 768w, https:\/\/www.tgrthaber.com\/mavikadin\/wp-content\/uploads\/kronik-yorgunluk-8.jpg 1208w\" sizes=\"(max-width: 1208px) 100vw, 1208px\" \/><\/p>\n<hr \/>\n<p>Yo\u011fun i\u015f temposu, hayat\u0131 h\u0131zl\u0131 ya\u015fama bi\u00e7imi, bitmeyen i\u015f y\u00fck\u00fc ve dijital d\u00fcnyan\u0131n getirdikleri elbette yorulmam\u0131za neden olabiliyor. Yorgunluk her ne kadar normal bir sorun gibi g\u00f6z\u00fckse de, ki\u015finin s\u00fcrekli kendini yorgun hissetmesi sa\u011fl\u0131k a\u00e7\u0131s\u0131ndan b\u00fcy\u00fck tehdit olu\u015fturuyor.<\/p>\n<p><img loading=\"lazy\" decoding=\"async\" class=\"alignnone wp-image-231981\" src=\"https:\/\/www.tgrthaber.com\/mavikadin\/wp-content\/uploads\/kronik-yorgunluk-1-1024x576.jpg\" alt=\"Modern \u00e7a\u011f\u0131n sessiz hastal\u0131\u011f\u0131! Kimsenin anlamad\u0131\u011f\u0131 yorgunluk\" width=\"1208\" height=\"680\" title=\"\" srcset=\"https:\/\/www.tgrthaber.com\/mavikadin\/wp-content\/uploads\/kronik-yorgunluk-1-1024x576.jpg 1024w, https:\/\/www.tgrthaber.com\/mavikadin\/wp-content\/uploads\/kronik-yorgunluk-1-300x169.jpg 300w, https:\/\/www.tgrthaber.com\/mavikadin\/wp-content\/uploads\/kronik-yorgunluk-1-768x432.jpg 768w, https:\/\/www.tgrthaber.com\/mavikadin\/wp-content\/uploads\/kronik-yorgunluk-1.jpg 1208w\" sizes=\"(max-width: 1208px) 100vw, 1208px\" \/><\/p>\n<hr \/>\n<p>Sabahlar\u0131 s\u00fcrekli yorgun uyanmak, \u00e7ok fazla uyundu\u011fu halde uykuya doymamak, g\u00fcn i\u00e7inde a\u015f\u0131lamayan halsizlik, \u00e7al\u0131\u015fma konusunda isteksizlik ve genel bitkinlik hali, modern \u00e7a\u011f\u0131n sessiz hastal\u0131\u011f\u0131na i\u015faret ediyor. Bu yorgunluk t\u00fcr\u00fc her ne kadar g\u00fcn\u00fcm\u00fcz \u015fartlar\u0131nda normalmi\u015f gibi g\u00f6z\u00fckse de belirtiler asl\u0131nda \u00e7ok ciddi hastal\u0131klar\u0131 beraberinde g\u00f6t\u00fcrebiliyor.<\/p>\n<p><img loading=\"lazy\" decoding=\"async\" class=\"alignnone wp-image-231979\" src=\"https:\/\/www.tgrthaber.com\/mavikadin\/wp-content\/uploads\/kronik-yorgunluk-12-1024x576.jpg\" alt=\"Modern \u00e7a\u011f\u0131n sessiz hastal\u0131\u011f\u0131! Kimsenin anlamad\u0131\u011f\u0131 yorgunluk\" width=\"1208\" height=\"680\" title=\"\" srcset=\"https:\/\/www.tgrthaber.com\/mavikadin\/wp-content\/uploads\/kronik-yorgunluk-12-1024x576.jpg 1024w, https:\/\/www.tgrthaber.com\/mavikadin\/wp-content\/uploads\/kronik-yorgunluk-12-300x169.jpg 300w, https:\/\/www.tgrthaber.com\/mavikadin\/wp-content\/uploads\/kronik-yorgunluk-12-768x432.jpg 768w, https:\/\/www.tgrthaber.com\/mavikadin\/wp-content\/uploads\/kronik-yorgunluk-12.jpg 1208w\" sizes=\"(max-width: 1208px) 100vw, 1208px\" \/><\/p>\n<hr \/>\n<p>\u00c7a\u011f\u0131m\u0131z\u0131n sessiz hastal\u0131\u011f\u0131 olarak kar\u015f\u0131m\u0131za \u00e7\u0131kan yorgunluk, hi\u00e7 bitmedi\u011fi taktirde \u2018kronik yorgunluk sendromu\u2019 olarak kar\u015f\u0131m\u0131za \u00e7\u0131k\u0131yor. Yorgunluk ve halsizlik hemen her bireyde g\u00f6r\u00fclebilecek en do\u011fal problemler aras\u0131nda yer alsa da, g\u00fcnl\u00fck hayat\u0131n\u0131z\u0131 olumsuz y\u00f6nde etkileyecek halsizlikler ve yorgunluklar miyaljik ensefalomiyelit\/kronik yorgunluk sendromunun (ME\/CFS) bir belirtisi olabiliyor.<\/p>\n<p><img loading=\"lazy\" decoding=\"async\" class=\"alignnone wp-image-231982\" src=\"https:\/\/www.tgrthaber.com\/mavikadin\/wp-content\/uploads\/kronik-yorgunluk-15-1024x576.jpg\" alt=\"Modern \u00e7a\u011f\u0131n sessiz hastal\u0131\u011f\u0131! Kimsenin anlamad\u0131\u011f\u0131 yorgunluk\" width=\"1208\" height=\"680\" title=\"\" srcset=\"https:\/\/www.tgrthaber.com\/mavikadin\/wp-content\/uploads\/kronik-yorgunluk-15-1024x576.jpg 1024w, https:\/\/www.tgrthaber.com\/mavikadin\/wp-content\/uploads\/kronik-yorgunluk-15-300x169.jpg 300w, https:\/\/www.tgrthaber.com\/mavikadin\/wp-content\/uploads\/kronik-yorgunluk-15-768x432.jpg 768w, https:\/\/www.tgrthaber.com\/mavikadin\/wp-content\/uploads\/kronik-yorgunluk-15.jpg 1208w\" sizes=\"(max-width: 1208px) 100vw, 1208px\" \/><\/p>\n<hr \/>\n<h3>KRON\u0130K YORGUNLUK SENDROMU NED\u0130R?<\/h3>\n<p>Kronik yorgunluk sendromu, karma\u015f\u0131k, olduk\u00e7a y\u0131prat\u0131c\u0131 ve uzun s\u00fcre devam eden bir sa\u011fl\u0131k sorunudur. Ad\u0131 \u00fcst\u00fcnde kronik yorgunluk olarak adland\u0131r\u0131lan ME\/CFS sendromu, g\u00fcnl\u00fck hayat\u0131n\u0131zda yapman\u0131z gereken g\u00f6revleri yerine getirme kapasitesindeki b\u00fcy\u00fck azal\u0131\u015f olarak da ifade edilir.<\/p>\n<p><img loading=\"lazy\" decoding=\"async\" class=\"alignnone wp-image-231977\" src=\"https:\/\/www.tgrthaber.com\/mavikadin\/wp-content\/uploads\/kronik-yorgunluk-10-1024x576.jpg\" alt=\"Modern \u00e7a\u011f\u0131n sessiz hastal\u0131\u011f\u0131! Kimsenin anlamad\u0131\u011f\u0131 yorgunluk\" width=\"1208\" height=\"680\" title=\"\" srcset=\"https:\/\/www.tgrthaber.com\/mavikadin\/wp-content\/uploads\/kronik-yorgunluk-10-1024x576.jpg 1024w, https:\/\/www.tgrthaber.com\/mavikadin\/wp-content\/uploads\/kronik-yorgunluk-10-300x169.jpg 300w, https:\/\/www.tgrthaber.com\/mavikadin\/wp-content\/uploads\/kronik-yorgunluk-10-768x432.jpg 768w, https:\/\/www.tgrthaber.com\/mavikadin\/wp-content\/uploads\/kronik-yorgunluk-10.jpg 1208w\" sizes=\"(max-width: 1208px) 100vw, 1208px\" \/><\/p>\n<hr \/>\n<p>A\u015f\u0131r\u0131 yorgunluk ve kronikle\u015fen a\u011fr\u0131yla meydana gelen kronik yorgunluk sendromu, yava\u015f yava\u015f ya da aniden ba\u015flayabilir ve y\u0131llarca etkisini s\u00fcrd\u00fcrebilir. Bu sendrom, ki\u015finin g\u00fcnl\u00fck fiziksel ve zihinsel aktivitelerini yerine getirmesinde \u00e7e\u015fitli zorluklara sebebiyet verebilir. Kronik yorgunluk sendromunun en \u015fiddetli hali ise ki\u015fiyi evden \u00e7\u0131kamaz hale getirir.<\/p>\n<p><img loading=\"lazy\" decoding=\"async\" class=\"alignnone wp-image-231980\" src=\"https:\/\/www.tgrthaber.com\/mavikadin\/wp-content\/uploads\/kronik-yorgunluk-13-1024x576.jpg\" alt=\"Modern \u00e7a\u011f\u0131n sessiz hastal\u0131\u011f\u0131! Kimsenin anlamad\u0131\u011f\u0131 yorgunluk\" width=\"1208\" height=\"680\" title=\"\" srcset=\"https:\/\/www.tgrthaber.com\/mavikadin\/wp-content\/uploads\/kronik-yorgunluk-13-1024x576.jpg 1024w, https:\/\/www.tgrthaber.com\/mavikadin\/wp-content\/uploads\/kronik-yorgunluk-13-300x169.jpg 300w, https:\/\/www.tgrthaber.com\/mavikadin\/wp-content\/uploads\/kronik-yorgunluk-13-768x432.jpg 768w, https:\/\/www.tgrthaber.com\/mavikadin\/wp-content\/uploads\/kronik-yorgunluk-13.jpg 1208w\" sizes=\"(max-width: 1208px) 100vw, 1208px\" \/><\/p>\n<hr \/>\n<p>Dinlenmeyle ge\u00e7meyen ve hatta aylarca s\u00fcren kronik yorgunluk sendromu, yo\u011fun yorgunluk, isteksizlik ve bitkinlik haliyle ortaya \u00e7\u0131kar. Bu sendromda ki\u015fi olduk\u00e7a basit olan bir i\u015fi yapmakta g\u00fc\u00e7l\u00fck \u00e7ekebilir. Ba\u015f a\u011fr\u0131s\u0131, kas a\u011fr\u0131lar\u0131, uyku d\u00fczensizlikleri ve konsantrasyon sorunlar\u0131, kronik yorgunluk sendromunun en s\u0131k g\u00f6r\u00fclen belirtileri aras\u0131nda yer al\u0131r.<\/p>\n<h3>SIK SORULAN SORULAR<\/h3>\n<h3>Yorgunluk t\u00fcrleri nelerdir?<\/h3>\n<p>Toplamda 5 \u00e7e\u015fit yorgunluk t\u00fcr\u00fc bulunmaktad\u0131r. Bu yorgunluk t\u00fcrleri aras\u0131nda; fiziksel yorgunluk, zihinsel yorgunluk, duygusal yorgunluk, sosyal yorgunluk ve kronik yorgunluk yer al\u0131r.<\/p>\n<h3>A\u015f\u0131r\u0131 yorgunluk neyin belirtisi olabilir?<\/h3>\n<p>A\u015f\u0131r\u0131 yorgunlu\u011fun en yayg\u0131n nedenleri aras\u0131nda; demir eksikli\u011fi, vitamin yetersizlikleri (\u00f6zellikle D ve B12 vitamini), uyku bozukluklar\u0131, stres, a\u015f\u0131r\u0131 fiziksel aktivite, dehidrasyon ve kronik hastal\u0131klar yer al\u0131r. Ayn\u0131 zamanda ge\u00e7mek bilmeyen a\u015f\u0131r\u0131 yorgunluk \u2018kronik yorgunluk sendromu\u2019 belirtisi olabilir.<\/p>\n","protected":false},"excerpt":{"rendered":"<p>Yorgunluk, modern \u00e7a\u011f\u0131n sessiz hastal\u0131\u011f\u0131 olarak kar\u015f\u0131m\u0131za \u00e7\u0131k\u0131yor. Bir\u00e7ok ki\u015fi \u015fimdilerde yorgunlukla m\u00fccadele ediyor. Peki, bu yorgunlu\u011fun sebebi ne? \u0130\u015fte detaylar\u2026<\/p>\n","protected":false},"author":26,"featured_media":231972,"comment_status":"closed","ping_status":"closed","sticky":false,"template":"","format":"standard","meta":{"rank_math_lock_modified_date":false,"footnotes":""},"categories":[1991],"tags":[13280,61643,173,16668,18774],"class_list":["post-231964","post","type-post","status-publish","format-standard","has-post-thumbnail","hentry","category-saglik","tag-halsizlik","tag-kronik-yorgunluk","tag-saglik","tag-saglik-haberleri","tag-yorgunluk"],"_links":{"self":[{"href":"https:\/\/www.tgrthaber.com\/mavikadin\/wp-json\/wp\/v2\/posts\/231964"}],"collection":[{"href":"https:\/\/www.tgrthaber.com\/mavikadin\/wp-json\/wp\/v2\/posts"}],"about":[{"href":"https:\/\/www.tgrthaber.com\/mavikadin\/wp-json\/wp\/v2\/types\/post"}],"author":[{"embeddable":true,"href":"https:\/\/www.tgrthaber.com\/mavikadin\/wp-json\/wp\/v2\/users\/26"}],"replies":[{"embeddable":true,"href":"https:\/\/www.tgrthaber.com\/mavikadin\/wp-json\/wp\/v2\/comments?post=231964"}],"version-history":[{"count":2,"href":"https:\/\/www.tgrthaber.com\/mavikadin\/wp-json\/wp\/v2\/posts\/231964\/revisions"}],"predecessor-version":[{"id":231985,"href":"https:\/\/www.tgrthaber.com\/mavikadin\/wp-json\/wp\/v2\/posts\/231964\/revisions\/231985"}],"wp:featuredmedia":[{"embeddable":true,"href":"https:\/\/www.tgrthaber.com\/mavikadin\/wp-json\/wp\/v2\/media\/231972"}],"wp:attachment":[{"href":"https:\/\/www.tgrthaber.com\/mavikadin\/wp-json\/wp\/v2\/media?parent=231964"}],"wp:term":[{"taxonomy":"category","embeddable":true,"href":"https:\/\/www.tgrthaber.com\/mavikadin\/wp-json\/wp\/v2\/categories?post=231964"},{"taxonomy":"post_tag","embeddable":true,"href":"https:\/\/www.tgrthaber.com\/mavikadin\/wp-json\/wp\/v2\/tags?post=231964"}],"curies":[{"name":"wp","href":"https:\/\/api.w.org\/{rel}","templated":true}]}}