{"id":231988,"date":"2025-09-06T18:43:19","date_gmt":"2025-09-06T15:43:19","guid":{"rendered":"https:\/\/www.tgrthaber.com\/mavikadin\/?p=231988"},"modified":"2025-09-06T18:44:31","modified_gmt":"2025-09-06T15:44:31","slug":"masterchef-emirin-tek-lokmalik-kanat-tarifi-sosyal-medyayi-salladi-lop-lop-yediriyor-45-dakikada-hazir","status":"publish","type":"post","link":"https:\/\/www.tgrthaber.com\/mavikadin\/masterchef-emirin-tek-lokmalik-kanat-tarifi-sosyal-medyayi-salladi-lop-lop-yediriyor-45-dakikada-hazir\/","title":{"rendered":"MasterChef Emir\u2019in tek lokmal\u0131k kanat tarifi sosyal medyay\u0131 sallad\u0131! L\u00f6p l\u00f6p yediriyor 45 dakikada haz\u0131r!"},"content":{"rendered":"<p class=\"p1\">MasterChef yar\u0131\u015fmas\u0131yla \u00fcn kazanan Emir Elidemir, yar\u0131\u015fmadan sonra sosyal medya sayfas\u0131nda yemek tarifleri payla\u015fmaya devam etti. K\u0131sa s\u00fcre i\u00e7erisinde takip\u00e7i say\u0131s\u0131n\u0131 artt\u0131ran Emir Elidemir, sayfas\u0131nda birbirinden lezzetli tarifleri payla\u015f\u0131yor. Son olarak 45 dakikada haz\u0131rlad\u0131\u011f\u0131 soslu kanat tarifi ile g\u00f6renleri heyecanland\u0131rd\u0131. \u00d6zel sosuyla haz\u0131rlanan ve restoranlardakini aratmayan bu \u015fahane tarifin nas\u0131l yap\u0131ld\u0131\u011f\u0131n\u0131 merak ediyorsan\u0131z i\u00e7eri\u011fimize g\u00f6z atabilirsiniz.<\/p>\n<h3>MASTERCHEF EM\u0130R&#8217;\u0130N TEK LOKMALIK KANAT TAR\u0130F\u0130 SOSYAL MEDYAYI SALLADI! 45 DAK\u0130KADA HAZIR<\/h3>\n<p><a href=\"https:\/\/www.tgrthaber.com\/mavikadin\/masterchefte-orjinal-ankara-tava-tarifi-lokantalarin-sir-gibi-sakladigi-tam-olculu-enfes-lezzet\/\">MasterChef<\/a> T\u00fcrkiye&#8217;nin 2020 sezon yar\u0131\u015fmac\u0131lar\u0131ndan olan Emir Elidemir sosyal medya hesab\u0131ndan payla\u015ft\u0131\u011f\u0131 tariflerle dikkat \u00e7ekmeye devam ediyor. K\u0131sa s\u00fcrede yapt\u0131\u011f\u0131 pratik tariflerle dikkatleri \u00fczerine \u00e7eken yar\u0131\u015fmac\u0131 bu sefer dillere destan lezzetiyle me\u015fhur kanat tarifi haz\u0131rlad\u0131.<\/p>\n<p><img loading=\"lazy\" decoding=\"async\" class=\"alignnone wp-image-231993 \" src=\"https:\/\/www.tgrthaber.com\/mavikadin\/wp-content\/uploads\/Ekran-Resmi-2025-09-06-18.31.09.png\" alt=\"\" width=\"997\" height=\"610\" title=\"\" srcset=\"https:\/\/www.tgrthaber.com\/mavikadin\/wp-content\/uploads\/Ekran-Resmi-2025-09-06-18.31.09.png 902w, https:\/\/www.tgrthaber.com\/mavikadin\/wp-content\/uploads\/Ekran-Resmi-2025-09-06-18.31.09-300x184.png 300w, https:\/\/www.tgrthaber.com\/mavikadin\/wp-content\/uploads\/Ekran-Resmi-2025-09-06-18.31.09-768x470.png 768w\" sizes=\"(max-width: 997px) 100vw, 997px\" \/><\/p>\n<hr \/>\n<p>\u00dcstelik yapt\u0131\u011f\u0131 \u00f6zel sosyula restoranlardakini aratmayacak lezzette olan bu tarifi sosyal medyada da h\u0131zla yay\u0131ld\u0131. \u0130\u015fte l\u00f6p l\u00f6p yediren 45 dakikada haz\u0131r \u00f6zel soslu kanat tarifi&#8230;<\/p>\n<p><img loading=\"lazy\" decoding=\"async\" class=\"alignnone wp-image-231990 \" src=\"https:\/\/www.tgrthaber.com\/mavikadin\/wp-content\/uploads\/Ekran-Resmi-2025-09-06-18.27.31-1024x591.png\" alt=\"\" width=\"1024\" height=\"591\" title=\"\" srcset=\"https:\/\/www.tgrthaber.com\/mavikadin\/wp-content\/uploads\/Ekran-Resmi-2025-09-06-18.27.31-1024x591.png 1024w, https:\/\/www.tgrthaber.com\/mavikadin\/wp-content\/uploads\/Ekran-Resmi-2025-09-06-18.27.31-300x173.png 300w, https:\/\/www.tgrthaber.com\/mavikadin\/wp-content\/uploads\/Ekran-Resmi-2025-09-06-18.27.31-768x444.png 768w, https:\/\/www.tgrthaber.com\/mavikadin\/wp-content\/uploads\/Ekran-Resmi-2025-09-06-18.27.31.png 1392w\" sizes=\"(max-width: 1024px) 100vw, 1024px\" \/><\/p>\n<hr \/>\n<h3>MASTERCHEF EM\u0130R&#8217;DEN \u00d6ZEL SOSLU TEK LOKMALIK KANAT TAR\u0130F\u0130<\/h3>\n<h3 class=\"p1\"><strong>Malzemeler<\/strong><\/h3>\n<p class=\"p1\">1 kg tavuk kanad\u0131 (ortadan ikiye kesilmi\u015f)<\/p>\n<p class=\"p1\">3 yemek ka\u015f\u0131\u011f\u0131 yo\u011furt<\/p>\n<p class=\"p1\">1yemek ka\u015f\u0131\u011f\u0131 hardal<\/p>\n<p class=\"p1\">1yemek ka\u015f\u0131\u011f\u0131 sar\u0131msak ezmesi<\/p>\n<p class=\"p1\">1 yemek ka\u015f\u0131\u011f\u0131 ac\u0131 sos<\/p>\n<p class=\"p1\">1 yemek ka\u015f\u0131\u011f\u0131 biber sal\u00e7as\u0131<\/p>\n<p class=\"p1\">2 yemek ka\u015f\u0131\u011f\u0131 zeytinya\u011f\u0131<\/p>\n<p class=\"p1\">tuz<\/p>\n<p><img loading=\"lazy\" decoding=\"async\" class=\"alignnone wp-image-231991 size-large\" src=\"https:\/\/www.tgrthaber.com\/mavikadin\/wp-content\/uploads\/Ekran-Resmi-2025-09-06-18.27.36-1024x573.png\" alt=\"\" width=\"1024\" height=\"573\" title=\"\" srcset=\"https:\/\/www.tgrthaber.com\/mavikadin\/wp-content\/uploads\/Ekran-Resmi-2025-09-06-18.27.36-1024x573.png 1024w, https:\/\/www.tgrthaber.com\/mavikadin\/wp-content\/uploads\/Ekran-Resmi-2025-09-06-18.27.36-300x168.png 300w, https:\/\/www.tgrthaber.com\/mavikadin\/wp-content\/uploads\/Ekran-Resmi-2025-09-06-18.27.36-768x429.png 768w, https:\/\/www.tgrthaber.com\/mavikadin\/wp-content\/uploads\/Ekran-Resmi-2025-09-06-18.27.36.png 1402w\" sizes=\"(max-width: 1024px) 100vw, 1024px\" \/><\/p>\n<hr \/>\n<h3 class=\"p1\">Nas\u0131l yap\u0131l\u0131r?<\/h3>\n<p class=\"p1\">Tavuk kanatlar\u0131n\u0131 ortadan ikiye kesin. Bir kapta yo\u011furt, hardal, sar\u0131msak ezmesi, ac\u0131 sos, biber sal\u00e7as\u0131, zeytinya\u011f\u0131 ve tuzu iyice kar\u0131\u015ft\u0131rarak \u00f6zel sosu haz\u0131rlay\u0131n. Haz\u0131rlad\u0131\u011f\u0131n\u0131z kanatlar\u0131 bu sosun i\u00e7erisinde g\u00fczelce harmanlay\u0131n.<\/p>\n<p><img loading=\"lazy\" decoding=\"async\" class=\"alignnone wp-image-231994 size-full\" src=\"https:\/\/www.tgrthaber.com\/mavikadin\/wp-content\/uploads\/Ekran-Resmi-2025-09-06-18.31.18.png\" alt=\"\" width=\"998\" height=\"680\" title=\"\" srcset=\"https:\/\/www.tgrthaber.com\/mavikadin\/wp-content\/uploads\/Ekran-Resmi-2025-09-06-18.31.18.png 998w, https:\/\/www.tgrthaber.com\/mavikadin\/wp-content\/uploads\/Ekran-Resmi-2025-09-06-18.31.18-300x204.png 300w, https:\/\/www.tgrthaber.com\/mavikadin\/wp-content\/uploads\/Ekran-Resmi-2025-09-06-18.31.18-768x523.png 768w\" sizes=\"(max-width: 998px) 100vw, 998px\" \/><\/p>\n<hr \/>\n<p class=\"p1\">\u00dczerini kapatarak yakla\u015f\u0131k olarak 30 dakika boyunca dinlendirin. Dinlendirdi\u011finiz kanatlar\u0131 f\u0131r\u0131n tepsisine dizin ve 180 derece f\u0131r\u0131nda 45 dakika kadar pi\u015firin. S\u0131cak s\u0131cak servis edin. K\u0131sa s\u00fcrede haz\u0131rlayaca\u011f\u0131n\u0131z bu \u015fahane kanatlar sofralar\u0131n\u0131z\u0131n vazge\u00e7ilmezi olacak.<\/p>\n<p><img loading=\"lazy\" decoding=\"async\" class=\"alignnone wp-image-231992 size-large\" src=\"https:\/\/www.tgrthaber.com\/mavikadin\/wp-content\/uploads\/Ekran-Resmi-2025-09-06-18.27.41-1024x605.png\" alt=\"\" width=\"1024\" height=\"605\" title=\"\" srcset=\"https:\/\/www.tgrthaber.com\/mavikadin\/wp-content\/uploads\/Ekran-Resmi-2025-09-06-18.27.41-1024x605.png 1024w, https:\/\/www.tgrthaber.com\/mavikadin\/wp-content\/uploads\/Ekran-Resmi-2025-09-06-18.27.41-300x177.png 300w, https:\/\/www.tgrthaber.com\/mavikadin\/wp-content\/uploads\/Ekran-Resmi-2025-09-06-18.27.41-768x453.png 768w, https:\/\/www.tgrthaber.com\/mavikadin\/wp-content\/uploads\/Ekran-Resmi-2025-09-06-18.27.41.png 1294w\" sizes=\"(max-width: 1024px) 100vw, 1024px\" \/><\/p>\n<hr \/>\n<h3 class=\"p2\">EM\u0130R EL\u0130DEM\u0130R K\u0130MD\u0130R?<\/h3>\n<p class=\"p2\">Emir Elidemir 1994 y\u0131l\u0131nda d\u00fcnyaya gelmi\u015ftir. \u0130zmir\u2019de do\u011fan isim Bornova Anadolu Lisesi&#8217;nden mezun olduktan sonra \u00d6zye\u011fin \u00dcniversitesi Gastronomi b\u00f6l\u00fcm\u00fcnde okumu\u015ftur. Fransa, Hollanda ve Amerika\u2019da staj yapan Emir Elidemir, \u00fcniversiteden mezun olduktan sonra New York&#8217;ta, Benno Restarant&#8217;ta 1 sene boyunca Chef de Partie pozisyonunda \u00e7al\u0131\u015f\u0131p T\u00fcrkiye&#8217;ye geri d\u00f6nd\u00fc.<\/p>\n<p><img loading=\"lazy\" decoding=\"async\" class=\"alignnone wp-image-231995 size-full\" src=\"https:\/\/www.tgrthaber.com\/mavikadin\/wp-content\/uploads\/Ekran-Resmi-2025-09-06-18.33.34.png\" alt=\"\" width=\"988\" height=\"588\" title=\"\" srcset=\"https:\/\/www.tgrthaber.com\/mavikadin\/wp-content\/uploads\/Ekran-Resmi-2025-09-06-18.33.34.png 988w, https:\/\/www.tgrthaber.com\/mavikadin\/wp-content\/uploads\/Ekran-Resmi-2025-09-06-18.33.34-300x179.png 300w, https:\/\/www.tgrthaber.com\/mavikadin\/wp-content\/uploads\/Ekran-Resmi-2025-09-06-18.33.34-768x457.png 768w\" sizes=\"(max-width: 988px) 100vw, 988px\" \/><\/p>\n<hr \/>\n<p class=\"p2\">Emir Elidemir, \u0130stanbul&#8217;daki 2.5 ayl\u0131k Nicole Restaurant deneyiminden sonra 1 ay kadar Cunda Otel\u2019in mutfak \u015fefli\u011fini \u00fcstlendi. MasterChef T\u00fcrkiye\u2019nin de 2020 sezon yar\u0131\u015fmac\u0131lar\u0131 aras\u0131nda yer alan Emir Elidemir, sosyal medyadan payla\u015ft\u0131\u011f\u0131 yemek tarifleriyle dikkat \u00e7ekmektedir.<\/p>\n","protected":false},"excerpt":{"rendered":"<p>MasterChef 2020&#8217;nin en dikkat \u00e7eken yar\u0131\u015fmac\u0131lar\u0131ndan biri olan Emir Elidemir&#8217;in sosyal medya hesab\u0131ndan payla\u015ft\u0131\u011f\u0131 yemek tarifleri \u00e7ok konu\u015fuluyor. \u00d6zellikle pratik ve lezzetli tarif arayanlar i\u00e7in \u00fcnl\u00fc yar\u0131\u015fmac\u0131 bu sefer \u00f6zel soslu 45 dakikada haz\u0131r olacak kanat tarifini verdi. \u0130\u015fte detaylar&#8230; <\/p>\n","protected":false},"author":16,"featured_media":231996,"comment_status":"closed","ping_status":"closed","sticky":false,"template":"","format":"standard","meta":{"rank_math_lock_modified_date":false,"footnotes":""},"categories":[191],"tags":[61647,61648,29994,355,3411],"class_list":["post-231988","post","type-post","status-publish","format-standard","has-post-thumbnail","hentry","category-yemek-tarifleri","tag-masterchef-emir-kanat-tarifi","tag-masterchef-emir-soslu-kanat-tarifi","tag-masterchef-yemekleri","tag-yemek","tag-yemek-tarifleri"],"_links":{"self":[{"href":"https:\/\/www.tgrthaber.com\/mavikadin\/wp-json\/wp\/v2\/posts\/231988"}],"collection":[{"href":"https:\/\/www.tgrthaber.com\/mavikadin\/wp-json\/wp\/v2\/posts"}],"about":[{"href":"https:\/\/www.tgrthaber.com\/mavikadin\/wp-json\/wp\/v2\/types\/post"}],"author":[{"embeddable":true,"href":"https:\/\/www.tgrthaber.com\/mavikadin\/wp-json\/wp\/v2\/users\/16"}],"replies":[{"embeddable":true,"href":"https:\/\/www.tgrthaber.com\/mavikadin\/wp-json\/wp\/v2\/comments?post=231988"}],"version-history":[{"count":2,"href":"https:\/\/www.tgrthaber.com\/mavikadin\/wp-json\/wp\/v2\/posts\/231988\/revisions"}],"predecessor-version":[{"id":231998,"href":"https:\/\/www.tgrthaber.com\/mavikadin\/wp-json\/wp\/v2\/posts\/231988\/revisions\/231998"}],"wp:featuredmedia":[{"embeddable":true,"href":"https:\/\/www.tgrthaber.com\/mavikadin\/wp-json\/wp\/v2\/media\/231996"}],"wp:attachment":[{"href":"https:\/\/www.tgrthaber.com\/mavikadin\/wp-json\/wp\/v2\/media?parent=231988"}],"wp:term":[{"taxonomy":"category","embeddable":true,"href":"https:\/\/www.tgrthaber.com\/mavikadin\/wp-json\/wp\/v2\/categories?post=231988"},{"taxonomy":"post_tag","embeddable":true,"href":"https:\/\/www.tgrthaber.com\/mavikadin\/wp-json\/wp\/v2\/tags?post=231988"}],"curies":[{"name":"wp","href":"https:\/\/api.w.org\/{rel}","templated":true}]}}