{"id":232000,"date":"2025-09-06T19:39:14","date_gmt":"2025-09-06T16:39:14","guid":{"rendered":"https:\/\/www.tgrthaber.com\/mavikadin\/?p=232000"},"modified":"2025-09-06T19:39:15","modified_gmt":"2025-09-06T16:39:15","slug":"cagla-gizem-ahmet-kural-cifti-ikinci-kez-anne-baba-oldu-iste-bebeklerine-verdikleri-isim","status":"publish","type":"post","link":"https:\/\/www.tgrthaber.com\/mavikadin\/cagla-gizem-ahmet-kural-cifti-ikinci-kez-anne-baba-oldu-iste-bebeklerine-verdikleri-isim\/","title":{"rendered":"\u00c7a\u011fla Gizem Ahmet Kural \u00e7ifti ikinci kez anne baba oldu! \u0130\u015fte bebeklerine verdikleri isim"},"content":{"rendered":"<p class=\"p1\">Gassal dizisi ile b\u00fcy\u00fck bir hayran kitlesi edinen Ahmet Kural 2. Kez baba oldu. Mutlu evlilikleri ile dikkat \u00e7eken \u00c7a\u011fla Gizem ve Ahmet Kural \u00e7ifti ikinci kez anne baba olman\u0131n heyecan\u0131n\u0131 ya\u015f\u0131yor. Sosyal medya hesab\u0131ndan payla\u015f\u0131m yapan Ahmet Kural\u2019\u0131n o\u011flu oldu\u011funu duyurdu\u011fu payla\u015f\u0131m\u0131na be\u011feni ya\u011fd\u0131. \u0130\u015fte \u00fcnl\u00fc \u00e7iftin bebeklerine verdikleri isim\u2026<\/p>\n<h3>\u00c7A\u011eLA G\u0130ZEM AHMET KURAL \u00c7\u0130FT\u0130 \u0130K\u0130NC\u0130 KEZ ANNE BABA OLDU! \u0130\u015eTE BEBEKLER\u0130NE VERD\u0130KLER\u0130 \u0130S\u0130M<\/h3>\n<p class=\"p1\">Oyuncu <a href=\"https:\/\/www.tgrthaber.com\/mavikadin\/ahmet-kural-gassal-2-sezonuna-dair-aciklama-yapti-bazi-ipuclari-verdi\/\">Ahmet Kural<\/a> ile mutlu bir evlili\u011fi olan ve k\u0131sa bir s\u00fcre \u00f6nce ikinci kez anne olaca\u011f\u0131n\u0131 duyurmu\u015ftu. Karn\u0131 burnunda pozlar payla\u015fan \u00c7a\u011fla Gizem bug\u00fcn anne oldu.<\/p>\n<p><img loading=\"lazy\" decoding=\"async\" class=\"alignnone wp-image-232026 \" src=\"https:\/\/www.tgrthaber.com\/mavikadin\/wp-content\/uploads\/Ekran-Resmi-2025-09-06-19.32.57.png\" alt=\"\" width=\"993\" height=\"577\" title=\"\" srcset=\"https:\/\/www.tgrthaber.com\/mavikadin\/wp-content\/uploads\/Ekran-Resmi-2025-09-06-19.32.57.png 960w, https:\/\/www.tgrthaber.com\/mavikadin\/wp-content\/uploads\/Ekran-Resmi-2025-09-06-19.32.57-300x174.png 300w, https:\/\/www.tgrthaber.com\/mavikadin\/wp-content\/uploads\/Ekran-Resmi-2025-09-06-19.32.57-768x446.png 768w\" sizes=\"(max-width: 993px) 100vw, 993px\" \/><\/p>\n<hr \/>\n<p class=\"p1\">Sosyal medya hesab\u0131ndan payla\u015f\u0131m yapan Ahmet Kural 2. Kez baba oldu\u011funu duyurdu. Ahmet Kural sosyal medya hesab\u0131ndan yapt\u0131\u011f\u0131 payla\u015f\u0131m\u0131na, \u2018Biz art\u0131k 4 ki\u015filik bir aileyiz.<\/p>\n<p><img loading=\"lazy\" decoding=\"async\" class=\"alignnone wp-image-232031 \" src=\"https:\/\/www.tgrthaber.com\/mavikadin\/wp-content\/uploads\/Ekran-Resmi-2025-09-06-19.36.40.png\" alt=\"\" width=\"999\" height=\"774\" title=\"\" srcset=\"https:\/\/www.tgrthaber.com\/mavikadin\/wp-content\/uploads\/Ekran-Resmi-2025-09-06-19.36.40.png 958w, https:\/\/www.tgrthaber.com\/mavikadin\/wp-content\/uploads\/Ekran-Resmi-2025-09-06-19.36.40-300x232.png 300w, https:\/\/www.tgrthaber.com\/mavikadin\/wp-content\/uploads\/Ekran-Resmi-2025-09-06-19.36.40-768x595.png 768w\" sizes=\"(max-width: 999px) 100vw, 999px\" \/><\/p>\n<hr \/>\n<p class=\"p1\">Kemal\u2019imizin karde\u015fi Demir, can\u0131m o\u011flum ho\u015fgeldin\u2019 notunu d\u00fc\u015ft\u00fc. Ahmet Kural\u2019\u0131n payla\u015f\u0131m\u0131na sosyal medyadan tebrik mesajlar\u0131 ya\u011fd\u0131.<\/p>\n<p><img loading=\"lazy\" decoding=\"async\" class=\"alignnone wp-image-232027 \" src=\"https:\/\/www.tgrthaber.com\/mavikadin\/wp-content\/uploads\/Ekran-Resmi-2025-09-06-19.32.42.png\" alt=\"\" width=\"990\" height=\"641\" title=\"\" srcset=\"https:\/\/www.tgrthaber.com\/mavikadin\/wp-content\/uploads\/Ekran-Resmi-2025-09-06-19.32.42.png 908w, https:\/\/www.tgrthaber.com\/mavikadin\/wp-content\/uploads\/Ekran-Resmi-2025-09-06-19.32.42-300x194.png 300w, https:\/\/www.tgrthaber.com\/mavikadin\/wp-content\/uploads\/Ekran-Resmi-2025-09-06-19.32.42-768x497.png 768w\" sizes=\"(max-width: 990px) 100vw, 990px\" \/><\/p>\n<hr \/>\n<h3>&#8216;HER G\u00dcN FARKLI \u015eEYLER \u00d6\u011eREN\u0130YORUZ&#8217;<\/h3>\n<p class=\"p1\">\u00dcnl\u00fc oyuncu Ahmet Kural ge\u00e7ti\u011fimi aylarda babal\u0131k deneyimi ve minik o\u011flunu ilk kez anlatm\u0131\u015ft\u0131. Babal\u0131k deneyimi hakk\u0131nda samimi a\u00e7\u0131klamalarda bulunan oyuncu, &#8220;Her g\u00fcn farkl\u0131 \u015feyler \u00f6\u011freniyoruz, baba diye hecelemeye ba\u015flad\u0131 ama ilk anne dedi. Bazen bana benziyor, bazen \u00c7a\u011fla&#8217;ya benziyor ama ka\u015f\u0131 g\u00f6z\u00fc \u00e7ok oynuyor. Mimik \u00e7ok.&#8221; ifadelerini kullanm\u0131\u015ft\u0131.<\/p>\n<p><img loading=\"lazy\" decoding=\"async\" class=\"alignnone wp-image-232028 \" src=\"https:\/\/www.tgrthaber.com\/mavikadin\/wp-content\/uploads\/Ekran-Resmi-2025-09-06-19.33.11.png\" alt=\"\" width=\"996\" height=\"718\" title=\"\" srcset=\"https:\/\/www.tgrthaber.com\/mavikadin\/wp-content\/uploads\/Ekran-Resmi-2025-09-06-19.33.11.png 616w, https:\/\/www.tgrthaber.com\/mavikadin\/wp-content\/uploads\/Ekran-Resmi-2025-09-06-19.33.11-300x216.png 300w\" sizes=\"(max-width: 996px) 100vw, 996px\" \/><\/p>\n<hr \/>\n<h3>&#8216;BABA OLMAK \u00c7OK AYRI B\u0130R DUYGU&#8217;<\/h3>\n<p class=\"p1\">Ahmet Kural\u2019\u0131n 2. bebek haberi ise Gassal dizisinin 2. sezon galas\u0131nda ortaya \u00e7\u0131km\u0131\u015ft\u0131. Ahmet Kural, heyecan\u0131n\u0131 &#8220;\u0130n\u015fallah, ikinci kez baba olaca\u011f\u0131m.<\/p>\n<p><img loading=\"lazy\" decoding=\"async\" class=\"alignnone wp-image-232030 size-large\" src=\"https:\/\/www.tgrthaber.com\/mavikadin\/wp-content\/uploads\/Ekran-Resmi-2025-09-06-19.35.05-1024x741.png\" alt=\"\" width=\"1024\" height=\"741\" title=\"\" srcset=\"https:\/\/www.tgrthaber.com\/mavikadin\/wp-content\/uploads\/Ekran-Resmi-2025-09-06-19.35.05-1024x741.png 1024w, https:\/\/www.tgrthaber.com\/mavikadin\/wp-content\/uploads\/Ekran-Resmi-2025-09-06-19.35.05-300x217.png 300w, https:\/\/www.tgrthaber.com\/mavikadin\/wp-content\/uploads\/Ekran-Resmi-2025-09-06-19.35.05-768x556.png 768w, https:\/\/www.tgrthaber.com\/mavikadin\/wp-content\/uploads\/Ekran-Resmi-2025-09-06-19.35.05.png 1280w\" sizes=\"(max-width: 1024px) 100vw, 1024px\" \/><\/p>\n<hr \/>\n<p class=\"p1\">\u0130lkinde de \u00e7ok heyecanl\u0131yd\u0131m, \u015fimdi de \u00e7ok heyecanl\u0131y\u0131m. Baba olmak \u00e7ok ayr\u0131 bir duygu. Erkek bebek bekliyoruz&#8221; s\u00f6zleriyle dile getirmi\u015fti.<\/p>\n<p><img loading=\"lazy\" decoding=\"async\" class=\"alignnone wp-image-232029 size-full\" src=\"https:\/\/www.tgrthaber.com\/mavikadin\/wp-content\/uploads\/Ekran-Resmi-2025-09-06-19.33.25.png\" alt=\"\" width=\"1008\" height=\"556\" title=\"\" srcset=\"https:\/\/www.tgrthaber.com\/mavikadin\/wp-content\/uploads\/Ekran-Resmi-2025-09-06-19.33.25.png 1008w, https:\/\/www.tgrthaber.com\/mavikadin\/wp-content\/uploads\/Ekran-Resmi-2025-09-06-19.33.25-300x165.png 300w, https:\/\/www.tgrthaber.com\/mavikadin\/wp-content\/uploads\/Ekran-Resmi-2025-09-06-19.33.25-768x424.png 768w\" sizes=\"(max-width: 1008px) 100vw, 1008px\" \/><\/p>\n<hr \/>\n<h3>\u00c7A\u011eLA G\u0130ZEM AHMET KURAL \u00c7\u0130FT\u0130N\u0130N BEBEKLER\u0130NE VERD\u0130KLER\u0130 \u0130S\u0130M BAKIN NE OLDU!<\/h3>\n<p>2. kez anne baba olman\u0131n heyecan\u0131n\u0131 ya\u015fayan Ahmet Kural \u00c7a\u011fla Gizem \u00e7iftinin ilk bebeklerinin ismi Kemal&#8217;di. \u00dcnl\u00fc \u00e7iftin ikinci bebeklerine verdikleri ismin Demir oldu\u011fu \u00f6\u011frenildi.<\/p>\n<p>&nbsp;<\/p>\n","protected":false},"excerpt":{"rendered":"<p>Gassal dizisinin ba\u015frol\u00fc Ahmet Kural 2. kez baba oldu. \u00c7a\u011fla Gizem ve Ahmet Kural \u00e7ifti m\u00fcjdeli haberi sosyal medya hesab\u0131ndan duyurdu. \u0130\u015fte \u00fcnl\u00fc \u00e7iftin 2. bebeklerine verdikleri isim&#8230; <\/p>\n","protected":false},"author":16,"featured_media":232032,"comment_status":"closed","ping_status":"closed","sticky":false,"template":"","format":"standard","meta":{"rank_math_lock_modified_date":false,"footnotes":""},"categories":[76],"tags":[61655,61654,61653,133,2218],"class_list":["post-232000","post","type-post","status-publish","format-standard","has-post-thumbnail","hentry","category-magazin","tag-ahmet-kural-2-kez-baba-oglunun-ismi","tag-ahmet-kural-2-kez-baba-oldu","tag-ahmet-kural-cagla-gizem-2-kez-anne-baba-oldu","tag-magazin","tag-magazin-haberleri"],"_links":{"self":[{"href":"https:\/\/www.tgrthaber.com\/mavikadin\/wp-json\/wp\/v2\/posts\/232000"}],"collection":[{"href":"https:\/\/www.tgrthaber.com\/mavikadin\/wp-json\/wp\/v2\/posts"}],"about":[{"href":"https:\/\/www.tgrthaber.com\/mavikadin\/wp-json\/wp\/v2\/types\/post"}],"author":[{"embeddable":true,"href":"https:\/\/www.tgrthaber.com\/mavikadin\/wp-json\/wp\/v2\/users\/16"}],"replies":[{"embeddable":true,"href":"https:\/\/www.tgrthaber.com\/mavikadin\/wp-json\/wp\/v2\/comments?post=232000"}],"version-history":[{"count":1,"href":"https:\/\/www.tgrthaber.com\/mavikadin\/wp-json\/wp\/v2\/posts\/232000\/revisions"}],"predecessor-version":[{"id":232033,"href":"https:\/\/www.tgrthaber.com\/mavikadin\/wp-json\/wp\/v2\/posts\/232000\/revisions\/232033"}],"wp:featuredmedia":[{"embeddable":true,"href":"https:\/\/www.tgrthaber.com\/mavikadin\/wp-json\/wp\/v2\/media\/232032"}],"wp:attachment":[{"href":"https:\/\/www.tgrthaber.com\/mavikadin\/wp-json\/wp\/v2\/media?parent=232000"}],"wp:term":[{"taxonomy":"category","embeddable":true,"href":"https:\/\/www.tgrthaber.com\/mavikadin\/wp-json\/wp\/v2\/categories?post=232000"},{"taxonomy":"post_tag","embeddable":true,"href":"https:\/\/www.tgrthaber.com\/mavikadin\/wp-json\/wp\/v2\/tags?post=232000"}],"curies":[{"name":"wp","href":"https:\/\/api.w.org\/{rel}","templated":true}]}}