{"id":232017,"date":"2025-09-06T19:21:19","date_gmt":"2025-09-06T16:21:19","guid":{"rendered":"https:\/\/www.tgrthaber.com\/mavikadin\/?p=232017"},"modified":"2025-09-06T19:21:19","modified_gmt":"2025-09-06T16:21:19","slug":"gonul-dagi-183-bolumde-neler-olacak-suleymanin-cocuklari-kasabayi-karistiriyor","status":"publish","type":"post","link":"https:\/\/www.tgrthaber.com\/mavikadin\/gonul-dagi-183-bolumde-neler-olacak-suleymanin-cocuklari-kasabayi-karistiriyor\/","title":{"rendered":"G\u00f6n\u00fcl Da\u011f\u0131 183. B\u00f6l\u00fcmde neler olacak? S\u00fcleyman\u2019\u0131n \u00e7ocuklar\u0131 kasabay\u0131 kar\u0131\u015ft\u0131r\u0131yor"},"content":{"rendered":"<p>Fenomen dizi G\u00f6n\u00fcl Da\u011f\u0131 6. Sezon b\u00f6l\u00fcmleriyle yeni yay\u0131n d\u00f6nemine ba\u015fl\u0131yor. G\u00f6n\u00fcl Da\u011f\u0131 dizisinin oyuncu kadrosuna kat\u0131lan B\u00fclent \u015eakrak, Sercan Badur, G\u00f6k\u00e7e Aky\u0131ld\u0131z ve Emrah Kahraman ile yeni hikayeler izleyici ile bulu\u015facak. Amcao\u011fullar\u0131 ve S\u00fcleyman\u2019\u0131n \u00e7ocuklar\u0131 aras\u0131nda hangi gerginlikler ya\u015fanacak? Kadir\u2019in gelmesiyle Amcao\u011fullar\u0131 ve kasabal\u0131 neler ya\u015fayacak?<\/p>\n<h3>G\u00d6N\u00dcL DA\u011eI 183. B\u00d6L\u00dcMDE NELER OLACAK?<\/h3>\n<p>Ramazan\u2019\u0131n Amcao\u011fullar\u0131\u2019na veda ederek ayr\u0131lmas\u0131 Gedelli kasabas\u0131nda b\u00fcy\u00fck bir \u00fcz\u00fcnt\u00fc olu\u015fturacak. S\u00fcleyman ve Amcao\u011fullar\u0131\u2019n\u0131n aras\u0131 tam d\u00fczelmi\u015fken, \u00e7ocuklar\u0131n\u0131n beklenmedik anda geli\u015fi kasabay\u0131 \u015fa\u015fk\u0131na \u00e7evirecek. Kasaban\u0131n huzurlu atmosferini bozmak i\u00e7in ellerinden gelen her \u015feyi yapacaklar.<\/p>\n<p><img loading=\"lazy\" decoding=\"async\" class=\"alignnone wp-image-232018 size-full\" src=\"https:\/\/www.tgrthaber.com\/mavikadin\/wp-content\/uploads\/Adsiz-tasarim-227.jpg\" alt=\"\" width=\"1208\" height=\"680\" title=\"\" srcset=\"https:\/\/www.tgrthaber.com\/mavikadin\/wp-content\/uploads\/Adsiz-tasarim-227.jpg 1208w, https:\/\/www.tgrthaber.com\/mavikadin\/wp-content\/uploads\/Adsiz-tasarim-227-300x169.jpg 300w, https:\/\/www.tgrthaber.com\/mavikadin\/wp-content\/uploads\/Adsiz-tasarim-227-1024x576.jpg 1024w, https:\/\/www.tgrthaber.com\/mavikadin\/wp-content\/uploads\/Adsiz-tasarim-227-768x432.jpg 768w\" sizes=\"(max-width: 1208px) 100vw, 1208px\" \/><\/p>\n<hr \/>\n<p>S\u00fcleyman\u2019\u0131n \u00e7ocuklar\u0131 Taylan, \u00c7etin ve Leyla\u2019n\u0131n kasabaya ayak basar basmaz amcao\u011fullar\u0131na kar\u015f\u0131 cephe alacak. \u0130ki grup aras\u0131ndaki gerginlik kasabada yeni \u00e7at\u0131\u015fmalar\u0131n fitilini ate\u015fleyecek.<\/p>\n<p><img loading=\"lazy\" decoding=\"async\" class=\"alignnone wp-image-232020 size-full\" src=\"https:\/\/www.tgrthaber.com\/mavikadin\/wp-content\/uploads\/Adsiz-tasarim-3-95.jpg\" alt=\"\" width=\"1208\" height=\"680\" title=\"\" srcset=\"https:\/\/www.tgrthaber.com\/mavikadin\/wp-content\/uploads\/Adsiz-tasarim-3-95.jpg 1208w, https:\/\/www.tgrthaber.com\/mavikadin\/wp-content\/uploads\/Adsiz-tasarim-3-95-300x169.jpg 300w, https:\/\/www.tgrthaber.com\/mavikadin\/wp-content\/uploads\/Adsiz-tasarim-3-95-1024x576.jpg 1024w, https:\/\/www.tgrthaber.com\/mavikadin\/wp-content\/uploads\/Adsiz-tasarim-3-95-768x432.jpg 768w\" sizes=\"(max-width: 1208px) 100vw, 1208px\" \/><\/p>\n<hr \/>\n<p>Taner\u2019in Teyze o\u011flu Kadir ise Gedelli kasabas\u0131na geri d\u00f6necek. Kadir\u2019in s\u00f6ylenenleri yanl\u0131\u015f anlamas\u0131 izleyenleri kahkahaya bo\u011facak.<\/p>\n<p><img loading=\"lazy\" decoding=\"async\" class=\"alignnone wp-image-232021 size-full\" src=\"https:\/\/www.tgrthaber.com\/mavikadin\/wp-content\/uploads\/Adsiz-tasarim-5-73.jpg\" alt=\"\" width=\"1208\" height=\"680\" title=\"\" srcset=\"https:\/\/www.tgrthaber.com\/mavikadin\/wp-content\/uploads\/Adsiz-tasarim-5-73.jpg 1208w, https:\/\/www.tgrthaber.com\/mavikadin\/wp-content\/uploads\/Adsiz-tasarim-5-73-300x169.jpg 300w, https:\/\/www.tgrthaber.com\/mavikadin\/wp-content\/uploads\/Adsiz-tasarim-5-73-1024x576.jpg 1024w, https:\/\/www.tgrthaber.com\/mavikadin\/wp-content\/uploads\/Adsiz-tasarim-5-73-768x432.jpg 768w\" sizes=\"(max-width: 1208px) 100vw, 1208px\" \/><\/p>\n<hr \/>\n<p>Veysel ve Cemile\u2019nin aras\u0131ndaki tart\u0131\u015fma giderek b\u00fcy\u00fcyecek. Anla\u015famayan Veysel ve Cemile\u2019nin aras\u0131n\u0131 d\u00fczeltmek Kenan\u2019a d\u00fc\u015fecek. Kenan ikilinin aras\u0131n\u0131 d\u00fczeltebilecek mi?<\/p>\n<p><img loading=\"lazy\" decoding=\"async\" class=\"alignnone wp-image-232022 size-full\" src=\"https:\/\/www.tgrthaber.com\/mavikadin\/wp-content\/uploads\/Adsiz-tasarim-2-89.jpg\" alt=\"\" width=\"1208\" height=\"680\" title=\"\" srcset=\"https:\/\/www.tgrthaber.com\/mavikadin\/wp-content\/uploads\/Adsiz-tasarim-2-89.jpg 1208w, https:\/\/www.tgrthaber.com\/mavikadin\/wp-content\/uploads\/Adsiz-tasarim-2-89-300x169.jpg 300w, https:\/\/www.tgrthaber.com\/mavikadin\/wp-content\/uploads\/Adsiz-tasarim-2-89-1024x576.jpg 1024w, https:\/\/www.tgrthaber.com\/mavikadin\/wp-content\/uploads\/Adsiz-tasarim-2-89-768x432.jpg 768w\" sizes=\"(max-width: 1208px) 100vw, 1208px\" \/><\/p>\n<hr \/>\n<p>Taner ve e\u015fi aras\u0131nda romantizm yeniden y\u00fckseli\u015fe ge\u00e7ecek. \u00a0\u201cG\u00f6zlerine bakmak sonsuz bir ormana bakmak gibi\u2026\u201d s\u00f6zleriyle onu ne kadar sevdi\u011fini bir kez daha g\u00f6sterecek.<\/p>\n<p><img loading=\"lazy\" decoding=\"async\" class=\"alignnone wp-image-232023 size-full\" src=\"https:\/\/www.tgrthaber.com\/mavikadin\/wp-content\/uploads\/Adsiz-tasarim-6-75.jpg\" alt=\"\" width=\"1208\" height=\"680\" title=\"\" srcset=\"https:\/\/www.tgrthaber.com\/mavikadin\/wp-content\/uploads\/Adsiz-tasarim-6-75.jpg 1208w, https:\/\/www.tgrthaber.com\/mavikadin\/wp-content\/uploads\/Adsiz-tasarim-6-75-300x169.jpg 300w, https:\/\/www.tgrthaber.com\/mavikadin\/wp-content\/uploads\/Adsiz-tasarim-6-75-1024x576.jpg 1024w, https:\/\/www.tgrthaber.com\/mavikadin\/wp-content\/uploads\/Adsiz-tasarim-6-75-768x432.jpg 768w\" sizes=\"(max-width: 1208px) 100vw, 1208px\" \/><\/p>\n<hr \/>\n<h3>G\u00d6N\u00dcL DA\u011eI D\u0130Z\u0130S\u0130 183. B\u00d6L\u00dcM NE ZAMAN YAYINLANACAK?<\/h3>\n<p>Berk Atan, Semih Ert\u00fcrk ve Erdal \u00d6zya\u011fc\u0131lar&#8217;\u0131n ba\u015frollerini payla\u015ft\u0131\u011f\u0131 G\u00f6n\u00fcl Da\u011f\u0131&#8217;nda Yavuz Sepet\u00e7i, Nazl\u0131 P\u0131nar Kaya, Melis Sevin\u00e7, Hazal \u00c7a\u011flar, Ferdi Sancar, Ege Aydan, Erdal Cindoruk, S\u00fceda \u00c7il, Serkan Kuru, Eser Ey\u00fcbo\u011flu, \u015eebnem Dilligil, B\u00fclent \u015eakrak, Sercan Badur, G\u00f6k\u00e7e Aky\u0131ld\u0131z ve Emrah Kahraman gibi oyuncularla yeni sezona bomba bir giri\u015f yapacak.<\/p>\n<p>G\u00f6n\u00fcl Da\u011f\u0131 dizisinin 183. B\u00f6l\u00fcm\u00fc saat 20:00\u2019da TRT 1 ekranlarda seyircisi ile bulu\u015facak.<\/p>\n","protected":false},"excerpt":{"rendered":"<p>TRT 1\u2019in merakla beklenen aile dizisi G\u00f6n\u00fcl Da\u011f\u0131 183. B\u00f6l\u00fcm\u00fc ile bu ak\u015fam ekranlara gelecek. \u0130zleyicinin merakla bekledi\u011fi b\u00f6l\u00fcmde eski sezonlarda sevilen karakter Kadir Gedelli kasabas\u0131na geri d\u00f6n\u00fcyor. S\u00fcleyman\u2019\u0131n \u00e7ocuklar\u0131n\u0131n kasabaya gelmesiyle Amcao\u011fullar\u0131\u2019n\u0131n i\u015flerine burnunu sokmaya \u00e7al\u0131\u015facak. <\/p>\n","protected":false},"author":10,"featured_media":232019,"comment_status":"closed","ping_status":"closed","sticky":false,"template":"","format":"standard","meta":{"rank_math_lock_modified_date":false,"footnotes":""},"categories":[602],"tags":[32159,2628,10390,61651,61650,61652],"class_list":["post-232017","post","type-post","status-publish","format-standard","has-post-thumbnail","hentry","category-diziler","tag-dizi","tag-dizi-haberleri","tag-dizi-magazin","tag-gonul-dagi-183-bolum","tag-gonul-dagi-183-bolum-ozeti","tag-gonul-dagi-dizisi-183-bolum"],"_links":{"self":[{"href":"https:\/\/www.tgrthaber.com\/mavikadin\/wp-json\/wp\/v2\/posts\/232017"}],"collection":[{"href":"https:\/\/www.tgrthaber.com\/mavikadin\/wp-json\/wp\/v2\/posts"}],"about":[{"href":"https:\/\/www.tgrthaber.com\/mavikadin\/wp-json\/wp\/v2\/types\/post"}],"author":[{"embeddable":true,"href":"https:\/\/www.tgrthaber.com\/mavikadin\/wp-json\/wp\/v2\/users\/10"}],"replies":[{"embeddable":true,"href":"https:\/\/www.tgrthaber.com\/mavikadin\/wp-json\/wp\/v2\/comments?post=232017"}],"version-history":[{"count":2,"href":"https:\/\/www.tgrthaber.com\/mavikadin\/wp-json\/wp\/v2\/posts\/232017\/revisions"}],"predecessor-version":[{"id":232025,"href":"https:\/\/www.tgrthaber.com\/mavikadin\/wp-json\/wp\/v2\/posts\/232017\/revisions\/232025"}],"wp:featuredmedia":[{"embeddable":true,"href":"https:\/\/www.tgrthaber.com\/mavikadin\/wp-json\/wp\/v2\/media\/232019"}],"wp:attachment":[{"href":"https:\/\/www.tgrthaber.com\/mavikadin\/wp-json\/wp\/v2\/media?parent=232017"}],"wp:term":[{"taxonomy":"category","embeddable":true,"href":"https:\/\/www.tgrthaber.com\/mavikadin\/wp-json\/wp\/v2\/categories?post=232017"},{"taxonomy":"post_tag","embeddable":true,"href":"https:\/\/www.tgrthaber.com\/mavikadin\/wp-json\/wp\/v2\/tags?post=232017"}],"curies":[{"name":"wp","href":"https:\/\/api.w.org\/{rel}","templated":true}]}}