{"id":232034,"date":"2025-09-06T20:05:17","date_gmt":"2025-09-06T17:05:17","guid":{"rendered":"https:\/\/www.tgrthaber.com\/mavikadin\/?p=232034"},"modified":"2025-09-06T20:11:04","modified_gmt":"2025-09-06T17:11:04","slug":"masterchef-sezere-sosyal-medyadan-tepki-yagiyor-sayende-cagatayi-sevdik","status":"publish","type":"post","link":"https:\/\/www.tgrthaber.com\/mavikadin\/masterchef-sezere-sosyal-medyadan-tepki-yagiyor-sayende-cagatayi-sevdik\/","title":{"rendered":"MasterChef Sezer&#8217;e sosyal medyadan tepki ya\u011f\u0131yor Sayende \u00c7a\u011fatay&#8217;\u0131 sevdik"},"content":{"rendered":"<p class=\"p1\">MasterChef T\u00fcrkiye\u2019de bu gece veda gecesi ya\u015fanacak. 7. ve son eleme aday\u0131n\u0131n a\u00e7\u0131kland\u0131\u011f\u0131 programda bu ak\u015fam bir yar\u0131\u015fmac\u0131 MasterChef hayallerine veda edecek. MasterChef\u2019in bu ak\u015famki b\u00f6l\u00fcm\u00fcne ise Sezer ve \u00c7a\u011fatay aras\u0131nda ya\u015fanan tart\u0131\u015fma damga vuracak. Bireysel dokunulmazl\u0131\u011f\u0131 kazanan Sezer\u2019in \u00c7a\u011fatay\u2019a olan \u2018Ben dokunulmazl\u0131\u011f\u0131 al\u0131yorum. \u00c7a\u011fatay\u2019\u0131 potaya g\u00f6nderiyorum. Ben sana s\u0131rt\u0131m\u0131 bir kere d\u00f6nd\u00fcm. Bir daha da d\u00f6nmem\u2019 s\u00f6zlerine sosyal medyadan tepki ya\u011f\u0131yor. \u0130\u015fte detaylar&#8230;<\/p>\n<h3>MASTERCHEF SEZER&#8217;E SOSYAL MEDYADAN TEPK\u0130 YA\u011eIYOR SAYENDE \u00c7A\u011eATAY&#8217;I SEVD\u0130K<\/h3>\n<p><a href=\"https:\/\/www.tgrthaber.com\/mavikadin\/ayten-sanerden-masterchef-tuyolari-tepsi-mantisinin-kitabini-yazdi-yiyenler-mest-oldu\/\">MasterChef<\/a> T\u00fcrkiye yeni sezon heyecan\u0131 h\u0131z kesmeden devam ediyor. 4 Eyl\u00fcl 2025 ak\u015fam\u0131 eleme potas\u0131na giren son yar\u0131\u015fmac\u0131 Nisa olmu\u015ftu. Bu gece eleme potas\u0131ndaki 7 yar\u0131\u015fmac\u0131dan biri MasterChef hayallerine veda edecek.<\/p>\n<p><img loading=\"lazy\" decoding=\"async\" class=\"alignnone wp-image-232044 size-large\" src=\"https:\/\/www.tgrthaber.com\/mavikadin\/wp-content\/uploads\/Ekran-Resmi-2025-09-06-19.57.19-1024x648.png\" alt=\"\" width=\"1024\" height=\"648\" title=\"\" srcset=\"https:\/\/www.tgrthaber.com\/mavikadin\/wp-content\/uploads\/Ekran-Resmi-2025-09-06-19.57.19-1024x648.png 1024w, https:\/\/www.tgrthaber.com\/mavikadin\/wp-content\/uploads\/Ekran-Resmi-2025-09-06-19.57.19-300x190.png 300w, https:\/\/www.tgrthaber.com\/mavikadin\/wp-content\/uploads\/Ekran-Resmi-2025-09-06-19.57.19-768x486.png 768w, https:\/\/www.tgrthaber.com\/mavikadin\/wp-content\/uploads\/Ekran-Resmi-2025-09-06-19.57.19.png 1396w\" sizes=\"(max-width: 1024px) 100vw, 1024px\" \/><\/p>\n<hr \/>\n<p>Potada bulunan isimler aras\u0131nda Sercan, Mert, Nisa, \u00d6zkan, Ayten, \u00d6zkan, \u00c7a\u011flar ve \u00c7a\u011fatay var. Bireysel dokunulmazl\u0131\u011f\u0131 kazanan Sezer&#8217;in \u00c7a\u011fatay&#8217;la aras\u0131ndaki gerginlik ise gecenin en \u00e7ok konu\u015fulanlar\u0131 aras\u0131nda yer alacak gibi g\u00f6r\u00fcn\u00fcyor.<\/p>\n<p><img loading=\"lazy\" decoding=\"async\" class=\"alignnone wp-image-232045 size-large\" src=\"https:\/\/www.tgrthaber.com\/mavikadin\/wp-content\/uploads\/Ekran-Resmi-2025-09-06-19.57.36-1024x639.png\" alt=\"\" width=\"1024\" height=\"639\" title=\"\" srcset=\"https:\/\/www.tgrthaber.com\/mavikadin\/wp-content\/uploads\/Ekran-Resmi-2025-09-06-19.57.36-1024x639.png 1024w, https:\/\/www.tgrthaber.com\/mavikadin\/wp-content\/uploads\/Ekran-Resmi-2025-09-06-19.57.36-300x187.png 300w, https:\/\/www.tgrthaber.com\/mavikadin\/wp-content\/uploads\/Ekran-Resmi-2025-09-06-19.57.36-768x479.png 768w, https:\/\/www.tgrthaber.com\/mavikadin\/wp-content\/uploads\/Ekran-Resmi-2025-09-06-19.57.36.png 1414w\" sizes=\"(max-width: 1024px) 100vw, 1024px\" \/><\/p>\n<hr \/>\n<p>Sezer&#8217;in \u00c7a\u011fatay&#8217;a olan sert tavr\u0131na daha \u015fimdiden sosyal medyadan tepki ya\u011fmaya ba\u015flad\u0131. Sosyal medya kullan\u0131c\u0131lar\u0131, &#8216;\u00c7ocuk gibi kavga ediyorsun Sezer&#8217;, &#8216;Sayende \u00c7a\u011fatay&#8217;\u0131 sevdik&#8217;, &#8216;Bir an \u00f6nce elenmeni dilerim&#8217; \u015feklinde yorumlar ya\u011fd\u0131.<\/p>\n<p><img loading=\"lazy\" decoding=\"async\" class=\"alignnone wp-image-232046 size-large\" src=\"https:\/\/www.tgrthaber.com\/mavikadin\/wp-content\/uploads\/Ekran-Resmi-2025-09-06-19.57.47-1024x619.png\" alt=\"\" width=\"1024\" height=\"619\" title=\"\" srcset=\"https:\/\/www.tgrthaber.com\/mavikadin\/wp-content\/uploads\/Ekran-Resmi-2025-09-06-19.57.47-1024x619.png 1024w, https:\/\/www.tgrthaber.com\/mavikadin\/wp-content\/uploads\/Ekran-Resmi-2025-09-06-19.57.47-300x181.png 300w, https:\/\/www.tgrthaber.com\/mavikadin\/wp-content\/uploads\/Ekran-Resmi-2025-09-06-19.57.47-768x464.png 768w, https:\/\/www.tgrthaber.com\/mavikadin\/wp-content\/uploads\/Ekran-Resmi-2025-09-06-19.57.47.png 1436w\" sizes=\"(max-width: 1024px) 100vw, 1024px\" \/><\/p>\n<hr \/>\n<h3 class=\"p1\"><b>MASTERCHEF ELEME POTASINDA K\u0130MLER VAR?<\/b><\/h3>\n<p class=\"p2\">Sercan, Mert, Nisa, \u00d6zkan, Ayten, \u00d6zkan, \u00c7a\u011flar ve \u00c7a\u011fatay.<\/p>\n<div style=\"width: 640px;\" class=\"wp-video\"><!--[if lt IE 9]><script>document.createElement('video');<\/script><![endif]-->\n<video class=\"wp-video-shortcode\" id=\"video-232034-1\" width=\"640\" height=\"717\" preload=\"metadata\" controls=\"controls\"><source type=\"video\/mp4\" src=\"https:\/\/www.tgrthaber.com\/mavikadin\/wp-content\/uploads\/sezer.mp4?_=1\" \/><a href=\"https:\/\/www.tgrthaber.com\/mavikadin\/wp-content\/uploads\/sezer.mp4\">https:\/\/www.tgrthaber.com\/mavikadin\/wp-content\/uploads\/sezer.mp4<\/a><\/video><\/div>\n<h3 class=\"p1\"><b>MASTERCHEF 6 EYL\u00dcL 2025 K\u0130M ELEND\u0130?<\/b><\/h3>\n<p class=\"p2\">A\u00e7\u0131kland\u0131\u011f\u0131nda haberimize eklenecektir.<\/p>\n<p><img loading=\"lazy\" decoding=\"async\" class=\"alignnone wp-image-232047 size-large\" src=\"https:\/\/www.tgrthaber.com\/mavikadin\/wp-content\/uploads\/Ekran-Resmi-2025-09-06-17.19.05-1-1024x621.png\" alt=\"\" width=\"1024\" height=\"621\" title=\"\" srcset=\"https:\/\/www.tgrthaber.com\/mavikadin\/wp-content\/uploads\/Ekran-Resmi-2025-09-06-17.19.05-1-1024x621.png 1024w, https:\/\/www.tgrthaber.com\/mavikadin\/wp-content\/uploads\/Ekran-Resmi-2025-09-06-17.19.05-1-300x182.png 300w, https:\/\/www.tgrthaber.com\/mavikadin\/wp-content\/uploads\/Ekran-Resmi-2025-09-06-17.19.05-1-768x466.png 768w, https:\/\/www.tgrthaber.com\/mavikadin\/wp-content\/uploads\/Ekran-Resmi-2025-09-06-17.19.05-1-1536x932.png 1536w, https:\/\/www.tgrthaber.com\/mavikadin\/wp-content\/uploads\/Ekran-Resmi-2025-09-06-17.19.05-1.png 1618w\" sizes=\"(max-width: 1024px) 100vw, 1024px\" \/><\/p>\n<hr \/>\n<h3 class=\"p1\"><b>MASTERCHEF SON ELEME ADAYI K\u0130M OLDU?<\/b><\/h3>\n<p class=\"p2\">MasterChef son eleme aday\u0131\u00a0Nisa\u00a0oldu.<\/p>\n<h3 class=\"p1\"><b>MASTERCHEF DOKUNULMAZLIK OYUNUNU K\u0130M KAZANDI?<\/b><\/h3>\n<p class=\"p2\">MasterChef&#8217;te haftan\u0131n son dokunulmazl\u0131k oyununu\u00a0mavi tak\u0131m\u00a0kazand\u0131.<\/p>\n<p><img loading=\"lazy\" decoding=\"async\" class=\"alignnone wp-image-232048 size-full\" src=\"https:\/\/www.tgrthaber.com\/mavikadin\/wp-content\/uploads\/Ekran-Resmi-2025-09-06-17.25.51.png\" alt=\"\" width=\"1012\" height=\"610\" title=\"\" srcset=\"https:\/\/www.tgrthaber.com\/mavikadin\/wp-content\/uploads\/Ekran-Resmi-2025-09-06-17.25.51.png 1012w, https:\/\/www.tgrthaber.com\/mavikadin\/wp-content\/uploads\/Ekran-Resmi-2025-09-06-17.25.51-300x181.png 300w, https:\/\/www.tgrthaber.com\/mavikadin\/wp-content\/uploads\/Ekran-Resmi-2025-09-06-17.25.51-768x463.png 768w\" sizes=\"(max-width: 1012px) 100vw, 1012px\" \/><\/p>\n<hr \/>\n<h3 class=\"p1\"><b>MASTERCHEF B\u0130REYSEL DOKUNULMAZLIK OYUNUNU HANG\u0130 YARI\u015eMACI KAZANDI?<\/b><\/h3>\n<p class=\"p2\">Tak\u0131m oyununu kaybeden k\u0131rm\u0131z\u0131 tak\u0131m kendi aralar\u0131nda dokunulmazl\u0131\u011f\u0131 almak i\u00e7in k\u0131yas\u0131ya m\u00fccadele etti. G\u00fcn\u00fcn sonunda en ba\u015far\u0131l\u0131 yeme\u011fi yapan\u00a0Sezer\u00a0bireysel dokunulmazl\u0131\u011f\u0131n sahibi oldu ve eleme potas\u0131ndan kendisini kurtard\u0131.<\/p>\n<p><img loading=\"lazy\" decoding=\"async\" class=\"alignnone wp-image-232049 size-large\" src=\"https:\/\/www.tgrthaber.com\/mavikadin\/wp-content\/uploads\/Ekran-Resmi-2025-09-06-17.19.09-2-1024x580.png\" alt=\"\" width=\"1024\" height=\"580\" title=\"\" srcset=\"https:\/\/www.tgrthaber.com\/mavikadin\/wp-content\/uploads\/Ekran-Resmi-2025-09-06-17.19.09-2-1024x580.png 1024w, https:\/\/www.tgrthaber.com\/mavikadin\/wp-content\/uploads\/Ekran-Resmi-2025-09-06-17.19.09-2-300x170.png 300w, https:\/\/www.tgrthaber.com\/mavikadin\/wp-content\/uploads\/Ekran-Resmi-2025-09-06-17.19.09-2-768x435.png 768w, https:\/\/www.tgrthaber.com\/mavikadin\/wp-content\/uploads\/Ekran-Resmi-2025-09-06-17.19.09-2-1536x870.png 1536w, https:\/\/www.tgrthaber.com\/mavikadin\/wp-content\/uploads\/Ekran-Resmi-2025-09-06-17.19.09-2.png 2020w\" sizes=\"(max-width: 1024px) 100vw, 1024px\" \/><\/p>\n<hr \/>\n<h3 class=\"p1\"><b>MASTERCHEF ANA KADRODA K\u0130MLER VAR?\u00a0<\/b><\/h3>\n<p class=\"p2\">MasterChef T\u00fcrkiye 2025 ana kadro g\u00fcncel listesi:<\/p>\n<p class=\"p2\">MasterChef T\u00fcrkiye Ana Kadroya Giren 1. Yar\u0131\u015fmac\u0131: Furkan<\/p>\n<p class=\"p2\">MasterChef T\u00fcrkiye Ana Kadroya Giren 2. Yar\u0131\u015fmac\u0131: Eyl\u00fcl<\/p>\n<p class=\"p2\">MasterChef T\u00fcrkiye Ana Kadroya Giren 3. Yar\u0131\u015fmac\u0131: \u00c7a\u011fatay<\/p>\n<p class=\"p2\">MasterChef T\u00fcrkiye Ana Kadroya Giren 4. Yar\u0131\u015fmac\u0131: Onur<\/p>\n<p class=\"p2\">MasterChef T\u00fcrkiye Ana kadroya giren 5. Yar\u0131\u015fmac\u0131: Nisa Nur ( yedeklerden dahil oldu)<\/p>\n<p class=\"p2\">MasterChef T\u00fcrkiye Ana kadroya giren 6. Yar\u0131\u015fmac\u0131: Sercan<\/p>\n<p class=\"p2\">MasterChef T\u00fcrkiye Ana kadroya giren 7. Yar\u0131\u015fmac\u0131: Ayla<\/p>\n<p class=\"p2\">MasterChef T\u00fcrkiye Ana kadroya giren 8. Yar\u0131\u015fmac\u0131: \u0130hsan<\/p>\n<p class=\"p2\">MasterChef T\u00fcrkiye Ana kadroya giren 9. Yar\u0131\u015fmac\u0131: Ayten<\/p>\n<p class=\"p2\">MasterChef T\u00fcrkiye Ana kadroya giren 10. Yar\u0131\u015fmac\u0131: \u00c7a\u011flar<\/p>\n<p><img loading=\"lazy\" decoding=\"async\" class=\"alignnone wp-image-232050 \" src=\"https:\/\/www.tgrthaber.com\/mavikadin\/wp-content\/uploads\/Ekran-Resmi-2025-09-06-17.18.52-1-1024x663.png\" alt=\"\" width=\"1024\" height=\"663\" title=\"\" srcset=\"https:\/\/www.tgrthaber.com\/mavikadin\/wp-content\/uploads\/Ekran-Resmi-2025-09-06-17.18.52-1-1024x663.png 1024w, https:\/\/www.tgrthaber.com\/mavikadin\/wp-content\/uploads\/Ekran-Resmi-2025-09-06-17.18.52-1-300x194.png 300w, https:\/\/www.tgrthaber.com\/mavikadin\/wp-content\/uploads\/Ekran-Resmi-2025-09-06-17.18.52-1-768x498.png 768w, https:\/\/www.tgrthaber.com\/mavikadin\/wp-content\/uploads\/Ekran-Resmi-2025-09-06-17.18.52-1-1536x995.png 1536w, https:\/\/www.tgrthaber.com\/mavikadin\/wp-content\/uploads\/Ekran-Resmi-2025-09-06-17.18.52-1.png 1948w\" sizes=\"(max-width: 1024px) 100vw, 1024px\" \/><\/p>\n<hr \/>\n<p class=\"p2\">MasterChef T\u00fcrkiye Ana kadroya giren 11. Yar\u0131\u015fmac\u0131: Sezer<\/p>\n<p class=\"p2\">MasterChef T\u00fcrkiye Ana kadroya giren 12. Yar\u0131\u015fmac\u0131: Cansu<\/p>\n<p class=\"p2\">MasterChef T\u00fcrkiye Ana kadroya giren 13. Yar\u0131\u015fmac\u0131: \u00d6zkan<\/p>\n<p class=\"p2\">MasterChef T\u00fcrkiye Ana kadroya giren 14. yar\u0131\u015fmac\u0131: Gizem<\/p>\n<p class=\"p2\">MasterChef T\u00fcrkiye Ana kadroya giren 15. yar\u0131\u015fmac\u0131: \u0130rem<\/p>\n<p class=\"p2\">MasterChef T\u00fcrkiye Ana kadroya giren 16. yar\u0131\u015fmac\u0131: Hakan<\/p>\n<p><img loading=\"lazy\" decoding=\"async\" class=\"alignnone wp-image-232051 size-large\" src=\"https:\/\/www.tgrthaber.com\/mavikadin\/wp-content\/uploads\/Ekran-Resmi-2025-09-06-17.19.00-1-1024x675.png\" alt=\"\" width=\"1024\" height=\"675\" title=\"\" srcset=\"https:\/\/www.tgrthaber.com\/mavikadin\/wp-content\/uploads\/Ekran-Resmi-2025-09-06-17.19.00-1-1024x675.png 1024w, https:\/\/www.tgrthaber.com\/mavikadin\/wp-content\/uploads\/Ekran-Resmi-2025-09-06-17.19.00-1-300x198.png 300w, https:\/\/www.tgrthaber.com\/mavikadin\/wp-content\/uploads\/Ekran-Resmi-2025-09-06-17.19.00-1-768x506.png 768w, https:\/\/www.tgrthaber.com\/mavikadin\/wp-content\/uploads\/Ekran-Resmi-2025-09-06-17.19.00-1-1536x1012.png 1536w, https:\/\/www.tgrthaber.com\/mavikadin\/wp-content\/uploads\/Ekran-Resmi-2025-09-06-17.19.00-1.png 1842w\" sizes=\"(max-width: 1024px) 100vw, 1024px\" \/><\/p>\n<hr \/>\n<p class=\"p2\">MasterChef T\u00fcrkiye Ana kadroya giren 17. yar\u0131\u015fmac\u0131: Mert ( yedeklerden dahil oldu)<\/p>\n<p class=\"p2\">MasterChef T\u00fcrkiye Ana kadroya giren 18. yar\u0131\u015fmac\u0131: S\u00fcmeyye<\/p>\n<p class=\"p2\">MasterChef T\u00fcrkiye Ana kadroya giren 19. yar\u0131\u015fmac\u0131: Bar\u0131\u015f Kaya ( yedeklerden dahil oldu)<\/p>\n<p class=\"p2\">MasterChef T\u00fcrkiye Ana kadroya giren 20. yar\u0131\u015fmac\u0131 \u0130lhan<\/p>\n","protected":false},"excerpt":{"rendered":"<p>MasterChef T\u00fcrkiye&#8217;nin bu ak\u015famki b\u00f6l\u00fcm\u00fcne \u00c7a\u011fatay ve Sezer aras\u0131nda ya\u015fanan gerginlik damga vurdu. Bireysel dokunulmazl\u0131\u011f\u0131 kazanan Sezer&#8217;in \u00c7a\u011fatay&#8217;a kar\u015f\u0131 olan tutumuna sosyal medyadan tepki ya\u011fd\u0131. \u0130\u015fte detaylar&#8230; <\/p>\n","protected":false},"author":16,"featured_media":232052,"comment_status":"closed","ping_status":"closed","sticky":false,"template":"","format":"standard","meta":{"rank_math_lock_modified_date":false,"footnotes":""},"categories":[76],"tags":[133,2218,61658,61660,61659],"class_list":["post-232034","post","type-post","status-publish","format-standard","has-post-thumbnail","hentry","category-magazin","tag-magazin","tag-magazin-haberleri","tag-masterchef-sezer-cagatay-kavgasi","tag-masterchef-sezer-cagatay-sosyal-medya-tepki","tag-masterchef-sezer-sosyal-medya-tepki"],"_links":{"self":[{"href":"https:\/\/www.tgrthaber.com\/mavikadin\/wp-json\/wp\/v2\/posts\/232034"}],"collection":[{"href":"https:\/\/www.tgrthaber.com\/mavikadin\/wp-json\/wp\/v2\/posts"}],"about":[{"href":"https:\/\/www.tgrthaber.com\/mavikadin\/wp-json\/wp\/v2\/types\/post"}],"author":[{"embeddable":true,"href":"https:\/\/www.tgrthaber.com\/mavikadin\/wp-json\/wp\/v2\/users\/16"}],"replies":[{"embeddable":true,"href":"https:\/\/www.tgrthaber.com\/mavikadin\/wp-json\/wp\/v2\/comments?post=232034"}],"version-history":[{"count":3,"href":"https:\/\/www.tgrthaber.com\/mavikadin\/wp-json\/wp\/v2\/posts\/232034\/revisions"}],"predecessor-version":[{"id":232057,"href":"https:\/\/www.tgrthaber.com\/mavikadin\/wp-json\/wp\/v2\/posts\/232034\/revisions\/232057"}],"wp:featuredmedia":[{"embeddable":true,"href":"https:\/\/www.tgrthaber.com\/mavikadin\/wp-json\/wp\/v2\/media\/232052"}],"wp:attachment":[{"href":"https:\/\/www.tgrthaber.com\/mavikadin\/wp-json\/wp\/v2\/media?parent=232034"}],"wp:term":[{"taxonomy":"category","embeddable":true,"href":"https:\/\/www.tgrthaber.com\/mavikadin\/wp-json\/wp\/v2\/categories?post=232034"},{"taxonomy":"post_tag","embeddable":true,"href":"https:\/\/www.tgrthaber.com\/mavikadin\/wp-json\/wp\/v2\/tags?post=232034"}],"curies":[{"name":"wp","href":"https:\/\/api.w.org\/{rel}","templated":true}]}}