{"id":232035,"date":"2025-09-06T19:54:38","date_gmt":"2025-09-06T16:54:38","guid":{"rendered":"https:\/\/www.tgrthaber.com\/mavikadin\/?p=232035"},"modified":"2025-09-06T19:54:38","modified_gmt":"2025-09-06T16:54:38","slug":"can-borcu-dizisi-23-bolumunde-neler-olacak-emel-handana-hangi-konuda-santaj-yapacak","status":"publish","type":"post","link":"https:\/\/www.tgrthaber.com\/mavikadin\/can-borcu-dizisi-23-bolumunde-neler-olacak-emel-handana-hangi-konuda-santaj-yapacak\/","title":{"rendered":"Can Borcu dizisi 23. B\u00f6l\u00fcm\u00fcnde neler olacak? Emel Handan\u2019a hangi konuda \u015fantaj yapacak?"},"content":{"rendered":"<p>ATV ekranlar\u0131nda ilk sezonu ile damga vuran Can Borcu dizisi 2. Sezonu ile 6 Eyl\u00fcl 2025 ak\u015fam\u0131 ba\u015fl\u0131yor. Ba\u015frollerinde Mine Tugay, C\u00fcneyt Mete, Ebru \u00d6zkan Saban ve B\u00fclent \u0130nal\u2019\u0131n yer ald\u0131\u011f\u0131 Can Borcu dizisi yeni sezonda yeni b\u00f6l\u00fcm\u00fcyle bomba etkisi olu\u015fturacak. Can Borcu dizisinin 23. B\u00f6l\u00fcm\u00fcnde Mehmet Musluo\u011flu\u2019nun \u00f6lmedi\u011fini \u00f6\u011frenen Handan nas\u0131l bir yol izleyecek? Emel Handan\u2019\u0131 hangi konuda \u015fantaj yapacak? Do\u011fa Emel\u2019in o\u011flunu mu \u00f6ld\u00fcrecek?<\/p>\n<h3>CAN BORCU D\u0130Z\u0130S\u0130 23. B\u00d6L\u00dcM\u00dcNDE NELER OLACAK?<\/h3>\n<p>Handan, Mehmet Musluo\u011flu\u2019nun mezar\u0131n\u0131n ba\u015f\u0131nda a\u011flayarak ya\u015fad\u0131\u011f\u0131 zorlu s\u00fcreci onunla payla\u015facak. \u201c\u00d6lmemi\u015fsin gibi ya\u015f\u0131yorum\u201d s\u00f6zleriyle onu hala sevdi\u011fini ve unutmad\u0131\u011f\u0131n\u0131 dile getirecek. Sermine han\u0131m Mehmet\u2019in \u00f6l\u00fcm\u00fcnden Handan\u2019\u0131 sorumlu tutar ve \u00e7ocuklar\u0131n ondan hesap sormas\u0131 i\u00e7in onun \u00fczerine k\u0131\u015fk\u0131rtacak.<\/p>\n<p><img loading=\"lazy\" decoding=\"async\" class=\"alignnone wp-image-232037 size-full\" src=\"https:\/\/www.tgrthaber.com\/mavikadin\/wp-content\/uploads\/Adsiz-tasarim-9-77.jpg\" alt=\"\" width=\"1208\" height=\"680\" title=\"\" srcset=\"https:\/\/www.tgrthaber.com\/mavikadin\/wp-content\/uploads\/Adsiz-tasarim-9-77.jpg 1208w, https:\/\/www.tgrthaber.com\/mavikadin\/wp-content\/uploads\/Adsiz-tasarim-9-77-300x169.jpg 300w, https:\/\/www.tgrthaber.com\/mavikadin\/wp-content\/uploads\/Adsiz-tasarim-9-77-1024x576.jpg 1024w, https:\/\/www.tgrthaber.com\/mavikadin\/wp-content\/uploads\/Adsiz-tasarim-9-77-768x432.jpg 768w\" sizes=\"(max-width: 1208px) 100vw, 1208px\" \/><\/p>\n<hr \/>\n<p>Do\u011fa tekerlekli sandalyeye mahkum olacak ve abisinden babas\u0131n\u0131n katilini bulmas\u0131 i\u00e7in bir \u015feyler yapmas\u0131n\u0131 isteyecek. Handan ve Emel Karahan kar\u015f\u0131 kar\u015f\u0131ya gelecek ve Handan ailesini bu i\u015fe kar\u0131\u015ft\u0131rmadan her \u015feyi kendisinin \u00e7\u00f6zece\u011fine karar verecek.<\/p>\n<p><img loading=\"lazy\" decoding=\"async\" class=\"alignnone wp-image-232038 size-full\" src=\"https:\/\/www.tgrthaber.com\/mavikadin\/wp-content\/uploads\/Adsiz-tasarim-10-81.jpg\" alt=\"\" width=\"1208\" height=\"680\" title=\"\" srcset=\"https:\/\/www.tgrthaber.com\/mavikadin\/wp-content\/uploads\/Adsiz-tasarim-10-81.jpg 1208w, https:\/\/www.tgrthaber.com\/mavikadin\/wp-content\/uploads\/Adsiz-tasarim-10-81-300x169.jpg 300w, https:\/\/www.tgrthaber.com\/mavikadin\/wp-content\/uploads\/Adsiz-tasarim-10-81-1024x576.jpg 1024w, https:\/\/www.tgrthaber.com\/mavikadin\/wp-content\/uploads\/Adsiz-tasarim-10-81-768x432.jpg 768w\" sizes=\"(max-width: 1208px) 100vw, 1208px\" \/><\/p>\n<hr \/>\n<p>Mehmet\u2019in \u00f6l\u00fcm haberinin gelmesiyle Musulo\u011flu ailesinin i\u00e7i daha da karma\u015f\u0131k bir boyut alacak. Mehmet&#8217;in yasa d\u0131\u015f\u0131 i\u015flere bula\u015ft\u0131\u011f\u0131 iddias\u0131yla soru\u015fturma a\u00e7\u0131lacak. \u015eirket de dahil ailenin t\u00fcm varl\u0131\u011f\u0131 tehlike alt\u0131nda olacak.<\/p>\n<p><img loading=\"lazy\" decoding=\"async\" class=\"alignnone wp-image-232039 size-full\" src=\"https:\/\/www.tgrthaber.com\/mavikadin\/wp-content\/uploads\/Adsiz-tasarim-11-73.jpg\" alt=\"\" width=\"1208\" height=\"680\" title=\"\" srcset=\"https:\/\/www.tgrthaber.com\/mavikadin\/wp-content\/uploads\/Adsiz-tasarim-11-73.jpg 1208w, https:\/\/www.tgrthaber.com\/mavikadin\/wp-content\/uploads\/Adsiz-tasarim-11-73-300x169.jpg 300w, https:\/\/www.tgrthaber.com\/mavikadin\/wp-content\/uploads\/Adsiz-tasarim-11-73-1024x576.jpg 1024w, https:\/\/www.tgrthaber.com\/mavikadin\/wp-content\/uploads\/Adsiz-tasarim-11-73-768x432.jpg 768w\" sizes=\"(max-width: 1208px) 100vw, 1208px\" \/><\/p>\n<hr \/>\n<p>Mehmet asl\u0131nda \u00f6lmemi\u015ftir; kimsenin bilmedi\u011fi bir hastanede tedavi alt\u0131ndad\u0131r. Ger\u00e7eklerin a\u00e7\u0131\u011fa \u00e7\u0131kmas\u0131 i\u00e7in \u00f6ld\u00fc\u011f\u00fcne dair haberi her tarafa yay\u0131lacakt\u0131r. Mehmet Handan&#8217;\u0131 b\u00fct\u00fcn bu s\u0131k\u0131nt\u0131larla tek ba\u015f\u0131na b\u0131rakmaya da niyeti yoktur. Kimse bilmeden Handan\u2019\u0131n kar\u015f\u0131s\u0131na \u00e7\u0131kacak ve onu koruyacak.<\/p>\n<p><img loading=\"lazy\" decoding=\"async\" class=\"alignnone wp-image-232040 size-full\" src=\"https:\/\/www.tgrthaber.com\/mavikadin\/wp-content\/uploads\/Adsiz-tasarim-12-68.jpg\" alt=\"\" width=\"1208\" height=\"680\" title=\"\" srcset=\"https:\/\/www.tgrthaber.com\/mavikadin\/wp-content\/uploads\/Adsiz-tasarim-12-68.jpg 1208w, https:\/\/www.tgrthaber.com\/mavikadin\/wp-content\/uploads\/Adsiz-tasarim-12-68-300x169.jpg 300w, https:\/\/www.tgrthaber.com\/mavikadin\/wp-content\/uploads\/Adsiz-tasarim-12-68-1024x576.jpg 1024w, https:\/\/www.tgrthaber.com\/mavikadin\/wp-content\/uploads\/Adsiz-tasarim-12-68-768x432.jpg 768w\" sizes=\"(max-width: 1208px) 100vw, 1208px\" \/><\/p>\n<hr \/>\n<p>Mehmet\u2019in Emel\u2019in gizli plan\u0131n\u0131n ortaya \u00e7\u0131karmak i\u00e7in onun ala\u015fa\u011f\u0131 etmeye \u00e7al\u0131\u015facak. Emel o\u011flunu hapisten \u00e7\u0131karmak i\u00e7in Handan\u2019\u0131 yalanc\u0131 \u015fahitlik yapmas\u0131 i\u00e7in tehdit edecek. Defne ise Do\u011fa\u2019ya kar\u015f\u0131 Mehmet\u2019in onun ger\u00e7ek babas\u0131 olmad\u0131\u011f\u0131n\u0131 itiraf edecek.<\/p>\n<p><img loading=\"lazy\" decoding=\"async\" class=\"alignnone wp-image-232041 size-full\" src=\"https:\/\/www.tgrthaber.com\/mavikadin\/wp-content\/uploads\/Adsiz-tasarim-13-68.jpg\" alt=\"\" width=\"1208\" height=\"680\" title=\"\" srcset=\"https:\/\/www.tgrthaber.com\/mavikadin\/wp-content\/uploads\/Adsiz-tasarim-13-68.jpg 1208w, https:\/\/www.tgrthaber.com\/mavikadin\/wp-content\/uploads\/Adsiz-tasarim-13-68-300x169.jpg 300w, https:\/\/www.tgrthaber.com\/mavikadin\/wp-content\/uploads\/Adsiz-tasarim-13-68-1024x576.jpg 1024w, https:\/\/www.tgrthaber.com\/mavikadin\/wp-content\/uploads\/Adsiz-tasarim-13-68-768x432.jpg 768w\" sizes=\"(max-width: 1208px) 100vw, 1208px\" \/><\/p>\n<hr \/>\n<p>Emel\u2019in o\u011flu\u2019nu hapiste kim b\u0131\u00e7aklayacak? Mehmet\u2019in \u00f6lmedi\u011fini \u00f6\u011frenen Musluo\u011flu ailesi ne yapacak? Emel Musluo\u011flu ailesine hangi tuzaklar\u0131 kuracak?<\/p>\n","protected":false},"excerpt":{"rendered":"<p>Cumartesi ak\u015famlar\u0131n\u0131n sevilen yap\u0131m\u0131 Can Borcu 2. Sezonu ile ATV ekranlar\u0131nda ba\u015fl\u0131yor. Bu ak\u015fam yay\u0131nlanacak Can Borcu dizisi 23. B\u00f6l\u00fcm\u00fc ile seyirciyi ekran ba\u015f\u0131na kilitleyecek. Mehmet Musluo\u011flu\u2019nun \u00f6lmedi\u011fini \u00f6\u011frenen Handan nas\u0131l bir yol izleyecek? Emel Handan\u2019\u0131 hangi konuda \u015fantaj yapacak? Do\u011fa Emel\u2019in o\u011flunu mu \u00f6ld\u00fcrecek?<\/p>\n","protected":false},"author":10,"featured_media":232036,"comment_status":"closed","ping_status":"closed","sticky":false,"template":"","format":"standard","meta":{"rank_math_lock_modified_date":false,"footnotes":""},"categories":[602],"tags":[61656,61657,3897,32159,2628,10390],"class_list":["post-232035","post","type-post","status-publish","format-standard","has-post-thumbnail","hentry","category-diziler","tag-can-borcu-2-sezon-23-bolum","tag-can-borcu-23-bolum","tag-can-borcu-dizisi","tag-dizi","tag-dizi-haberleri","tag-dizi-magazin"],"_links":{"self":[{"href":"https:\/\/www.tgrthaber.com\/mavikadin\/wp-json\/wp\/v2\/posts\/232035"}],"collection":[{"href":"https:\/\/www.tgrthaber.com\/mavikadin\/wp-json\/wp\/v2\/posts"}],"about":[{"href":"https:\/\/www.tgrthaber.com\/mavikadin\/wp-json\/wp\/v2\/types\/post"}],"author":[{"embeddable":true,"href":"https:\/\/www.tgrthaber.com\/mavikadin\/wp-json\/wp\/v2\/users\/10"}],"replies":[{"embeddable":true,"href":"https:\/\/www.tgrthaber.com\/mavikadin\/wp-json\/wp\/v2\/comments?post=232035"}],"version-history":[{"count":2,"href":"https:\/\/www.tgrthaber.com\/mavikadin\/wp-json\/wp\/v2\/posts\/232035\/revisions"}],"predecessor-version":[{"id":232043,"href":"https:\/\/www.tgrthaber.com\/mavikadin\/wp-json\/wp\/v2\/posts\/232035\/revisions\/232043"}],"wp:featuredmedia":[{"embeddable":true,"href":"https:\/\/www.tgrthaber.com\/mavikadin\/wp-json\/wp\/v2\/media\/232036"}],"wp:attachment":[{"href":"https:\/\/www.tgrthaber.com\/mavikadin\/wp-json\/wp\/v2\/media?parent=232035"}],"wp:term":[{"taxonomy":"category","embeddable":true,"href":"https:\/\/www.tgrthaber.com\/mavikadin\/wp-json\/wp\/v2\/categories?post=232035"},{"taxonomy":"post_tag","embeddable":true,"href":"https:\/\/www.tgrthaber.com\/mavikadin\/wp-json\/wp\/v2\/tags?post=232035"}],"curies":[{"name":"wp","href":"https:\/\/api.w.org\/{rel}","templated":true}]}}