{"id":232054,"date":"2025-09-06T20:48:37","date_gmt":"2025-09-06T17:48:37","guid":{"rendered":"https:\/\/www.tgrthaber.com\/mavikadin\/?p=232054"},"modified":"2025-09-06T20:48:38","modified_gmt":"2025-09-06T17:48:38","slug":"ibrahim-celikolun-ayna-dizisindeki-partneri-burcu-biricik-oldu","status":"publish","type":"post","link":"https:\/\/www.tgrthaber.com\/mavikadin\/ibrahim-celikolun-ayna-dizisindeki-partneri-burcu-biricik-oldu\/","title":{"rendered":"\u0130brahim \u00c7elikol&#8217;un Ayna dizisindeki partneri Burcu Biricik oldu"},"content":{"rendered":"<p class=\"p1\">DisnesPlus\u2019un iddial\u0131 dizisi Ayna yeni sezon i\u00e7in iddial\u0131 oyuncu kadrosunu tamamlamaya devam ediyor. Serkan Y\u00f6r\u00fck\u2019\u00fcn kaleme ald\u0131\u011f\u0131 dizide ba\u015frol oyuncular\u0131 belli oldu. Dizide \u0130brahim \u00c7elikkol ve Burcu Biricik ba\u015frol oynayacak. \u0130\u015fte detaylar&#8230;<\/p>\n<h3>\u0130BRAH\u0130M \u00c7EL\u0130KKOL&#8217;UN AYNA D\u0130Z\u0130S\u0130NDEK\u0130 PARTNER\u0130 BURCU B\u0130R\u0130C\u0130K OLDU<\/h3>\n<p class=\"p1\">DisneyPlus\u2019un iddial\u0131 dizileri aras\u0131nda g\u00f6sterilen Ayna dizisinin haz\u0131rl\u0131klar\u0131 h\u0131zla devam ediyor. Serkan Y\u00f6r\u00fck\u2019\u00fcn kaleme ald\u0131\u011f\u0131 diziyi H\u00fclya Gezer y\u00f6netecek.<\/p>\n<p><img loading=\"lazy\" decoding=\"async\" class=\"alignnone wp-image-232065 \" src=\"https:\/\/www.tgrthaber.com\/mavikadin\/wp-content\/uploads\/Ekran-Resmi-2025-09-06-20.38.27.png\" alt=\"\" width=\"996\" height=\"592\" title=\"\" srcset=\"https:\/\/www.tgrthaber.com\/mavikadin\/wp-content\/uploads\/Ekran-Resmi-2025-09-06-20.38.27.png 966w, https:\/\/www.tgrthaber.com\/mavikadin\/wp-content\/uploads\/Ekran-Resmi-2025-09-06-20.38.27-300x178.png 300w, https:\/\/www.tgrthaber.com\/mavikadin\/wp-content\/uploads\/Ekran-Resmi-2025-09-06-20.38.27-768x456.png 768w\" sizes=\"(max-width: 996px) 100vw, 996px\" \/><\/p>\n<hr \/>\n<p class=\"p1\">Dizinin en \u00e7ok ba\u015frol oyuncular\u0131n\u0131n kim olaca\u011f\u0131 merak ediliyordu. Birsen Altunta\u015f\u2019\u0131n haberine g\u00f6re, \u0130brahim \u00c7elikkol ve Burcu Biricik &#8216;Ayna&#8217; dizisinde partner oldu. \u0130ki ba\u015far\u0131l\u0131 oyuncunun iddial\u0131 dizide bulu\u015facak olmas\u0131 diziye olan beklentiyi daha \u00e7ok artt\u0131rd\u0131.<\/p>\n<p><img loading=\"lazy\" decoding=\"async\" class=\"alignnone wp-image-232068 \" src=\"https:\/\/www.tgrthaber.com\/mavikadin\/wp-content\/uploads\/Ekran-Resmi-2025-09-06-20.38.46.png\" alt=\"\" width=\"990\" height=\"634\" title=\"\" srcset=\"https:\/\/www.tgrthaber.com\/mavikadin\/wp-content\/uploads\/Ekran-Resmi-2025-09-06-20.38.46.png 974w, https:\/\/www.tgrthaber.com\/mavikadin\/wp-content\/uploads\/Ekran-Resmi-2025-09-06-20.38.46-300x192.png 300w, https:\/\/www.tgrthaber.com\/mavikadin\/wp-content\/uploads\/Ekran-Resmi-2025-09-06-20.38.46-768x492.png 768w\" sizes=\"(max-width: 990px) 100vw, 990px\" \/><\/p>\n<hr \/>\n<h3 class=\"p1\">AYNA D\u0130Z\u0130S\u0130N\u0130N KONUSU NE?<\/h3>\n<p class=\"p1\">Ayna dizisi ekim ay\u0131n\u0131n ilk haftas\u0131 sete \u00e7\u0131kmaya haz\u0131rlan\u0131yor.<span class=\"Apple-converted-space\">\u00a0 <\/span>\u0130brahim \u00c7elikkol \u201cAvukat Sarp\u201da,\u00a0Burcu Biricik ise Sarp\u2019\u0131n e\u015fi Serra\u2019y\u0131 oynayacak. 2 \u00e7ocuklar\u0131 olan \u00e7iftten Serra\u2019n\u0131n hayat\u0131nda ya\u015fanan \u015fok geli\u015fme ikilinin evlilikleri i\u00e7in yepyeni bir d\u00f6nemi ba\u015flatacak. Dizinin ilk sezonu 8 b\u00f6l\u00fcm olarak planlanacak. Dizi \u0130stanbul ve civar\u0131nda \u00e7ekilecek.<\/p>\n<p><img loading=\"lazy\" decoding=\"async\" class=\"alignnone wp-image-232069 size-large\" src=\"https:\/\/www.tgrthaber.com\/mavikadin\/wp-content\/uploads\/Ekran-Resmi-2025-09-06-20.38.33-1024x566.png\" alt=\"\" width=\"1024\" height=\"566\" title=\"\" srcset=\"https:\/\/www.tgrthaber.com\/mavikadin\/wp-content\/uploads\/Ekran-Resmi-2025-09-06-20.38.33-1024x566.png 1024w, https:\/\/www.tgrthaber.com\/mavikadin\/wp-content\/uploads\/Ekran-Resmi-2025-09-06-20.38.33-300x166.png 300w, https:\/\/www.tgrthaber.com\/mavikadin\/wp-content\/uploads\/Ekran-Resmi-2025-09-06-20.38.33-768x425.png 768w, https:\/\/www.tgrthaber.com\/mavikadin\/wp-content\/uploads\/Ekran-Resmi-2025-09-06-20.38.33.png 1038w\" sizes=\"(max-width: 1024px) 100vw, 1024px\" \/><\/p>\n<hr \/>\n<h3>BURCU B\u0130R\u0130C\u0130K K\u0130MD\u0130R?<\/h3>\n<p class=\"p1\">Burcu Biricik 1989 y\u0131l\u0131nda d\u00fcnyaya gelmi\u015ftir. 2006 y\u0131l\u0131nda Antalya\u2019da d\u00fczenlenen Miss Mediterranean g\u00fczellik yar\u0131\u015fmas\u0131nda Akdeniz krali\u00e7esi se\u00e7ilen isim oyunculu\u011fa daha lise y\u0131llar\u0131nda merak salm\u0131\u015ft\u0131r. Ege \u00dcniversitesi Arkeoloji b\u00f6l\u00fcm\u00fcnde lisans e\u011fitimini tamamlayan \u00fcnl\u00fc oyuncu lisans e\u011fitimini tamamlarken bir yandan da oyuncu olmaya karar vermi\u015f ve oyunculuk e\u011fitimleri almaya ba\u015flam\u0131\u015ft\u0131r.<\/p>\n<p><img loading=\"lazy\" decoding=\"async\" class=\"alignnone wp-image-232070 \" src=\"https:\/\/www.tgrthaber.com\/mavikadin\/wp-content\/uploads\/Ekran-Resmi-2025-09-06-20.41.06.png\" alt=\"\" width=\"1000\" height=\"599\" title=\"\" srcset=\"https:\/\/www.tgrthaber.com\/mavikadin\/wp-content\/uploads\/Ekran-Resmi-2025-09-06-20.41.06.png 968w, https:\/\/www.tgrthaber.com\/mavikadin\/wp-content\/uploads\/Ekran-Resmi-2025-09-06-20.41.06-300x180.png 300w, https:\/\/www.tgrthaber.com\/mavikadin\/wp-content\/uploads\/Ekran-Resmi-2025-09-06-20.41.06-768x460.png 768w\" sizes=\"(max-width: 1000px) 100vw, 1000px\" \/><\/p>\n<hr \/>\n<p class=\"p1\">Burcu Biricik oyunculuk kariyerine Bornova Belediyesi \u015eehir Tiyatrosunda stajyer kadroda yer alarak ba\u015flam\u0131\u015ft\u0131r. 2007 y\u0131l\u0131nda Ma\u00e7olar dizisinde ilk kez yan rolle televizyon ekranlar\u0131nda yer alm\u0131\u015ft\u0131r. Ard\u0131ndan g\u00f6sterdi\u011fi ba\u015far\u0131l\u0131 oyunculuk sonras\u0131 televizyon ekranlar\u0131n\u0131n aranan ismi haline gelmi\u015ftir.<\/p>\n<p><img loading=\"lazy\" decoding=\"async\" class=\"alignnone wp-image-232071 \" src=\"https:\/\/www.tgrthaber.com\/mavikadin\/wp-content\/uploads\/Ekran-Resmi-2025-09-06-20.38.53.png\" alt=\"\" width=\"1004\" height=\"566\" title=\"\" srcset=\"https:\/\/www.tgrthaber.com\/mavikadin\/wp-content\/uploads\/Ekran-Resmi-2025-09-06-20.38.53.png 1004w, https:\/\/www.tgrthaber.com\/mavikadin\/wp-content\/uploads\/Ekran-Resmi-2025-09-06-20.38.53-300x169.png 300w, https:\/\/www.tgrthaber.com\/mavikadin\/wp-content\/uploads\/Ekran-Resmi-2025-09-06-20.38.53-768x433.png 768w\" sizes=\"(max-width: 1004px) 100vw, 1004px\" \/><\/p>\n<hr \/>\n<h3>\u0130BRAH\u0130M \u00c7EL\u0130KKOL K\u0130MD\u0130R?<\/h3>\n<p class=\"p1\">\u0130brahim \u00c7elikkol 14 \u015eubat 1982 y\u0131l\u0131nda d\u00fcnyaya gelmi\u015ftir. Annesi Selanik g\u00f6\u00e7meni olan babas\u0131 ise Arap k\u00f6kenli olan \u0130brahim \u00c7elikkol oyunculuk \u00f6ncesinde profesyonel olarak modellik yapm\u0131\u015f bir isimdir. Basketbollada ilgilenen oyuncu ligde oynam\u0131\u015f ve gen\u00e7 milli olmu\u015ftur. Basketi b\u0131rakt\u0131ktan sonra oyunculuk konusunda e\u011fitim alan ismin hayat\u0131n\u0131n d\u00f6n\u00fcm noktas\u0131 Osman S\u0131nav\u2019la tan\u0131\u015ft\u0131\u011f\u0131 g\u00fcn olmu\u015ftur.<\/p>\n<p><img loading=\"lazy\" decoding=\"async\" class=\"alignnone wp-image-232072 \" src=\"https:\/\/www.tgrthaber.com\/mavikadin\/wp-content\/uploads\/Ekran-Resmi-2025-09-06-20.43.37.png\" alt=\"\" width=\"1010\" height=\"600\" title=\"\" srcset=\"https:\/\/www.tgrthaber.com\/mavikadin\/wp-content\/uploads\/Ekran-Resmi-2025-09-06-20.43.37.png 976w, https:\/\/www.tgrthaber.com\/mavikadin\/wp-content\/uploads\/Ekran-Resmi-2025-09-06-20.43.37-300x178.png 300w, https:\/\/www.tgrthaber.com\/mavikadin\/wp-content\/uploads\/Ekran-Resmi-2025-09-06-20.43.37-768x456.png 768w\" sizes=\"(max-width: 1010px) 100vw, 1010px\" \/><\/p>\n<hr \/>\n<p class=\"p1\">Osman S\u0131nav&#8217;\u0131n \u00e7ekti\u011fi Pars: Narkoter\u00f6r filminde &#8216;ba\u015fkomiser \u015eamil Baturay&#8217; rol\u00fc ile oyunculu\u011fa ba\u015flayan isim, bu rol sonras\u0131 ekranlar\u0131n\u0131n aranan ismi olmu\u015ftur.<\/p>\n","protected":false},"excerpt":{"rendered":"<p>DisnesPlus&#8217;un iddial\u0131 dizileri aras\u0131nda yer alan &#8216;Ayna&#8217; dizisinin haz\u0131rl\u0131klar\u0131 devam ediyor. Dizinin ba\u015frol oyuncular\u0131 belli oldu. Dizide Sarp karakterini \u0130brahim \u00c7elikkol, Serra karakterini ise Burcu Biricik oynayacak. <\/p>\n","protected":false},"author":16,"featured_media":232073,"comment_status":"closed","ping_status":"closed","sticky":false,"template":"","format":"standard","meta":{"rank_math_lock_modified_date":false,"footnotes":""},"categories":[602],"tags":[61663,61664,32159,2628,61665],"class_list":["post-232054","post","type-post","status-publish","format-standard","has-post-thumbnail","hentry","category-diziler","tag-ayna-dizisi-ibrahim-celikkol-burcu-biricik","tag-ayna-dizisi-ibrahim-celikkol-burcu-biriik-partner","tag-dizi","tag-dizi-haberleri","tag-ibrahim-celikkol-burcu-biricik-ayna-dizisi-basrol"],"_links":{"self":[{"href":"https:\/\/www.tgrthaber.com\/mavikadin\/wp-json\/wp\/v2\/posts\/232054"}],"collection":[{"href":"https:\/\/www.tgrthaber.com\/mavikadin\/wp-json\/wp\/v2\/posts"}],"about":[{"href":"https:\/\/www.tgrthaber.com\/mavikadin\/wp-json\/wp\/v2\/types\/post"}],"author":[{"embeddable":true,"href":"https:\/\/www.tgrthaber.com\/mavikadin\/wp-json\/wp\/v2\/users\/16"}],"replies":[{"embeddable":true,"href":"https:\/\/www.tgrthaber.com\/mavikadin\/wp-json\/wp\/v2\/comments?post=232054"}],"version-history":[{"count":1,"href":"https:\/\/www.tgrthaber.com\/mavikadin\/wp-json\/wp\/v2\/posts\/232054\/revisions"}],"predecessor-version":[{"id":232074,"href":"https:\/\/www.tgrthaber.com\/mavikadin\/wp-json\/wp\/v2\/posts\/232054\/revisions\/232074"}],"wp:featuredmedia":[{"embeddable":true,"href":"https:\/\/www.tgrthaber.com\/mavikadin\/wp-json\/wp\/v2\/media\/232073"}],"wp:attachment":[{"href":"https:\/\/www.tgrthaber.com\/mavikadin\/wp-json\/wp\/v2\/media?parent=232054"}],"wp:term":[{"taxonomy":"category","embeddable":true,"href":"https:\/\/www.tgrthaber.com\/mavikadin\/wp-json\/wp\/v2\/categories?post=232054"},{"taxonomy":"post_tag","embeddable":true,"href":"https:\/\/www.tgrthaber.com\/mavikadin\/wp-json\/wp\/v2\/tags?post=232054"}],"curies":[{"name":"wp","href":"https:\/\/api.w.org\/{rel}","templated":true}]}}