{"id":232058,"date":"2025-09-06T20:39:44","date_gmt":"2025-09-06T17:39:44","guid":{"rendered":"https:\/\/www.tgrthaber.com\/mavikadin\/?p=232058"},"modified":"2025-09-06T20:39:44","modified_gmt":"2025-09-06T17:39:44","slug":"gozleri-karadeniz-dizisinin-2-bolum-2-fragmani-yayinlandi-azil-ve-gunes-arasindaki-bag-kopuyor-mu","status":"publish","type":"post","link":"https:\/\/www.tgrthaber.com\/mavikadin\/gozleri-karadeniz-dizisinin-2-bolum-2-fragmani-yayinlandi-azil-ve-gunes-arasindaki-bag-kopuyor-mu\/","title":{"rendered":"G\u00f6zleri Karadeniz dizisinin 2. B\u00f6l\u00fcm 2. Fragman\u0131 yay\u0131nland\u0131! Azil ve G\u00fcne\u015f aras\u0131ndaki ba\u011f kopuyor mu?"},"content":{"rendered":"<p>Ba\u015frollerinde Halit \u00d6zg\u00fcr Sar\u0131 ve \u00d6zge Ya\u011f\u0131z\u2019\u0131n oynad\u0131\u011f\u0131 G\u00f6zleri Karadeniz dizisi 1. B\u00f6l\u00fcm\u00fc ile izlenme rekorlar\u0131 k\u0131rd\u0131. Hikayesi ve oyuncu kadrosuyla be\u011feni toplayan G\u00f6zleri Karadeniz dizisi 2. B\u00f6l\u00fcm 2. Fragman ne zaman yay\u0131nlanacak diye merak ediliyor. Dizinin 2. B\u00f6l\u00fcm\u00fcne dair detaylar gelmeye ba\u015flad\u0131. Peki, G\u00f6zler Karadeniz dizisi 2. B\u00f6l\u00fcm\u00fcnde neler olacak? Azil ve G\u00fcne\u015f aras\u0131ndaki ba\u011f kopacak m\u0131? Mehmet Ma\u00e7ari Azil Y\u0131lmaz\u2019dan intikam\u0131n\u0131 nas\u0131l alacak?<\/p>\n<h3>G\u00d6ZLER\u0130 KARADEN\u0130Z 2. B\u00d6L\u00dcM 2. FRAGMANI<\/h3>\n<p>Azil Y\u0131lmaz\u2019\u0131n ge\u00e7mi\u015fine dair her \u015feyi \u00f6\u011frenmesi \u00fczerine \u0130stanbul\u2019a Osman Ma\u00e7ari\u2019nin evine gider. Azil, Osman\u2019n\u0131n evinde bekledi\u011fi bir s\u00fcrprizle kar\u015f\u0131la\u015facak. G\u00fcne\u015f Ayd\u0131nay\u2019\u0131 Ma\u00e7arilerin evinde g\u00f6ren Azil neye u\u011frad\u0131\u011f\u0131n\u0131 \u015fa\u015f\u0131racak.<\/p>\n<p><img loading=\"lazy\" decoding=\"async\" class=\"alignnone wp-image-232060 size-full\" src=\"https:\/\/www.tgrthaber.com\/mavikadin\/wp-content\/uploads\/Adsiz-tasarim-15-57.jpg\" alt=\"\" width=\"1208\" height=\"680\" title=\"\" srcset=\"https:\/\/www.tgrthaber.com\/mavikadin\/wp-content\/uploads\/Adsiz-tasarim-15-57.jpg 1208w, https:\/\/www.tgrthaber.com\/mavikadin\/wp-content\/uploads\/Adsiz-tasarim-15-57-300x169.jpg 300w, https:\/\/www.tgrthaber.com\/mavikadin\/wp-content\/uploads\/Adsiz-tasarim-15-57-1024x576.jpg 1024w, https:\/\/www.tgrthaber.com\/mavikadin\/wp-content\/uploads\/Adsiz-tasarim-15-57-768x432.jpg 768w\" sizes=\"(max-width: 1208px) 100vw, 1208px\" \/><\/p>\n<hr \/>\n<p>Mehmet Ma\u00e7ari G\u00fcne\u015f Ayd\u0131nay\u2019\u0131 ni\u015fanl\u0131s\u0131 olarak tan\u0131tacak. Azil duyduklar\u0131 kar\u015f\u0131s\u0131nda \u015fok ge\u00e7irirken onu tan\u0131m\u0131yormu\u015f gibi davranacak. G\u00fcne\u015f t\u00fcm ya\u015fan\u0131lanlara ra\u011fmen Azil ile ge\u00e7irdi\u011fi iki g\u00fcn\u00fc unutmad\u0131\u011f\u0131n\u0131 dile getirecek. Azil Y\u0131lmaz ise G\u00fcne\u015f\u2019le ge\u00e7irdi\u011fi o iki g\u00fcn\u00fcn en k\u00f6t\u00fc g\u00fcn oldu\u011funu s\u00f6yleyerek, G\u00fcne\u015f\u2019in kalbinde b\u00fcy\u00fck bir yara a\u00e7acak.<\/p>\n<p><img loading=\"lazy\" decoding=\"async\" class=\"alignnone wp-image-232061 size-full\" src=\"https:\/\/www.tgrthaber.com\/mavikadin\/wp-content\/uploads\/Adsiz-tasarim-19-67.jpg\" alt=\"\" width=\"1208\" height=\"680\" title=\"\" srcset=\"https:\/\/www.tgrthaber.com\/mavikadin\/wp-content\/uploads\/Adsiz-tasarim-19-67.jpg 1208w, https:\/\/www.tgrthaber.com\/mavikadin\/wp-content\/uploads\/Adsiz-tasarim-19-67-300x169.jpg 300w, https:\/\/www.tgrthaber.com\/mavikadin\/wp-content\/uploads\/Adsiz-tasarim-19-67-1024x576.jpg 1024w, https:\/\/www.tgrthaber.com\/mavikadin\/wp-content\/uploads\/Adsiz-tasarim-19-67-768x432.jpg 768w\" sizes=\"(max-width: 1208px) 100vw, 1208px\" \/><\/p>\n<hr \/>\n<p>Mehmet Ma\u00e7ari ise Azil ile G\u00fcne\u015f aras\u0131ndaki yak\u0131nla\u015fmadan ho\u015fnut kalmayacak, babas\u0131 Osman Ma\u00e7ari\u2019nin ilk o\u011flu oldu\u011funu bilmesi i\u015fleri daha da k\u00f6t\u00fcye sokacak.<\/p>\n<p><img loading=\"lazy\" decoding=\"async\" class=\"alignnone wp-image-232062 size-full\" src=\"https:\/\/www.tgrthaber.com\/mavikadin\/wp-content\/uploads\/Adsiz-tasarim-17-62.jpg\" alt=\"\" width=\"1208\" height=\"680\" title=\"\" srcset=\"https:\/\/www.tgrthaber.com\/mavikadin\/wp-content\/uploads\/Adsiz-tasarim-17-62.jpg 1208w, https:\/\/www.tgrthaber.com\/mavikadin\/wp-content\/uploads\/Adsiz-tasarim-17-62-300x169.jpg 300w, https:\/\/www.tgrthaber.com\/mavikadin\/wp-content\/uploads\/Adsiz-tasarim-17-62-1024x576.jpg 1024w, https:\/\/www.tgrthaber.com\/mavikadin\/wp-content\/uploads\/Adsiz-tasarim-17-62-768x432.jpg 768w\" sizes=\"(max-width: 1208px) 100vw, 1208px\" \/><\/p>\n<hr \/>\n<p>Asiye Ma\u00e7ari ise \u0130stanbul\u2019a o\u011flu Osman Ma\u00e7ari\u2019nin yan\u0131na gidecek. Nermin Ma\u00e7ari Asiye\u2019nin gelmesiyle daha da gergin dakikalar ya\u015fayacak.<\/p>\n<p><img loading=\"lazy\" decoding=\"async\" class=\"alignnone wp-image-232063 size-full\" src=\"https:\/\/www.tgrthaber.com\/mavikadin\/wp-content\/uploads\/Adsiz-tasarim-18-73.jpg\" alt=\"\" width=\"1208\" height=\"680\" title=\"\" srcset=\"https:\/\/www.tgrthaber.com\/mavikadin\/wp-content\/uploads\/Adsiz-tasarim-18-73.jpg 1208w, https:\/\/www.tgrthaber.com\/mavikadin\/wp-content\/uploads\/Adsiz-tasarim-18-73-300x169.jpg 300w, https:\/\/www.tgrthaber.com\/mavikadin\/wp-content\/uploads\/Adsiz-tasarim-18-73-1024x576.jpg 1024w, https:\/\/www.tgrthaber.com\/mavikadin\/wp-content\/uploads\/Adsiz-tasarim-18-73-768x432.jpg 768w\" sizes=\"(max-width: 1208px) 100vw, 1208px\" \/><\/p>\n<hr \/>\n<p>Havva K\u0131rkayvaz ve Sado Osman\u2019\u0131n Mercan\u2019dan olan o\u011flu Azil Y\u0131lmaz\u2019\u0131n ya\u015fad\u0131\u011f\u0131n\u0131 \u00f6\u011frenecek. Azil\u2019in Ma\u00e7ari ailesinin yan\u0131 s\u0131ra Havva ve Sado ile de b\u00fcy\u00fck sorunlar ya\u015fayacak.<\/p>\n<p><strong>\u0130\u015fte G\u00f6zleri Karadeniz dizisinin 2. b\u00f6l\u00fcm 2. fragman\u0131:<\/strong><\/p>\n<div style=\"width: 640px;\" class=\"wp-video\"><!--[if lt IE 9]><script>document.createElement('video');<\/script><![endif]-->\n<video class=\"wp-video-shortcode\" id=\"video-232058-1\" width=\"640\" height=\"360\" preload=\"metadata\" controls=\"controls\"><source type=\"video\/mp4\" src=\"https:\/\/www.tgrthaber.com\/mavikadin\/wp-content\/uploads\/ssstwitter.com_1757179783628.mp4?_=1\" \/><a href=\"https:\/\/www.tgrthaber.com\/mavikadin\/wp-content\/uploads\/ssstwitter.com_1757179783628.mp4\">https:\/\/www.tgrthaber.com\/mavikadin\/wp-content\/uploads\/ssstwitter.com_1757179783628.mp4<\/a><\/video><\/div>\n<hr \/>\n<h3>G\u00d6ZLER\u0130 KARADEN\u0130Z 2. B\u00d6L\u00dcM\u00dc NE ZAMAN YAYINLANACAK?<\/h3>\n<p>ATV ekranlar\u0131n\u0131n yeni dizisi <a href=\"https:\/\/www.tgrthaber.com\/mavikadin\/gozleri-karadeniz-dizisinin-2-bolum-fragmani-yayinlandi-mi-gozleri-karadeniz-dizisini-ilk-bolumunde-neler-oldu\/\">G\u00f6zleri Karadeniz dizisi 2. B\u00f6l\u00fcm\u00fc<\/a> ile ekranlara gelmeye haz\u0131rlan\u0131yor. 9 Eyl\u00fcl 2025 Sal\u0131 g\u00fcn\u00fc saat 20:00\u2019da G\u00f6zleri Karadeniz dizisi seyircisi ile bulu\u015facak. Heyecanla beklenen yeni b\u00f6l\u00fcm izleyenleri daha da merakland\u0131racak.<\/p>\n","protected":false},"excerpt":{"rendered":"<p>ATV ekranlar\u0131nda yay\u0131nlanan G\u00f6zleri Karadeniz dizisi ilk b\u00f6l\u00fcm\u00fc ile izleyenleri ekran ba\u015f\u0131na kilitlemeyi ba\u015fard\u0131. Ba\u015frollerinde yer alan Halit \u00d6zg\u00fcr Sar\u0131 ve \u00d6zge Ya\u011f\u0131z\u2019\u0131n uyumu izleyici taraf\u0131ndan \u00e7ok be\u011fenildi. G\u00f6zleri Karadeniz dizisinin 2. B\u00f6l\u00fcm\u00fc heyecanla beklenirken yeni b\u00f6l\u00fcme dair detaylar ortaya \u00e7\u0131kmaya ba\u015flad\u0131. <\/p>\n","protected":false},"author":10,"featured_media":232064,"comment_status":"closed","ping_status":"closed","sticky":false,"template":"","format":"standard","meta":{"rank_math_lock_modified_date":false,"footnotes":""},"categories":[602],"tags":[32159,2628,10390,61661,25422,61662],"class_list":["post-232058","post","type-post","status-publish","format-standard","has-post-thumbnail","hentry","category-diziler","tag-dizi","tag-dizi-haberleri","tag-dizi-magazin","tag-gozleri-karadeniz-2-bolum-2-fragman","tag-gozleri-karadeniz-dizisi","tag-gozleri-karadeniz-dizisi-2-bolum"],"_links":{"self":[{"href":"https:\/\/www.tgrthaber.com\/mavikadin\/wp-json\/wp\/v2\/posts\/232058"}],"collection":[{"href":"https:\/\/www.tgrthaber.com\/mavikadin\/wp-json\/wp\/v2\/posts"}],"about":[{"href":"https:\/\/www.tgrthaber.com\/mavikadin\/wp-json\/wp\/v2\/types\/post"}],"author":[{"embeddable":true,"href":"https:\/\/www.tgrthaber.com\/mavikadin\/wp-json\/wp\/v2\/users\/10"}],"replies":[{"embeddable":true,"href":"https:\/\/www.tgrthaber.com\/mavikadin\/wp-json\/wp\/v2\/comments?post=232058"}],"version-history":[{"count":2,"href":"https:\/\/www.tgrthaber.com\/mavikadin\/wp-json\/wp\/v2\/posts\/232058\/revisions"}],"predecessor-version":[{"id":232067,"href":"https:\/\/www.tgrthaber.com\/mavikadin\/wp-json\/wp\/v2\/posts\/232058\/revisions\/232067"}],"wp:featuredmedia":[{"embeddable":true,"href":"https:\/\/www.tgrthaber.com\/mavikadin\/wp-json\/wp\/v2\/media\/232064"}],"wp:attachment":[{"href":"https:\/\/www.tgrthaber.com\/mavikadin\/wp-json\/wp\/v2\/media?parent=232058"}],"wp:term":[{"taxonomy":"category","embeddable":true,"href":"https:\/\/www.tgrthaber.com\/mavikadin\/wp-json\/wp\/v2\/categories?post=232058"},{"taxonomy":"post_tag","embeddable":true,"href":"https:\/\/www.tgrthaber.com\/mavikadin\/wp-json\/wp\/v2\/tags?post=232058"}],"curies":[{"name":"wp","href":"https:\/\/api.w.org\/{rel}","templated":true}]}}