{"id":232093,"date":"2025-09-06T22:34:08","date_gmt":"2025-09-06T19:34:08","guid":{"rendered":"https:\/\/www.tgrthaber.com\/mavikadin\/?p=232093"},"modified":"2025-09-06T22:34:09","modified_gmt":"2025-09-06T19:34:09","slug":"gulcin-ergul-aci-gunu-yegeni-nymphenin-olum-haberini-sosyal-medyasindan-duyurdu","status":"publish","type":"post","link":"https:\/\/www.tgrthaber.com\/mavikadin\/gulcin-ergul-aci-gunu-yegeni-nymphenin-olum-haberini-sosyal-medyasindan-duyurdu\/","title":{"rendered":"G\u00fcl\u00e7in Erg\u00fcl ac\u0131 g\u00fcn\u00fc! Ye\u011feni Nymphe\u2019nin \u00f6l\u00fcm haberini sosyal medyas\u0131ndan duyurdu!"},"content":{"rendered":"<p>Pop m\u00fczi\u011finin sevilen sanat\u00e7\u0131s\u0131 G\u00fcl\u00e7in Erg\u00fcl, sosyal medyada yapt\u0131\u011f\u0131 payla\u015f\u0131mla ye\u011feni Nymphe\u2019nin ya\u015fam\u0131n\u0131 yitirdi\u011fini duyurdu. Erg\u00fcl&#8217;\u00fcn payla\u015f\u0131m\u0131 sosyal medyada b\u00fcy\u00fck \u00fcz\u00fcnt\u00fcyle kar\u015f\u0131land\u0131. Nymphe\u2019nin vefat\u0131yla ilgili kesin \u00f6l\u00fcm nedeni bilinmezken, Erg\u00fcl\u2019\u00fcn duygu y\u00fckl\u00fc mesaj\u0131 dikkat \u00e7ekti.<\/p>\n<h3>G\u00dcL\u00c7\u0130N ERG\u00dcL YE\u011eEN\u0130N\u0130 KAYBETT\u0130<\/h3>\n<p>\u00dcnl\u00fc sanat\u00e7\u0131 G\u00fcl\u00e7in Erg\u00fcl k\u00fc\u00e7\u00fck ye\u011feni Nymphe ile ge\u00e7irdi\u011fi vakitleri e\u011flenceli anlar\u0131 sosyal medyas\u0131ndan payla\u015fmay\u0131 severdi. Onunla ge\u00e7irdi\u011fi her an\u0131 foto\u011fraflayan Erg\u00fcl, bu kez instagram hesab\u0131ndan ac\u0131l\u0131 bir haber duyurdu.<\/p>\n<p><img loading=\"lazy\" decoding=\"async\" class=\"alignnone wp-image-232094 size-full\" src=\"https:\/\/www.tgrthaber.com\/mavikadin\/wp-content\/uploads\/Adsiz-tasarim-3-96.jpg\" alt=\"\" width=\"1208\" height=\"680\" title=\"\" srcset=\"https:\/\/www.tgrthaber.com\/mavikadin\/wp-content\/uploads\/Adsiz-tasarim-3-96.jpg 1208w, https:\/\/www.tgrthaber.com\/mavikadin\/wp-content\/uploads\/Adsiz-tasarim-3-96-300x169.jpg 300w, https:\/\/www.tgrthaber.com\/mavikadin\/wp-content\/uploads\/Adsiz-tasarim-3-96-1024x576.jpg 1024w, https:\/\/www.tgrthaber.com\/mavikadin\/wp-content\/uploads\/Adsiz-tasarim-3-96-768x432.jpg 768w\" sizes=\"(max-width: 1208px) 100vw, 1208px\" \/><\/p>\n<hr \/>\n<p>G\u00fcl\u00e7in Erg\u00fcl\u2019\u00fcn ye\u011feni Nymphe\u2019nin ya\u015fama veda etti\u011fini takip\u00e7ileriyle payla\u015ft\u0131. \u00dcnl\u00fc sanat\u00e7\u0131n\u0131n ye\u011feni hakk\u0131nda s\u00f6yledi\u011fi s\u00f6zler ise y\u00fcrekleri burktu.<\/p>\n<p><img loading=\"lazy\" decoding=\"async\" class=\"alignnone wp-image-232095 size-full\" src=\"https:\/\/www.tgrthaber.com\/mavikadin\/wp-content\/uploads\/Adsiz-tasarim-2-90.jpg\" alt=\"\" width=\"1208\" height=\"680\" title=\"\" srcset=\"https:\/\/www.tgrthaber.com\/mavikadin\/wp-content\/uploads\/Adsiz-tasarim-2-90.jpg 1208w, https:\/\/www.tgrthaber.com\/mavikadin\/wp-content\/uploads\/Adsiz-tasarim-2-90-300x169.jpg 300w, https:\/\/www.tgrthaber.com\/mavikadin\/wp-content\/uploads\/Adsiz-tasarim-2-90-1024x576.jpg 1024w, https:\/\/www.tgrthaber.com\/mavikadin\/wp-content\/uploads\/Adsiz-tasarim-2-90-768x432.jpg 768w\" sizes=\"(max-width: 1208px) 100vw, 1208px\" \/><\/p>\n<hr \/>\n<h3>G\u00dcL\u00c7\u0130N ERG\u00dcL\u2019DEN VEFAT EDEN YE\u011eEN\u0130 NYMPHE\u2019YE VEDASI<\/h3>\n<p>G\u00fcl\u00e7in Erg\u00fcl sosyal medya hesab\u0131ndan ye\u011fenini kaybetmenin verdi\u011fi h\u00fczn\u00fc \u015fu s\u00f6zlerle dile getirdi.<\/p>\n<p><img loading=\"lazy\" decoding=\"async\" class=\"alignnone wp-image-232097 size-full\" src=\"https:\/\/www.tgrthaber.com\/mavikadin\/wp-content\/uploads\/Adsiz-tasarim-228.jpg\" alt=\"\" width=\"1208\" height=\"680\" title=\"\" srcset=\"https:\/\/www.tgrthaber.com\/mavikadin\/wp-content\/uploads\/Adsiz-tasarim-228.jpg 1208w, https:\/\/www.tgrthaber.com\/mavikadin\/wp-content\/uploads\/Adsiz-tasarim-228-300x169.jpg 300w, https:\/\/www.tgrthaber.com\/mavikadin\/wp-content\/uploads\/Adsiz-tasarim-228-1024x576.jpg 1024w, https:\/\/www.tgrthaber.com\/mavikadin\/wp-content\/uploads\/Adsiz-tasarim-228-768x432.jpg 768w\" sizes=\"(max-width: 1208px) 100vw, 1208px\" \/><\/p>\n<hr \/>\n<p>\u201c Benim p\u0131r\u0131l p\u0131r\u0131l, her boyutta ve t\u00fcm yetenekleriyle; g\u00fczel hassas kalbiyle, g\u00fcl\u00fcmseyen melek y\u00fcz\u00fcyle, empatik ki\u015fili\u011fiyle, bilge ruhuyla ve o ruhu d\u0131\u015fa yans\u0131tan g\u00fczellikte g\u00f6zleriyle parlayan \u0131\u015f\u0131kl\u0131 Nymphe\u2019ci\u011fim. Teyzen seni hi\u00e7 bir mesafe tan\u0131mayacak kadar \u00f6zel ve kuvvetli bir ba\u011f ile her zaman sevmeye ve kalbinde ta\u015f\u0131maya devam edecek.\u00a0 Sana defalarca ne kadar \u00e7ok inand\u0131\u011f\u0131m\u0131 ve ne kadar \u00f6zel biri oldu\u011funu hissetti\u011fimi s\u00f6yledim.&#8221;<\/p>\n<p><img loading=\"lazy\" decoding=\"async\" class=\"alignnone wp-image-232098 size-full\" src=\"https:\/\/www.tgrthaber.com\/mavikadin\/wp-content\/uploads\/Adsiz-tasarim-1-92.jpg\" alt=\"\" width=\"1208\" height=\"680\" title=\"\" srcset=\"https:\/\/www.tgrthaber.com\/mavikadin\/wp-content\/uploads\/Adsiz-tasarim-1-92.jpg 1208w, https:\/\/www.tgrthaber.com\/mavikadin\/wp-content\/uploads\/Adsiz-tasarim-1-92-300x169.jpg 300w, https:\/\/www.tgrthaber.com\/mavikadin\/wp-content\/uploads\/Adsiz-tasarim-1-92-1024x576.jpg 1024w, https:\/\/www.tgrthaber.com\/mavikadin\/wp-content\/uploads\/Adsiz-tasarim-1-92-768x432.jpg 768w\" sizes=\"(max-width: 1208px) 100vw, 1208px\" \/><\/p>\n<hr \/>\n<p>&#8220;Sen de, yak\u0131n bir zamanda, bana inand\u0131\u011f\u0131n\u0131 s\u00f6yleyerek bana paha bi\u00e7ilemez bir motivasyon hat\u0131ras\u0131 verdin. Senin bana vermeye niyet etti\u011fin o g\u00fcc\u00fc ve t\u00fcm g\u00fczelli\u011fini hep i\u00e7imde ta\u015f\u0131yaca\u011f\u0131m. Senin de saf niyetimden ve sonsuz sevgimden \u015f\u00fcphe etmeden, sevgimi hep yan\u0131nda hissetmeni dilerim. Huzurlu, h\u00fcr ve mutlu olman\u0131 en i\u00e7ten dileklerimle diliyorum. Parlamaya devam. Senin k\u00fc\u00e7\u00fckken bana verdi\u011fin isimle G\u00fcl\u00e7\u2026\u201d<\/p>\n","protected":false},"excerpt":{"rendered":"<p>Pop m\u00fczi\u011finin sevilen ismi G\u00fcl\u00e7in Erg\u00fcl ac\u0131 haberi sosyal medyas\u0131ndan duyurdu. Ye\u011feni Nymphe ile olan anlar\u0131n\u0131 her zaman sosyal medyas\u0131ndan payla\u015fan G\u00fcl\u00e7in Erg\u00fcl bu kez ac\u0131 haberi verdi. \u00dcnl\u00fc sanat\u00e7\u0131 G\u00fcl\u00e7in Erg\u00fcl, sosyal medyada yapt\u0131\u011f\u0131 bir payla\u015f\u0131mla ye\u011feni Nymphe\u2019nin ya\u015fam\u0131n\u0131 yitirdi\u011fini duyurdu.<\/p>\n","protected":false},"author":10,"featured_media":232096,"comment_status":"closed","ping_status":"closed","sticky":false,"template":"","format":"standard","meta":{"rank_math_lock_modified_date":false,"footnotes":""},"categories":[76],"tags":[61671,61672,61670,133,2218],"class_list":["post-232093","post","type-post","status-publish","format-standard","has-post-thumbnail","hentry","category-magazin","tag-gulcin-ergul-yegeni-nymphe-kaybetti","tag-gulcin-ergul-yegeni-nymphe-veda-mesaji","tag-gulcin-ergul-yegeni-oldu","tag-magazin","tag-magazin-haberleri"],"_links":{"self":[{"href":"https:\/\/www.tgrthaber.com\/mavikadin\/wp-json\/wp\/v2\/posts\/232093"}],"collection":[{"href":"https:\/\/www.tgrthaber.com\/mavikadin\/wp-json\/wp\/v2\/posts"}],"about":[{"href":"https:\/\/www.tgrthaber.com\/mavikadin\/wp-json\/wp\/v2\/types\/post"}],"author":[{"embeddable":true,"href":"https:\/\/www.tgrthaber.com\/mavikadin\/wp-json\/wp\/v2\/users\/10"}],"replies":[{"embeddable":true,"href":"https:\/\/www.tgrthaber.com\/mavikadin\/wp-json\/wp\/v2\/comments?post=232093"}],"version-history":[{"count":2,"href":"https:\/\/www.tgrthaber.com\/mavikadin\/wp-json\/wp\/v2\/posts\/232093\/revisions"}],"predecessor-version":[{"id":232100,"href":"https:\/\/www.tgrthaber.com\/mavikadin\/wp-json\/wp\/v2\/posts\/232093\/revisions\/232100"}],"wp:featuredmedia":[{"embeddable":true,"href":"https:\/\/www.tgrthaber.com\/mavikadin\/wp-json\/wp\/v2\/media\/232096"}],"wp:attachment":[{"href":"https:\/\/www.tgrthaber.com\/mavikadin\/wp-json\/wp\/v2\/media?parent=232093"}],"wp:term":[{"taxonomy":"category","embeddable":true,"href":"https:\/\/www.tgrthaber.com\/mavikadin\/wp-json\/wp\/v2\/categories?post=232093"},{"taxonomy":"post_tag","embeddable":true,"href":"https:\/\/www.tgrthaber.com\/mavikadin\/wp-json\/wp\/v2\/tags?post=232093"}],"curies":[{"name":"wp","href":"https:\/\/api.w.org\/{rel}","templated":true}]}}