{"id":232110,"date":"2025-09-07T10:01:27","date_gmt":"2025-09-07T07:01:27","guid":{"rendered":"https:\/\/www.tgrthaber.com\/mavikadin\/?p=232110"},"modified":"2025-09-07T10:06:46","modified_gmt":"2025-09-07T07:06:46","slug":"gulcin-ergulun-yegeninin-cenaze-toreni-nerede-yapilacak-gulcin-ergulun-yegeni-kac-yasinda-oldu","status":"publish","type":"post","link":"https:\/\/www.tgrthaber.com\/mavikadin\/gulcin-ergulun-yegeninin-cenaze-toreni-nerede-yapilacak-gulcin-ergulun-yegeni-kac-yasinda-oldu\/","title":{"rendered":"G\u00fcl\u00e7in Erg\u00fcl&#8217;\u00fcn ye\u011feninin cenaze t\u00f6reni nerede yap\u0131lacak? G\u00fcl\u00e7in Erg\u00fcl&#8217;\u00fcn ye\u011feni ka\u00e7 ya\u015f\u0131nda \u00f6ld\u00fc?"},"content":{"rendered":"<p>Pop m\u00fczi\u011fin g\u00fc\u00e7l\u00fc isimlerinden ve Hepsi grubu eski \u00fcyesi G\u00fcl\u00e7in Erg\u00fcl, sosyal medyadan yapt\u0131\u011f\u0131 a\u00e7\u0131klamayla k\u00fc\u00e7\u00fck ye\u011feni Nymphe&#8217;nin hayata veda etti\u011fini duyurdu. \u00dcnl\u00fc \u015fark\u0131c\u0131n\u0131n payla\u015f\u0131m\u0131n\u0131n ard\u0131ndan sosyal medyada &#8216;G\u00fcl\u00e7in Erg\u00fcl&#8217;\u00fcn ye\u011feninin cenaze t\u00f6reni nerede yap\u0131lacak?&#8217;, &#8216;G\u00fcl\u00e7in Erg\u00fcl&#8217;\u00fcn ye\u011feni ka\u00e7 ya\u015f\u0131nda?&#8217; sorular\u0131 ara\u015ft\u0131r\u0131lmaya ba\u015fland\u0131. Erg\u00fcl&#8217;\u00fcn ac\u0131 payla\u015f\u0131m\u0131na binlerce destek mesaj\u0131 da geldi. \u0130\u015fte detaylar&#8230;<\/p>\n<h3>G\u00dcL\u00c7\u0130N ERG\u00dcL&#8217;\u00dcN YE\u011eEN\u0130N\u0130N CENAZE T\u00d6REN\u0130 NEREDE YAPILACAK?<\/h3>\n<p>Pop m\u00fczi\u011fin sevilen ismi G\u00fcl\u00e7in Erg\u00fcl, ki\u015fisel sosyal medya hesab\u0131 \u00fczerinden ye\u011feni Mymphe&#8217;nin vefat haberini duyurdu.<\/p>\n<p><img loading=\"lazy\" decoding=\"async\" class=\"alignnone wp-image-232120\" src=\"https:\/\/www.tgrthaber.com\/mavikadin\/wp-content\/uploads\/68bc9d779d6a4a4255499d34-300x168.webp\" alt=\"\" width=\"1208\" height=\"676\" title=\"\" srcset=\"https:\/\/www.tgrthaber.com\/mavikadin\/wp-content\/uploads\/68bc9d779d6a4a4255499d34-300x168.webp 300w, https:\/\/www.tgrthaber.com\/mavikadin\/wp-content\/uploads\/68bc9d779d6a4a4255499d34.webp 350w\" sizes=\"(max-width: 1208px) 100vw, 1208px\" \/><\/p>\n<hr \/>\n<p>Erg\u00fcl&#8217;\u00fcn payla\u015f\u0131m\u0131n\u0131n ard\u0131ndan en \u00e7ok merak edilen konular\u0131n ba\u015f\u0131nda da cenaze t\u00f6reninin nerede yap\u0131laca\u011f\u0131 yer al\u0131yor. \u015eu ana kadar cenaze detaylar\u0131 ile ilgili herhangi bir a\u00e7\u0131klama yap\u0131lm\u0131\u015f de\u011fil. T\u00f6renin yeri ve zaman\u0131 hakk\u0131nda gerekli detaylar\u0131n ilerleyen saatlerde komuoyuyla payla\u015f\u0131laca\u011f\u0131 d\u00fc\u015f\u00fcn\u00fcl\u00fcyor.<\/p>\n<p><img loading=\"lazy\" decoding=\"async\" class=\"alignnone wp-image-232122\" src=\"https:\/\/www.tgrthaber.com\/mavikadin\/wp-content\/uploads\/675d11c229466d251bdbef92-300x169.webp\" alt=\"\" width=\"1208\" height=\"680\" title=\"\" srcset=\"https:\/\/www.tgrthaber.com\/mavikadin\/wp-content\/uploads\/675d11c229466d251bdbef92-300x169.webp 300w, https:\/\/www.tgrthaber.com\/mavikadin\/wp-content\/uploads\/675d11c229466d251bdbef92-1024x576.webp 1024w, https:\/\/www.tgrthaber.com\/mavikadin\/wp-content\/uploads\/675d11c229466d251bdbef92-768x432.webp 768w, https:\/\/www.tgrthaber.com\/mavikadin\/wp-content\/uploads\/675d11c229466d251bdbef92.webp 1200w\" sizes=\"(max-width: 1208px) 100vw, 1208px\" \/><\/p>\n<hr \/>\n<h3>G\u00dcL\u00c7\u0130N ERG\u00dcL&#8217;\u00dcN YE\u011eEN\u0130 KA\u00c7 YA\u015eINDA \u00d6LD\u00dc?<\/h3>\n<p><a href=\"https:\/\/www.tgrthaber.com\/mavikadin\/gulcin-ergulun-yegeni-nymphe-neden-oldu-nymphe-kac-yasindaydi\/\">G\u00fcl\u00e7in Erg\u00fcl&#8217;\u00fcn ye\u011feni Nymphe&#8217;nin \u00f6l\u00fcm\u00fc<\/a> sonras\u0131 ya\u015f\u0131 da merak konusu oldu. Ancak Mymphe&#8217;nin ya\u015f\u0131na dair net bir bilgi bulunmuyor. G\u00fcl\u00e7in Erg\u00fcl&#8217;\u00fcn ye\u011feni Mymphe&#8217;nin 10 ila 12 ya\u015flar\u0131 oldu\u011fu tahmin ediliyor.<\/p>\n<p><img loading=\"lazy\" decoding=\"async\" class=\"alignnone wp-image-232123\" src=\"https:\/\/www.tgrthaber.com\/mavikadin\/wp-content\/uploads\/Adsiz-tasarim-8-53-300x169.png\" alt=\"\" width=\"1208\" height=\"680\" title=\"\" srcset=\"https:\/\/www.tgrthaber.com\/mavikadin\/wp-content\/uploads\/Adsiz-tasarim-8-53-300x169.png 300w, https:\/\/www.tgrthaber.com\/mavikadin\/wp-content\/uploads\/Adsiz-tasarim-8-53-1024x576.png 1024w, https:\/\/www.tgrthaber.com\/mavikadin\/wp-content\/uploads\/Adsiz-tasarim-8-53-768x432.png 768w, https:\/\/www.tgrthaber.com\/mavikadin\/wp-content\/uploads\/Adsiz-tasarim-8-53-1536x864.png 1536w, https:\/\/www.tgrthaber.com\/mavikadin\/wp-content\/uploads\/Adsiz-tasarim-8-53.png 1920w\" sizes=\"(max-width: 1208px) 100vw, 1208px\" \/><\/p>\n<hr \/>\n<h3>SOSYAL MEDYADA DESTEK MESAJLARI YA\u011eDI<\/h3>\n<p>Sevilen isim G\u00fcl\u00e7in Erg\u00fcl&#8217;\u00fcn minik ye\u011feni Mymphe ad\u0131na yapt\u0131\u011f\u0131 vefat haberi sonras\u0131, sanat\u00e7\u0131ya yorum ve destek eksik olmad\u0131. Binlerce hayran\u0131 ve takip\u00e7isi, sanat\u00e7\u0131n\u0131n derin ac\u0131s\u0131n\u0131 payla\u015f\u0131rken, ba\u015fsa\u011fl\u0131\u011f\u0131 mesajlar\u0131 i\u00e7eren yorumlar ard\u0131 ard\u0131na geldi.<\/p>\n<p><img loading=\"lazy\" decoding=\"async\" class=\"alignnone wp-image-232124\" src=\"https:\/\/www.tgrthaber.com\/mavikadin\/wp-content\/uploads\/t25_gulcin-ergul-hepsi-grubu-222-300x169.webp\" alt=\"\" width=\"1208\" height=\"678\" title=\"\" srcset=\"https:\/\/www.tgrthaber.com\/mavikadin\/wp-content\/uploads\/t25_gulcin-ergul-hepsi-grubu-222-300x169.webp 300w, https:\/\/www.tgrthaber.com\/mavikadin\/wp-content\/uploads\/t25_gulcin-ergul-hepsi-grubu-222-1024x575.webp 1024w, https:\/\/www.tgrthaber.com\/mavikadin\/wp-content\/uploads\/t25_gulcin-ergul-hepsi-grubu-222-768x431.webp 768w, https:\/\/www.tgrthaber.com\/mavikadin\/wp-content\/uploads\/t25_gulcin-ergul-hepsi-grubu-222.webp 1200w\" sizes=\"(max-width: 1208px) 100vw, 1208px\" \/><\/p>\n<hr \/>\n<p>2021 y\u0131l\u0131nda sevgilisini trafik kazas\u0131yla kaybeden G\u00fcl\u00e7in Erg\u00fcl, o d\u00f6nemde de \u00e7ok b\u00fcy\u00fck bir y\u0131k\u0131m ya\u015fam\u0131\u015ft\u0131. \u015eimdi yine tarifsiz bir ac\u0131 ya\u015fayan Erg\u00fcl, sosyal medya payla\u015f\u0131m\u0131nda \u015fu ifadelere yer verdi;<\/p>\n<p><img loading=\"lazy\" decoding=\"async\" class=\"alignnone wp-image-232126\" src=\"https:\/\/www.tgrthaber.com\/mavikadin\/wp-content\/uploads\/688-g1fe_cover-300x169.webp\" alt=\"\" width=\"1208\" height=\"680\" title=\"\" srcset=\"https:\/\/www.tgrthaber.com\/mavikadin\/wp-content\/uploads\/688-g1fe_cover-300x169.webp 300w, https:\/\/www.tgrthaber.com\/mavikadin\/wp-content\/uploads\/688-g1fe_cover-1024x576.webp 1024w, https:\/\/www.tgrthaber.com\/mavikadin\/wp-content\/uploads\/688-g1fe_cover-768x432.webp 768w, https:\/\/www.tgrthaber.com\/mavikadin\/wp-content\/uploads\/688-g1fe_cover.webp 1280w\" sizes=\"(max-width: 1208px) 100vw, 1208px\" \/><\/p>\n<hr \/>\n<p>Benim p\u0131r\u0131l p\u0131r\u0131l, her boyutta ve t\u00fcm yetenekleriyle; g\u00fczel hassas kalbiyle, g\u00fcl\u00fcmseyen melek y\u00fcz\u00fcyle, empatik ki\u015fili\u011fiyle, bilge ruhuyla ve o ruhu d\u0131\u015fa yans\u0131tan g\u00fczellikte g\u00f6zleriyle parlayan \u0131\u015f\u0131kl\u0131 Nymphe\u2019ci\u011fim. Teyzen seni hi\u00e7 bir mesafe tan\u0131mayacak kadar \u00f6zel ve kuvvetli bir ba\u011f ile her zaman sevmeye ve kalbinde ta\u015f\u0131maya devam edecek. Sana defalarca ne kadar \u00e7ok inand\u0131\u011f\u0131m\u0131 ve ne kadar \u00f6zel biri oldu\u011funu hissetti\u011fimi s\u00f6yledim. Sen de, yak\u0131n bir zamanda, bana inand\u0131\u011f\u0131n\u0131 s\u00f6yleyerek bana paha bi\u00e7ilemez bir motivasyon hat\u0131ras\u0131 verdin. Senin bana vermeye niyet etti\u011fin o g\u00fcc\u00fc ve t\u00fcm g\u00fczelli\u011fini hep i\u00e7imde ta\u015f\u0131yaca\u011f\u0131m. Senin de saf niyetimden ve sonsuz sevgimden \u015f\u00fcphe etmeden, sevgimi hep yan\u0131nda hissetmeni dilerim. Huzurlu, h\u00fcr ve mutlu olman\u0131 en i\u00e7ten dileklerimle diliyorum. Parlamaya devam.<br \/>\nSenin k\u00fc\u00e7\u00fckken bana verdi\u011fin isimle.<\/p>\n<p><img loading=\"lazy\" decoding=\"async\" class=\"alignnone wp-image-232125\" src=\"https:\/\/www.tgrthaber.com\/mavikadin\/wp-content\/uploads\/Adsiz-tasarim-9-49-300x169.png\" alt=\"\" width=\"1208\" height=\"680\" title=\"\" srcset=\"https:\/\/www.tgrthaber.com\/mavikadin\/wp-content\/uploads\/Adsiz-tasarim-9-49-300x169.png 300w, https:\/\/www.tgrthaber.com\/mavikadin\/wp-content\/uploads\/Adsiz-tasarim-9-49-1024x576.png 1024w, https:\/\/www.tgrthaber.com\/mavikadin\/wp-content\/uploads\/Adsiz-tasarim-9-49-768x432.png 768w, https:\/\/www.tgrthaber.com\/mavikadin\/wp-content\/uploads\/Adsiz-tasarim-9-49-1536x864.png 1536w, https:\/\/www.tgrthaber.com\/mavikadin\/wp-content\/uploads\/Adsiz-tasarim-9-49.png 1920w\" sizes=\"(max-width: 1208px) 100vw, 1208px\" \/><\/p>\n<hr \/>\n<p>G\u00fcl\u00e7in Erg\u00fcl&#8217;\u00fcn ye\u011feni Nymphe&#8217;nin \u00f6l\u00fcm\u00fc sanat camias\u0131nda geni\u015f yank\u0131 uyand\u0131rd\u0131. \u00d6l\u00fcm nedeni ve cenaze bilgilerinin ilerleyen saatlerde payla\u015f\u0131lmas\u0131 bekleniyor.<\/p>\n","protected":false},"excerpt":{"rendered":"<p>Hepsi grubunun eski \u00fcyesi G\u00fcl\u00e7in Erg\u00fcl, ya\u015fad\u0131\u011f\u0131 b\u00fcy\u00fck bir \u00fcz\u00fcnt\u00fcyle g\u00fcndemde. Sanat\u00e7\u0131n\u0131n ye\u011feni Nymphe&#8217;nin \u00f6l\u00fcm haberini duyuran G\u00fcl\u00e7in, hayranlar\u0131n\u0131 da yasa bo\u011fdu. Sosyal medyada ve arama motorlar\u0131nda ise G\u00fcl\u00e7in Erg\u00fcl&#8217;\u00fcn ye\u011feninin cenaze t\u00f6reni hakk\u0131nda detaylar ara\u015ft\u0131r\u0131l\u0131yor. Peki G\u00fcl\u00e7in Erg\u00fcl&#8217;\u00fcn ye\u011feninin cenaze t\u00f6reni nerede yap\u0131lacak? G\u00fcl\u00e7in Erg\u00fcl&#8217;\u00fcn ye\u011feni ka\u00e7 ya\u015f\u0131nda \u00f6ld\u00fc? \u0130\u015fte detaylar&#8230;<\/p>\n","protected":false},"author":35,"featured_media":232111,"comment_status":"closed","ping_status":"closed","sticky":false,"template":"","format":"standard","meta":{"rank_math_lock_modified_date":false,"footnotes":""},"categories":[76],"tags":[61680,61683,61682,133,61681],"class_list":["post-232110","post","type-post","status-publish","format-standard","has-post-thumbnail","hentry","category-magazin","tag-gulcin-ergul-yegeni-cenaze-toreni","tag-gulcinin-yegeni-cenazesi-ne-zaman","tag-hepsi-grubu-gulcin-ergul","tag-magazin","tag-mymphe-kac-yasinda"],"_links":{"self":[{"href":"https:\/\/www.tgrthaber.com\/mavikadin\/wp-json\/wp\/v2\/posts\/232110"}],"collection":[{"href":"https:\/\/www.tgrthaber.com\/mavikadin\/wp-json\/wp\/v2\/posts"}],"about":[{"href":"https:\/\/www.tgrthaber.com\/mavikadin\/wp-json\/wp\/v2\/types\/post"}],"author":[{"embeddable":true,"href":"https:\/\/www.tgrthaber.com\/mavikadin\/wp-json\/wp\/v2\/users\/35"}],"replies":[{"embeddable":true,"href":"https:\/\/www.tgrthaber.com\/mavikadin\/wp-json\/wp\/v2\/comments?post=232110"}],"version-history":[{"count":3,"href":"https:\/\/www.tgrthaber.com\/mavikadin\/wp-json\/wp\/v2\/posts\/232110\/revisions"}],"predecessor-version":[{"id":232130,"href":"https:\/\/www.tgrthaber.com\/mavikadin\/wp-json\/wp\/v2\/posts\/232110\/revisions\/232130"}],"wp:featuredmedia":[{"embeddable":true,"href":"https:\/\/www.tgrthaber.com\/mavikadin\/wp-json\/wp\/v2\/media\/232111"}],"wp:attachment":[{"href":"https:\/\/www.tgrthaber.com\/mavikadin\/wp-json\/wp\/v2\/media?parent=232110"}],"wp:term":[{"taxonomy":"category","embeddable":true,"href":"https:\/\/www.tgrthaber.com\/mavikadin\/wp-json\/wp\/v2\/categories?post=232110"},{"taxonomy":"post_tag","embeddable":true,"href":"https:\/\/www.tgrthaber.com\/mavikadin\/wp-json\/wp\/v2\/tags?post=232110"}],"curies":[{"name":"wp","href":"https:\/\/api.w.org\/{rel}","templated":true}]}}