{"id":232112,"date":"2025-09-07T09:57:05","date_gmt":"2025-09-07T06:57:05","guid":{"rendered":"https:\/\/www.tgrthaber.com\/mavikadin\/?p=232112"},"modified":"2025-09-07T10:01:45","modified_gmt":"2025-09-07T07:01:45","slug":"aslihan-dogan-turandan-5-karatlik-yuzuk-taktigi-yuzugun-fiyati-ise-gundem-oldu","status":"publish","type":"post","link":"https:\/\/www.tgrthaber.com\/mavikadin\/aslihan-dogan-turandan-5-karatlik-yuzuk-taktigi-yuzugun-fiyati-ise-gundem-oldu\/","title":{"rendered":"Asl\u0131han Do\u011fan Turan\u2019dan 5 karatl\u0131k y\u00fcz\u00fck! Takt\u0131\u011f\u0131 y\u00fcz\u00fc\u011f\u00fcn fiyat\u0131 ise g\u00fcndem oldu"},"content":{"rendered":"<p>Ba\u015far\u0131l\u0131 futbolcu ve \u015fimdilerde teknik direkt\u00f6r olan Arda Turan\u2019\u0131n e\u015fi Asl\u0131han Do\u011fan Turan g\u00fcndem olmaya devam ediyor. \u00dcnl\u00fc isim 5 karatl\u0131k p\u0131rlantas\u0131 ile dikkatleri \u00fczerine \u00e7ekti. Asl\u0131han Do\u011fan Turan\u2019\u0131n y\u00fcz\u00fc\u011f\u00fcn\u00fcn fiyat\u0131 ise dudak u\u00e7uklatt\u0131.<\/p>\n<h3>ASLIHAN DO\u011eAN TURAN\u2019DAN 5 KARATLIK Y\u00dcZ\u00dcK!<\/h3>\n<p>Bir d\u00f6nemin futbolcusu olan ve \u015fimdilerde Shakhtar Donetsk\u2019in teknik direkt\u00f6r\u00fc olan Arda Turan ailesi ve ya\u015fam\u0131 ile g\u00fcndeme geliyor. Arda Turan\u2019\u0131n e\u015fi ve sosyetik g\u00fczel <a href=\"https:\/\/www.tgrthaber.com\/mavikadin\/aslihan-dogan-turan-turkiyeye-donecegi-icin-mutsuz-arda-turani-ikna-etmeye-calisiyor\/\">Asl\u0131han Do\u011fan Turan<\/a>, ge\u00e7ti\u011fimiz g\u00fcnlerde Ni\u015fanta\u015f\u0131\u2019nda g\u00f6r\u00fcnt\u00fclendi.<\/p>\n<p><img loading=\"lazy\" decoding=\"async\" class=\"alignnone size-full wp-image-232117\" src=\"https:\/\/www.tgrthaber.com\/mavikadin\/wp-content\/uploads\/ARZU-1-19.jpg\" alt=\"Asl\u0131han Do\u011fan Turan\u2019dan 5 karatl\u0131k y\u00fcz\u00fck! Takt\u0131\u011f\u0131 y\u00fcz\u00fc\u011f\u00fcn fiyat\u0131 ise g\u00fcndem oldu\" width=\"1208\" height=\"680\" title=\"\" srcset=\"https:\/\/www.tgrthaber.com\/mavikadin\/wp-content\/uploads\/ARZU-1-19.jpg 1208w, https:\/\/www.tgrthaber.com\/mavikadin\/wp-content\/uploads\/ARZU-1-19-300x169.jpg 300w, https:\/\/www.tgrthaber.com\/mavikadin\/wp-content\/uploads\/ARZU-1-19-1024x576.jpg 1024w, https:\/\/www.tgrthaber.com\/mavikadin\/wp-content\/uploads\/ARZU-1-19-768x432.jpg 768w\" sizes=\"(max-width: 1208px) 100vw, 1208px\" \/><\/p>\n<hr \/>\n<p>Sabah Gazetesi\u2019ne g\u00f6re, magazin muhabirleri ile sohbet eden Asl\u0131han Do\u011fan Turan s\u00f6zleri ile g\u00fcndeme geldi. \u00a0Turan\u2019\u0131n parma\u011f\u0131ndaki y\u00fcz\u00fck ise dikkatlerden ka\u00e7mad\u0131. Asl\u0131han Do\u011fan Turan\u2019\u0131n parma\u011f\u0131ndaki y\u00fcz\u00fc\u011f\u00fcn de\u011feri ise adeta dudak u\u00e7uklatt\u0131.<\/p>\n<p><img loading=\"lazy\" decoding=\"async\" class=\"alignnone size-full wp-image-232113\" src=\"https:\/\/www.tgrthaber.com\/mavikadin\/wp-content\/uploads\/ARZU-5-18.jpg\" alt=\"Asl\u0131han Do\u011fan Turan\u2019dan 5 karatl\u0131k y\u00fcz\u00fck! Takt\u0131\u011f\u0131 y\u00fcz\u00fc\u011f\u00fcn fiyat\u0131 ise g\u00fcndem oldu\" width=\"1208\" height=\"680\" title=\"\" srcset=\"https:\/\/www.tgrthaber.com\/mavikadin\/wp-content\/uploads\/ARZU-5-18.jpg 1208w, https:\/\/www.tgrthaber.com\/mavikadin\/wp-content\/uploads\/ARZU-5-18-300x169.jpg 300w, https:\/\/www.tgrthaber.com\/mavikadin\/wp-content\/uploads\/ARZU-5-18-1024x576.jpg 1024w, https:\/\/www.tgrthaber.com\/mavikadin\/wp-content\/uploads\/ARZU-5-18-768x432.jpg 768w\" sizes=\"(max-width: 1208px) 100vw, 1208px\" \/><\/p>\n<hr \/>\n<p>Asl\u0131han Do\u011fan Turan\u2019\u0131n parma\u011f\u0131ndaki y\u00fcz\u00fc\u011f\u00fcn 5 karatl\u0131k p\u0131rlantadan olup fiyat\u0131 ise yakla\u015f\u0131k 3 milyon TL oldu\u011fu iddia ediliyor. Bu durum konu\u015fulurken \u00f6te yandan Arda Turan\u2019\u0131n Ukraynal\u0131 sunucu Daria Bondar Savina ile Shakhtar Donetsk\u2019in medya kanal\u0131nda verdi\u011fi r\u00f6portaj ile sosyal medyas\u0131nda g\u00fcndemine gelmi\u015fti.<\/p>\n<h3><img loading=\"lazy\" decoding=\"async\" class=\"alignnone size-full wp-image-232115\" src=\"https:\/\/www.tgrthaber.com\/mavikadin\/wp-content\/uploads\/ARZU-3-19.jpg\" alt=\"Asl\u0131han Do\u011fan Turan\u2019dan 5 karatl\u0131k y\u00fcz\u00fck! Takt\u0131\u011f\u0131 y\u00fcz\u00fc\u011f\u00fcn fiyat\u0131 ise g\u00fcndem oldu\" width=\"1208\" height=\"680\" title=\"\" srcset=\"https:\/\/www.tgrthaber.com\/mavikadin\/wp-content\/uploads\/ARZU-3-19.jpg 1208w, https:\/\/www.tgrthaber.com\/mavikadin\/wp-content\/uploads\/ARZU-3-19-300x169.jpg 300w, https:\/\/www.tgrthaber.com\/mavikadin\/wp-content\/uploads\/ARZU-3-19-1024x576.jpg 1024w, https:\/\/www.tgrthaber.com\/mavikadin\/wp-content\/uploads\/ARZU-3-19-768x432.jpg 768w\" sizes=\"(max-width: 1208px) 100vw, 1208px\" \/><\/h3>\n<hr \/>\n<h3>TAKTI\u011eI Y\u00dcZ\u00dc\u011e\u00dcN F\u0130YATI \u0130SE G\u00dcNDEM OLDU<\/h3>\n<p>R\u00f6portaj\u0131 verdi\u011fi s\u0131rada g\u00fczel sunucuyla g\u00f6z temas\u0131 da kurmamas\u0131 ve stresli halleri ile dikkatleri \u00fczerine \u00e7ekmi\u015fti.\u00a0 Ya\u015fanan bu durum konu\u015fulurken Asl\u0131han Do\u011fan Turan\u2019a da bu soruldu. Magazin muhabirlerinin sorular\u0131n\u0131 yan\u0131tlayan Asl\u0131han Do\u011fan Turan konu hakk\u0131nda s\u00f6yledikleri dikkat \u00e7ekti.<\/p>\n<p><img loading=\"lazy\" decoding=\"async\" class=\"alignnone size-full wp-image-232116\" src=\"https:\/\/www.tgrthaber.com\/mavikadin\/wp-content\/uploads\/ARZU-2-19.jpg\" alt=\"Asl\u0131han Do\u011fan Turan\u2019dan 5 karatl\u0131k y\u00fcz\u00fck! Takt\u0131\u011f\u0131 y\u00fcz\u00fc\u011f\u00fcn fiyat\u0131 ise g\u00fcndem oldu\" width=\"1208\" height=\"680\" title=\"\" srcset=\"https:\/\/www.tgrthaber.com\/mavikadin\/wp-content\/uploads\/ARZU-2-19.jpg 1208w, https:\/\/www.tgrthaber.com\/mavikadin\/wp-content\/uploads\/ARZU-2-19-300x169.jpg 300w, https:\/\/www.tgrthaber.com\/mavikadin\/wp-content\/uploads\/ARZU-2-19-1024x576.jpg 1024w, https:\/\/www.tgrthaber.com\/mavikadin\/wp-content\/uploads\/ARZU-2-19-768x432.jpg 768w\" sizes=\"(max-width: 1208px) 100vw, 1208px\" \/><\/p>\n<hr \/>\n<p>Asl\u0131han Do\u011fanTuran, &#8220;\u00c7ok tatl\u0131 bir bayan bu arada. Ben kendisini tan\u0131d\u0131m, g\u00f6rd\u00fcm. \u00c7ok \u015feker. Evli bu arada. \u0130n\u015fallah onlara da ay\u0131p olmam\u0131\u015ft\u0131r&#8221; s\u00f6zlerini ifade etti. Arda Turan ile bu konuyu konu\u015fup konu\u015fmad\u0131\u011f\u0131 sorulunca &#8220;Hi\u00e7 konu\u015fmad\u0131m. Komik \u00e7\u00fcnk\u00fc&#8221; s\u00f6zlerini s\u00f6yledi.<\/p>\n<p><img loading=\"lazy\" decoding=\"async\" class=\"alignnone size-full wp-image-232118\" src=\"https:\/\/www.tgrthaber.com\/mavikadin\/wp-content\/uploads\/ARZU-115.jpg\" alt=\"Asl\u0131han Do\u011fan Turan\u2019dan 5 karatl\u0131k y\u00fcz\u00fck! Takt\u0131\u011f\u0131 y\u00fcz\u00fc\u011f\u00fcn fiyat\u0131 ise g\u00fcndem oldu\" width=\"1208\" height=\"680\" title=\"\" srcset=\"https:\/\/www.tgrthaber.com\/mavikadin\/wp-content\/uploads\/ARZU-115.jpg 1208w, https:\/\/www.tgrthaber.com\/mavikadin\/wp-content\/uploads\/ARZU-115-300x169.jpg 300w, https:\/\/www.tgrthaber.com\/mavikadin\/wp-content\/uploads\/ARZU-115-1024x576.jpg 1024w, https:\/\/www.tgrthaber.com\/mavikadin\/wp-content\/uploads\/ARZU-115-768x432.jpg 768w\" sizes=\"(max-width: 1208px) 100vw, 1208px\" \/><\/p>\n<hr \/>\n<p>\u00d6te yandan evlilikleri g\u00fczel giden Asl\u0131han Do\u011fan Turan ve Arda Turan\u2019\u0131n iki o\u011flu da bulunmaktad\u0131r. Zaman zaman aile ya\u015fant\u0131lar\u0131 ile g\u00fcndeme gelen \u00fcnl\u00fc \u00e7ift dikkatleri \u00fczerlerine \u00e7ekmeye devam ediyor.<\/p>\n<p><img loading=\"lazy\" decoding=\"async\" class=\"alignnone size-full wp-image-232119\" src=\"https:\/\/www.tgrthaber.com\/mavikadin\/wp-content\/uploads\/ARZU-6-19.jpg\" alt=\"Asl\u0131han Do\u011fan Turan\u2019dan 5 karatl\u0131k y\u00fcz\u00fck! Takt\u0131\u011f\u0131 y\u00fcz\u00fc\u011f\u00fcn fiyat\u0131 ise g\u00fcndem oldu\" width=\"1208\" height=\"680\" title=\"\" srcset=\"https:\/\/www.tgrthaber.com\/mavikadin\/wp-content\/uploads\/ARZU-6-19.jpg 1208w, https:\/\/www.tgrthaber.com\/mavikadin\/wp-content\/uploads\/ARZU-6-19-300x169.jpg 300w, https:\/\/www.tgrthaber.com\/mavikadin\/wp-content\/uploads\/ARZU-6-19-1024x576.jpg 1024w, https:\/\/www.tgrthaber.com\/mavikadin\/wp-content\/uploads\/ARZU-6-19-768x432.jpg 768w\" sizes=\"(max-width: 1208px) 100vw, 1208px\" \/><\/p>\n<hr \/>\n<p>Asl\u0131han Do\u011fan Turan&#8217;\u0131n parma\u011f\u0131nda g\u00f6r\u00fcnt\u00fclen y\u00fcz\u00fck hem fiyat\u0131\u00a0 hemde g\u00f6z al\u0131c\u0131 g\u00fczelli\u011fi ile adeta hayranlar\u0131n\u0131 hayran b\u0131rakt\u0131. Takt\u0131\u011f\u0131 y\u00fcz\u00fck ile adeta sosyal medyay\u0131 y\u0131kt\u0131 ge\u00e7ti.<\/p>\n","protected":false},"excerpt":{"rendered":"<p>\u00dcnl\u00fc futbolcu Arda Turan\u2019\u0131n e\u015fi Asl\u0131han Do\u011fan Turan, 5 karatl\u0131k p\u0131rlantas\u0131 ile dikkat \u00e7ekti. Asl\u0131han Do\u011fan Turan\u2019\u0131n y\u00fcz\u00fc\u011f\u00fcn\u00fcn fiyat\u0131 ise g\u00fcndem oldu. <\/p>\n","protected":false},"author":34,"featured_media":232114,"comment_status":"closed","ping_status":"closed","sticky":false,"template":"","format":"standard","meta":{"rank_math_lock_modified_date":false,"footnotes":""},"categories":[76],"tags":[5772,61679,133],"class_list":["post-232112","post","type-post","status-publish","format-standard","has-post-thumbnail","hentry","category-magazin","tag-aslihan-dogan-turan","tag-aslihan-dogan-turan-yuzugu","tag-magazin"],"_links":{"self":[{"href":"https:\/\/www.tgrthaber.com\/mavikadin\/wp-json\/wp\/v2\/posts\/232112"}],"collection":[{"href":"https:\/\/www.tgrthaber.com\/mavikadin\/wp-json\/wp\/v2\/posts"}],"about":[{"href":"https:\/\/www.tgrthaber.com\/mavikadin\/wp-json\/wp\/v2\/types\/post"}],"author":[{"embeddable":true,"href":"https:\/\/www.tgrthaber.com\/mavikadin\/wp-json\/wp\/v2\/users\/34"}],"replies":[{"embeddable":true,"href":"https:\/\/www.tgrthaber.com\/mavikadin\/wp-json\/wp\/v2\/comments?post=232112"}],"version-history":[{"count":2,"href":"https:\/\/www.tgrthaber.com\/mavikadin\/wp-json\/wp\/v2\/posts\/232112\/revisions"}],"predecessor-version":[{"id":232129,"href":"https:\/\/www.tgrthaber.com\/mavikadin\/wp-json\/wp\/v2\/posts\/232112\/revisions\/232129"}],"wp:featuredmedia":[{"embeddable":true,"href":"https:\/\/www.tgrthaber.com\/mavikadin\/wp-json\/wp\/v2\/media\/232114"}],"wp:attachment":[{"href":"https:\/\/www.tgrthaber.com\/mavikadin\/wp-json\/wp\/v2\/media?parent=232112"}],"wp:term":[{"taxonomy":"category","embeddable":true,"href":"https:\/\/www.tgrthaber.com\/mavikadin\/wp-json\/wp\/v2\/categories?post=232112"},{"taxonomy":"post_tag","embeddable":true,"href":"https:\/\/www.tgrthaber.com\/mavikadin\/wp-json\/wp\/v2\/tags?post=232112"}],"curies":[{"name":"wp","href":"https:\/\/api.w.org\/{rel}","templated":true}]}}