{"id":232133,"date":"2025-09-07T11:07:21","date_gmt":"2025-09-07T08:07:21","guid":{"rendered":"https:\/\/www.tgrthaber.com\/mavikadin\/?p=232133"},"modified":"2025-09-07T11:15:35","modified_gmt":"2025-09-07T08:15:35","slug":"masterchef-turkiyede-6-eylul-2025-kim-veda-etti-masterchefte-elenen-yarismaci-sasirtti","status":"publish","type":"post","link":"https:\/\/www.tgrthaber.com\/mavikadin\/masterchef-turkiyede-6-eylul-2025-kim-veda-etti-masterchefte-elenen-yarismaci-sasirtti\/","title":{"rendered":"MasterChef T\u00fcrkiye&#8217;de 6 Eyl\u00fcl 2025 kim veda etti? MasterChef&#8217;te elenen yar\u0131\u015fmac\u0131 \u015fa\u015f\u0131rtt\u0131"},"content":{"rendered":"<p>TV8 ekranlar\u0131n\u0131n fenomen haline gelen yar\u0131\u015fmas\u0131 MasterChef, yine olayl\u0131 bir eleme gecesini geride b\u0131rakt\u0131. Somer Sivrio\u011flu, Danilo Zanna ve Mehmet Yal\u00e7\u0131nkaya&#8217;n\u0131n jurisi oldu\u011fu MasterChef&#8217;te 6 Eyl\u00fcl Cumartesi gecesi hem duygusal hem de gergin anlar hi\u00e7 eksik olmad\u0131. Gecenin sonunda elenen isim ise adeta \u015foke etti. Peki MasterChef T\u00fcrkiye&#8217;de kim elendi? \u0130\u015fte izleyicisini \u015fa\u015fk\u0131na u\u011fratan eleme gecesinde ya\u015fananlar&#8230;<\/p>\n<h3>MASTERCHEF T\u00dcRK\u0130YE&#8217;DE 6 EYL\u00dcL 2025 K\u0130M VEDA ETT\u0130?<\/h3>\n<p>MasterChef&#8217;in son b\u00f6l\u00fcm\u00fcnde ya\u015fananlar adeta ekranlara damga vurdu. Tansiyon ve gerilimin hi\u00e7 eksik olmad\u0131\u011f\u0131 MasterChef&#8217;te eleme gecesinde, duygusal anlar da ya\u015fand\u0131.<\/p>\n<p><img loading=\"lazy\" decoding=\"async\" class=\"alignnone wp-image-232147\" src=\"https:\/\/www.tgrthaber.com\/mavikadin\/wp-content\/uploads\/g0l6idhxoaapqhp-xea3-300x200.jpg\" alt=\"\" width=\"1208\" height=\"805\" title=\"\" srcset=\"https:\/\/www.tgrthaber.com\/mavikadin\/wp-content\/uploads\/g0l6idhxoaapqhp-xea3-300x200.jpg 300w, https:\/\/www.tgrthaber.com\/mavikadin\/wp-content\/uploads\/g0l6idhxoaapqhp-xea3-1024x682.jpg 1024w, https:\/\/www.tgrthaber.com\/mavikadin\/wp-content\/uploads\/g0l6idhxoaapqhp-xea3-768x512.jpg 768w, https:\/\/www.tgrthaber.com\/mavikadin\/wp-content\/uploads\/g0l6idhxoaapqhp-xea3.jpg 1280w\" sizes=\"(max-width: 1208px) 100vw, 1208px\" \/><\/p>\n<hr \/>\n<p>Juri \u00fcyeleri Somer Sivrio\u011flu, Mehmet Yal\u00e7\u0131nkaya ve Danilo Zanna&#8217;n\u0131n ger\u00e7ekle\u015ftirdi\u011fi eleme d\u00fcellolar\u0131nda, bir MasterChef yar\u0131\u015fmac\u0131s\u0131 daha hayallerine veda etti. Gerginliklerin zirve yapt\u0131\u011f\u0131 gecede, izleyiciler resmen koltuklara kilitlendi.<\/p>\n<p><img loading=\"lazy\" decoding=\"async\" class=\"alignnone wp-image-232151\" src=\"https:\/\/www.tgrthaber.com\/mavikadin\/wp-content\/uploads\/Ekran-Resmi-2025-09-06-17.19.00-1536x1012-1-300x198.webp\" alt=\"\" width=\"1208\" height=\"796\" title=\"\" srcset=\"https:\/\/www.tgrthaber.com\/mavikadin\/wp-content\/uploads\/Ekran-Resmi-2025-09-06-17.19.00-1536x1012-1-300x198.webp 300w, https:\/\/www.tgrthaber.com\/mavikadin\/wp-content\/uploads\/Ekran-Resmi-2025-09-06-17.19.00-1536x1012-1-1024x675.webp 1024w, https:\/\/www.tgrthaber.com\/mavikadin\/wp-content\/uploads\/Ekran-Resmi-2025-09-06-17.19.00-1536x1012-1-768x506.webp 768w, https:\/\/www.tgrthaber.com\/mavikadin\/wp-content\/uploads\/Ekran-Resmi-2025-09-06-17.19.00-1536x1012-1.webp 1536w\" sizes=\"(max-width: 1208px) 100vw, 1208px\" \/><\/p>\n<hr \/>\n<h3>MASTERCHEF&#8217;TE ELENEN YARI\u015eMACI \u015eA\u015eIRTTI<\/h3>\n<p>Rekabetin giderek dozunu art\u0131rd\u0131\u011f\u0131 <a href=\"https:\/\/www.tgrthaber.com\/mavikadin\/masterchefte-korkutan-anlar-nisa-panik-atak-gecirdi-bir-anda-yer-yigildi\/\">MasterChef&#8217;te 6 Eyl\u00fcl Cumartesi<\/a> gecesi nefes kesen m\u00fccadele ya\u015fand\u0131. Ancak gecenin sonunda MasterChef hayallerine veda etmek zorunda kalan isim a\u00e7\u0131kland\u0131.<\/p>\n<p><img loading=\"lazy\" decoding=\"async\" class=\"alignnone wp-image-232146\" src=\"https:\/\/www.tgrthaber.com\/mavikadin\/wp-content\/uploads\/68b9f09f2e00da8e912261af-300x168.webp\" alt=\"\" width=\"1208\" height=\"678\" title=\"\" srcset=\"https:\/\/www.tgrthaber.com\/mavikadin\/wp-content\/uploads\/68b9f09f2e00da8e912261af-300x168.webp 300w, https:\/\/www.tgrthaber.com\/mavikadin\/wp-content\/uploads\/68b9f09f2e00da8e912261af.webp 730w\" sizes=\"(max-width: 1208px) 100vw, 1208px\" \/><\/p>\n<hr \/>\n<p>Sercan, Mert, Nisa, \u00d6zkan, Ayten, \u00c7a\u011flar ve \u00c7a\u011fatay eleme potas\u0131nda m\u00fccadele eden isimler aras\u0131nda yer al\u0131yordu. Eleme gecesinde olaylar ard\u0131 ard\u0131n agelirken en kritik an eleme d\u00fcellosunda ger\u00e7ekle\u015fti.<\/p>\n<p><img loading=\"lazy\" decoding=\"async\" class=\"alignnone wp-image-232149\" src=\"https:\/\/www.tgrthaber.com\/mavikadin\/wp-content\/uploads\/1757191777-300x225.webp\" alt=\"\" width=\"1208\" height=\"906\" title=\"\" srcset=\"https:\/\/www.tgrthaber.com\/mavikadin\/wp-content\/uploads\/1757191777-300x225.webp 300w, https:\/\/www.tgrthaber.com\/mavikadin\/wp-content\/uploads\/1757191777-768x576.webp 768w, https:\/\/www.tgrthaber.com\/mavikadin\/wp-content\/uploads\/1757191777.webp 800w\" sizes=\"(max-width: 1208px) 100vw, 1208px\" \/><\/p>\n<hr \/>\n<p>Mutfakta elenmemek i\u00e7in ter d\u00f6ken yar\u0131\u015fmac\u0131lar aras\u0131nda MasterChef Sercan, geceye veda eden isim oldu. Elenen Sercan&#8217;\u0131n sonras\u0131 g\u00f6zya\u015flar\u0131 sel olurken, juri \u00fcyelerinden de Sercan&#8217;a y\u00f6nelik \u00f6vg\u00fc dolu s\u00f6zler geldi.<\/p>\n<p><img loading=\"lazy\" decoding=\"async\" class=\"alignnone wp-image-232145\" src=\"https:\/\/www.tgrthaber.com\/mavikadin\/wp-content\/uploads\/68bca0106058ac518cba156c-300x164.webp\" alt=\"\" width=\"1208\" height=\"662\" title=\"\" srcset=\"https:\/\/www.tgrthaber.com\/mavikadin\/wp-content\/uploads\/68bca0106058ac518cba156c-300x164.webp 300w, https:\/\/www.tgrthaber.com\/mavikadin\/wp-content\/uploads\/68bca0106058ac518cba156c-768x421.webp 768w, https:\/\/www.tgrthaber.com\/mavikadin\/wp-content\/uploads\/68bca0106058ac518cba156c.webp 770w\" sizes=\"(max-width: 1208px) 100vw, 1208px\" \/><\/p>\n<hr \/>\n<h3>MASTERCHEF \u00d6ZKAN&#8217;IN \u00d6FKES\u0130 GECEYE DAMGA VURDU<\/h3>\n<p>MasterChef&#8217;te gergin anlar bir an olsun eksik olmad\u0131. Eleme \u00f6ncesi yap\u0131lan d\u00fcellolarda farkl\u0131 teknikler sunularak yemekler haz\u0131rland\u0131. Fakat yar\u0131\u015fmac\u0131 \u00d6zkan&#8217;\u0131n yapm\u0131\u015f oldu\u011fu \u00f6nemli bir hata, yar\u0131\u015fmac\u0131n\u0131n \u00f6fke krizi ya\u015famas\u0131na neden oldu. Arkada\u015flar\u0131n\u0131n ve juri \u00fcyelerinin moral vermesiyle ve deste\u011fiyle yeniden toparlanan \u00d6zkan&#8217;\u0131n gergin anlar\u0131 geceye adeta damga vurdu.<\/p>\n<p><img loading=\"lazy\" decoding=\"async\" class=\"alignnone wp-image-232148\" src=\"https:\/\/www.tgrthaber.com\/mavikadin\/wp-content\/uploads\/68b9f09f2e00da8e912261b0-300x168.webp\" alt=\"\" width=\"1208\" height=\"678\" title=\"\" srcset=\"https:\/\/www.tgrthaber.com\/mavikadin\/wp-content\/uploads\/68b9f09f2e00da8e912261b0-300x168.webp 300w, https:\/\/www.tgrthaber.com\/mavikadin\/wp-content\/uploads\/68b9f09f2e00da8e912261b0.webp 730w\" sizes=\"(max-width: 1208px) 100vw, 1208px\" \/><\/p>\n<hr \/>\n<p>Bireysel dokunulmazl\u0131\u011f\u0131 Sezer&#8217;in ald\u0131\u011f\u0131 gecede mavi tak\u0131m da dokunulmazl\u0131k oyununu kazand\u0131. MasterChef T\u00fcrkiye&#8217;de 6 Eyl\u00fcl gecesi yar\u0131\u015fmaya veda eden isim ise ba\u015far\u0131l\u0131 sunum ve lezzetli yemekleriyle bilinen Sercan oldu.<\/p>\n","protected":false},"excerpt":{"rendered":"<p>MasterChef T\u00fcrkiye&#8217;de 6 Eyl\u00fcl 2025 gecesi unutulmaz bir veda ya\u015fand\u0131. Eleme gecesi potaya girerek yar\u0131\u015fmaya veda eden isim resmen herkesi \u015foke etti. \u0130zleyicinin nefesini tuttu\u011fu gecede bak\u0131n kim MasterChef&#8217;ten elenerek, hayallerine veda etti. \u0130\u015fte detaylar&#8230;.<\/p>\n","protected":false},"author":35,"featured_media":232152,"comment_status":"closed","ping_status":"closed","sticky":false,"template":"","format":"standard","meta":{"rank_math_lock_modified_date":false,"footnotes":""},"categories":[76],"tags":[133,61686,61687,2511,61688],"class_list":["post-232133","post","type-post","status-publish","format-standard","has-post-thumbnail","hentry","category-magazin","tag-magazin","tag-masterchef-6-eylul-kim-elendi","tag-masterchef-sercan-elendi","tag-masterchef-turkiye","tag-masterchef-turkiye-kim-elendi"],"_links":{"self":[{"href":"https:\/\/www.tgrthaber.com\/mavikadin\/wp-json\/wp\/v2\/posts\/232133"}],"collection":[{"href":"https:\/\/www.tgrthaber.com\/mavikadin\/wp-json\/wp\/v2\/posts"}],"about":[{"href":"https:\/\/www.tgrthaber.com\/mavikadin\/wp-json\/wp\/v2\/types\/post"}],"author":[{"embeddable":true,"href":"https:\/\/www.tgrthaber.com\/mavikadin\/wp-json\/wp\/v2\/users\/35"}],"replies":[{"embeddable":true,"href":"https:\/\/www.tgrthaber.com\/mavikadin\/wp-json\/wp\/v2\/comments?post=232133"}],"version-history":[{"count":3,"href":"https:\/\/www.tgrthaber.com\/mavikadin\/wp-json\/wp\/v2\/posts\/232133\/revisions"}],"predecessor-version":[{"id":232155,"href":"https:\/\/www.tgrthaber.com\/mavikadin\/wp-json\/wp\/v2\/posts\/232133\/revisions\/232155"}],"wp:featuredmedia":[{"embeddable":true,"href":"https:\/\/www.tgrthaber.com\/mavikadin\/wp-json\/wp\/v2\/media\/232152"}],"wp:attachment":[{"href":"https:\/\/www.tgrthaber.com\/mavikadin\/wp-json\/wp\/v2\/media?parent=232133"}],"wp:term":[{"taxonomy":"category","embeddable":true,"href":"https:\/\/www.tgrthaber.com\/mavikadin\/wp-json\/wp\/v2\/categories?post=232133"},{"taxonomy":"post_tag","embeddable":true,"href":"https:\/\/www.tgrthaber.com\/mavikadin\/wp-json\/wp\/v2\/tags?post=232133"}],"curies":[{"name":"wp","href":"https:\/\/api.w.org\/{rel}","templated":true}]}}