{"id":232134,"date":"2025-09-07T10:51:51","date_gmt":"2025-09-07T07:51:51","guid":{"rendered":"https:\/\/www.tgrthaber.com\/mavikadin\/?p=232134"},"modified":"2025-09-07T10:51:52","modified_gmt":"2025-09-07T07:51:52","slug":"gulcinin-ablasi-kimdir-meslegi-nedir-kac-yasinda","status":"publish","type":"post","link":"https:\/\/www.tgrthaber.com\/mavikadin\/gulcinin-ablasi-kimdir-meslegi-nedir-kac-yasinda\/","title":{"rendered":"G\u00fcl\u00e7in\u2019in ablas\u0131 kimdir? Mesle\u011fi nedir ka\u00e7 ya\u015f\u0131nda?"},"content":{"rendered":"<p>G\u00fcl\u00e7in Erg\u00fcl, ya\u015fad\u0131\u011f\u0131 \u00fcz\u00fcnt\u00fc dolu haberler ile g\u00fcndeme geldi. Eski Hepsi grubunun \u00fcyesi olan G\u00fcl\u00e7in Erg\u00fcl ye\u011fenini kaybetmenin \u00fcz\u00fcnt\u00fcs\u00fcn\u00fc ya\u015f\u0131yor. G\u00fcl\u00e7in\u2019in hayat\u0131 ve ya\u015fam\u0131 dikkat \u00e7ekerken ablas\u0131 da merak konusu oldu. Peki, G\u00fcl\u00e7in\u2019in ablas\u0131 kimdir? Mesle\u011fi nedir ka\u00e7 ya\u015f\u0131nda? Sorular\u0131n\u0131 sizin i\u00e7in ara\u015ft\u0131rd\u0131k. \u0130\u015fte detaylar\u2026.<\/p>\n<h3>G\u00dcL\u00c7\u0130N\u2019\u0130N ABLASI K\u0130MD\u0130R?<\/h3>\n<p>Pop m\u00fczi\u011fin sevilen isimlerinden biri olan <a href=\"https:\/\/www.tgrthaber.com\/mavikadin\/gulcin-ergulun-yegeninin-cenaze-toreni-nerede-yapilacak-gulcin-ergulun-yegeni-kac-yasinda-oldu\/\">G\u00fcl\u00e7in Erg\u00fcl<\/a>, 30 Ekim 1985 y\u0131l\u0131nda \u0130stanbul\u2019da d\u00fcnyaya geldi. M\u00fczi\u011fe ilgisini fark ettikten sonra \u201cPera G\u00fczel Sanatlar Akademisi\u201dnde piyona e\u011fitimi alarak kariyerine ba\u015flad\u0131.<\/p>\n<p><img loading=\"lazy\" decoding=\"async\" class=\"alignnone size-full wp-image-232140\" src=\"https:\/\/www.tgrthaber.com\/mavikadin\/wp-content\/uploads\/ARZU-9-19.jpg\" alt=\"G\u00fcl\u00e7in\u2019in ablas\u0131 kimdir? Mesle\u011fi nedir ka\u00e7 ya\u015f\u0131nda? \" width=\"1208\" height=\"680\" title=\"\" srcset=\"https:\/\/www.tgrthaber.com\/mavikadin\/wp-content\/uploads\/ARZU-9-19.jpg 1208w, https:\/\/www.tgrthaber.com\/mavikadin\/wp-content\/uploads\/ARZU-9-19-300x169.jpg 300w, https:\/\/www.tgrthaber.com\/mavikadin\/wp-content\/uploads\/ARZU-9-19-1024x576.jpg 1024w, https:\/\/www.tgrthaber.com\/mavikadin\/wp-content\/uploads\/ARZU-9-19-768x432.jpg 768w\" sizes=\"(max-width: 1208px) 100vw, 1208px\" \/><\/p>\n<hr \/>\n<p>Daha sonralar\u0131 Atat\u00fcrk K\u00fclt\u00fcr Merkezi Devlet Opera ve \u00c7ocuk Balesi Toplulu\u011funa ve \u00c7ocuk Korosuna se\u00e7ilmi\u015fti. \u00c7e\u015fitli oyunlar olan Ku\u015fadam, K\u00fcl Kedisi, F\u0131nd\u0131kk\u0131ran, Uyuyan G\u00fczel, Kral ve ben, Midas\u2019\u0131n Kulaklar\u0131 gibi oyunlar ile uzun y\u0131llard\u0131r \u00e7ocuk sanat\u00e7\u0131s\u0131 olarak performans g\u00f6stermi\u015ftir.<\/p>\n<p><img loading=\"lazy\" decoding=\"async\" class=\"alignnone size-full wp-image-232142\" src=\"https:\/\/www.tgrthaber.com\/mavikadin\/wp-content\/uploads\/ARZU-7-19.jpg\" alt=\"G\u00fcl\u00e7in\u2019in ablas\u0131 kimdir? Mesle\u011fi nedir ka\u00e7 ya\u015f\u0131nda? \" width=\"1208\" height=\"680\" title=\"\" srcset=\"https:\/\/www.tgrthaber.com\/mavikadin\/wp-content\/uploads\/ARZU-7-19.jpg 1208w, https:\/\/www.tgrthaber.com\/mavikadin\/wp-content\/uploads\/ARZU-7-19-300x169.jpg 300w, https:\/\/www.tgrthaber.com\/mavikadin\/wp-content\/uploads\/ARZU-7-19-1024x576.jpg 1024w, https:\/\/www.tgrthaber.com\/mavikadin\/wp-content\/uploads\/ARZU-7-19-768x432.jpg 768w\" sizes=\"(max-width: 1208px) 100vw, 1208px\" \/><\/p>\n<hr \/>\n<p>E\u011fitimlerini orta ve lise \u00f6\u011frenimi olarak tamamlayan G\u00fcl\u00e7in Erg\u00fcl Y\u00fcksek \u00d6\u011frenimini Mimar Sinan G\u00fczel Sanatlar \u00dcniversitesi Devlet Konservatuvar\u0131 Bale B\u00f6l\u00fcm\u00fcnde tamamlad\u0131. Modern Dans B\u00f6l\u00fcm\u00fcnden mezun olan G\u00fcl\u00e7in Erg\u00fcl, uzun y\u0131llar d\u00fcnyaca \u00fcnl\u00fc starlar ile ayn\u0131 sahneye \u00e7\u0131km\u0131\u015ft\u0131r.<\/p>\n<p><img loading=\"lazy\" decoding=\"async\" class=\"alignnone size-full wp-image-232141\" src=\"https:\/\/www.tgrthaber.com\/mavikadin\/wp-content\/uploads\/ARZU-8-19.jpg\" alt=\"G\u00fcl\u00e7in\u2019in ablas\u0131 kimdir? Mesle\u011fi nedir ka\u00e7 ya\u015f\u0131nda? \" width=\"1208\" height=\"680\" title=\"\" srcset=\"https:\/\/www.tgrthaber.com\/mavikadin\/wp-content\/uploads\/ARZU-8-19.jpg 1208w, https:\/\/www.tgrthaber.com\/mavikadin\/wp-content\/uploads\/ARZU-8-19-300x169.jpg 300w, https:\/\/www.tgrthaber.com\/mavikadin\/wp-content\/uploads\/ARZU-8-19-1024x576.jpg 1024w, https:\/\/www.tgrthaber.com\/mavikadin\/wp-content\/uploads\/ARZU-8-19-768x432.jpg 768w\" sizes=\"(max-width: 1208px) 100vw, 1208px\" \/><\/p>\n<hr \/>\n<p>Britney Spears, Kylie Minogue, Mariah Carey, Justin Timberlake sanat\u00e7\u0131lar\u0131n \u00f6nemli koreograf ve e\u011fitmeni ile bir\u00e7ok dans tarz\u0131nda \u00e7al\u0131\u015fm\u0131\u015ft\u0131r. Ayr\u0131ca lise y\u0131llar\u0131nda \u00f6zel \u015fan dersi de almaya ba\u015flam\u0131\u015ft\u0131r. Ge\u00e7ti\u011fimiz saatlerde \u00fcnl\u00fc ismin ablas\u0131 da merak edildi. Ancak G\u00fcl\u00e7in\u2019in ablas\u0131 hakk\u0131nda detayl\u0131 bir bilgi bulunamam\u0131\u015ft\u0131r.<\/p>\n<h3><img loading=\"lazy\" decoding=\"async\" class=\"alignnone size-full wp-image-232137\" src=\"https:\/\/www.tgrthaber.com\/mavikadin\/wp-content\/uploads\/ARZU-12-19.jpg\" alt=\"G\u00fcl\u00e7in\u2019in ablas\u0131 kimdir? Mesle\u011fi nedir ka\u00e7 ya\u015f\u0131nda? \" width=\"1208\" height=\"680\" title=\"\" srcset=\"https:\/\/www.tgrthaber.com\/mavikadin\/wp-content\/uploads\/ARZU-12-19.jpg 1208w, https:\/\/www.tgrthaber.com\/mavikadin\/wp-content\/uploads\/ARZU-12-19-300x169.jpg 300w, https:\/\/www.tgrthaber.com\/mavikadin\/wp-content\/uploads\/ARZU-12-19-1024x576.jpg 1024w, https:\/\/www.tgrthaber.com\/mavikadin\/wp-content\/uploads\/ARZU-12-19-768x432.jpg 768w\" sizes=\"(max-width: 1208px) 100vw, 1208px\" \/><\/h3>\n<hr \/>\n<h3>G\u00dcL\u00c7\u0130N\u2019\u0130N ABLASININ MESLE\u011e\u0130 NE?<\/h3>\n<p>Ba\u015far\u0131l\u0131 pop m\u00fczik sanat\u00e7\u0131n\u0131 G\u00fcl\u00e7in Erg\u00fcl, ge\u00e7ti\u011fimiz saatlerde ya\u015fad\u0131\u011f\u0131 \u00fcz\u00fcnt\u00fc ile g\u00fcndeme geldi. \u00dcnl\u00fc ismin, ablas\u0131n\u0131n \u00e7ocu\u011fu olan Nymphe vefat etti. Ye\u011fenini kaybeden G\u00fcl\u00e7in Erg\u00fcl, ya\u015fad\u0131\u011f\u0131 duygu dolu duygusal not ile g\u00fcndeme geldi.<\/p>\n<p><img loading=\"lazy\" decoding=\"async\" class=\"alignnone size-full wp-image-232139\" src=\"https:\/\/www.tgrthaber.com\/mavikadin\/wp-content\/uploads\/ARZU-10-19.jpg\" alt=\"G\u00fcl\u00e7in\u2019in ablas\u0131 kimdir? Mesle\u011fi nedir ka\u00e7 ya\u015f\u0131nda? \" width=\"1208\" height=\"680\" title=\"\" srcset=\"https:\/\/www.tgrthaber.com\/mavikadin\/wp-content\/uploads\/ARZU-10-19.jpg 1208w, https:\/\/www.tgrthaber.com\/mavikadin\/wp-content\/uploads\/ARZU-10-19-300x169.jpg 300w, https:\/\/www.tgrthaber.com\/mavikadin\/wp-content\/uploads\/ARZU-10-19-1024x576.jpg 1024w, https:\/\/www.tgrthaber.com\/mavikadin\/wp-content\/uploads\/ARZU-10-19-768x432.jpg 768w\" sizes=\"(max-width: 1208px) 100vw, 1208px\" \/><\/p>\n<hr \/>\n<p>Bu haber sonras\u0131 G\u00fcl\u00e7in Erg\u00fcl\u2019\u00fcn ablas\u0131 merak edildi. Ancak Kamuoyunda G\u00fcl\u00e7in Erg\u00fcl\u2019\u00fcn ablas\u0131 hakk\u0131nda bir bilgi bulunamam\u0131\u015ft\u0131r. Ne i\u015f yapt\u0131\u011f\u0131 konusunda da bir bilgi yoktu.<\/p>\n<h3><img loading=\"lazy\" decoding=\"async\" class=\"alignnone size-full wp-image-232136\" src=\"https:\/\/www.tgrthaber.com\/mavikadin\/wp-content\/uploads\/ARZU-13-18.jpg\" alt=\"G\u00fcl\u00e7in\u2019in ablas\u0131 kimdir? Mesle\u011fi nedir ka\u00e7 ya\u015f\u0131nda? \" width=\"1208\" height=\"680\" title=\"\" srcset=\"https:\/\/www.tgrthaber.com\/mavikadin\/wp-content\/uploads\/ARZU-13-18.jpg 1208w, https:\/\/www.tgrthaber.com\/mavikadin\/wp-content\/uploads\/ARZU-13-18-300x169.jpg 300w, https:\/\/www.tgrthaber.com\/mavikadin\/wp-content\/uploads\/ARZU-13-18-1024x576.jpg 1024w, https:\/\/www.tgrthaber.com\/mavikadin\/wp-content\/uploads\/ARZU-13-18-768x432.jpg 768w\" sizes=\"(max-width: 1208px) 100vw, 1208px\" \/><\/h3>\n<hr \/>\n<h3>G\u00dcL\u00c7\u0130N\u2019\u0130N ABLASI KA\u00c7 YA\u015eINDA?<\/h3>\n<p>\u00dcnl\u00fc sanat\u00e7\u0131 G\u00fcl\u00e7in Erg\u00fcl, ge\u00e7ti\u011fimiz saatlerde 5 ya\u015f\u0131ndaki ye\u011feni olan Nymphe\u2019nin vefat haberi ile sars\u0131ld\u0131. Ba\u015far\u0131l\u0131 sanat\u00e7\u0131, kendi sosyal medyas\u0131ndan ya\u015fad\u0131klar\u0131n\u0131 ve hissettiklerini sevenleri ile payla\u015ft\u0131. G\u00fcl\u00e7in\u2019in ye\u011feninin annesi oldu\u011fu bilinen ablas\u0131 ise merak oldu.<\/p>\n<p><img loading=\"lazy\" decoding=\"async\" class=\"alignnone size-full wp-image-232135\" src=\"https:\/\/www.tgrthaber.com\/mavikadin\/wp-content\/uploads\/ARZU-14-19.jpg\" alt=\"G\u00fcl\u00e7in\u2019in ablas\u0131 kimdir? Mesle\u011fi nedir ka\u00e7 ya\u015f\u0131nda? \" width=\"1208\" height=\"680\" title=\"\" srcset=\"https:\/\/www.tgrthaber.com\/mavikadin\/wp-content\/uploads\/ARZU-14-19.jpg 1208w, https:\/\/www.tgrthaber.com\/mavikadin\/wp-content\/uploads\/ARZU-14-19-300x169.jpg 300w, https:\/\/www.tgrthaber.com\/mavikadin\/wp-content\/uploads\/ARZU-14-19-1024x576.jpg 1024w, https:\/\/www.tgrthaber.com\/mavikadin\/wp-content\/uploads\/ARZU-14-19-768x432.jpg 768w\" sizes=\"(max-width: 1208px) 100vw, 1208px\" \/><\/p>\n<hr \/>\n<p>G\u00fcl\u00e7in\u2019in ablas\u0131 hakk\u0131nda ise detayl\u0131 bir bilgi bulunamad\u0131. Ya\u015f\u0131 ya da do\u011fum tarifi hakk\u0131nda bir bilgi bulunamayan ba\u015far\u0131l\u0131 \u015fark\u0131 G\u00fcl\u00e7in\u2019in ablas\u0131 hakk\u0131nda kamuoyuna yans\u0131yan bilgiler mevcut de\u011fildir.<\/p>\n","protected":false},"excerpt":{"rendered":"<p>Hepsi grubunun eski \u00fcyelerinden G\u00fcl\u00e7in Erg\u00fcl ya\u015fad\u0131\u011f\u0131 \u00fcz\u00fcnt\u00fc dolu haberler ile g\u00fcndeme geldi. \u00dcnl\u00fc sanat\u00e7\u0131n\u0131n ye\u011feni Nymphe vefat etti. Bu haberler sonras\u0131 G\u00fcl\u00e7in Erg\u00fcl\u2019\u00fcn ablas\u0131 merak konusu oldu. Peki, G\u00fcl\u00e7in\u2019in ablas\u0131 kimdir? Mesle\u011fi nedir ka\u00e7 ya\u015f\u0131nda? \u0130\u015fte detaylar\u2026<\/p>\n","protected":false},"author":34,"featured_media":232138,"comment_status":"closed","ping_status":"closed","sticky":false,"template":"","format":"standard","meta":{"rank_math_lock_modified_date":false,"footnotes":""},"categories":[491],"tags":[3374,56484,61685,61684,133],"class_list":["post-232134","post","type-post","status-publish","format-standard","has-post-thumbnail","hentry","category-biyografi","tag-biyografi","tag-gulcin","tag-gulcin-ablasi","tag-gulcin-ablasi-kim","tag-magazin"],"_links":{"self":[{"href":"https:\/\/www.tgrthaber.com\/mavikadin\/wp-json\/wp\/v2\/posts\/232134"}],"collection":[{"href":"https:\/\/www.tgrthaber.com\/mavikadin\/wp-json\/wp\/v2\/posts"}],"about":[{"href":"https:\/\/www.tgrthaber.com\/mavikadin\/wp-json\/wp\/v2\/types\/post"}],"author":[{"embeddable":true,"href":"https:\/\/www.tgrthaber.com\/mavikadin\/wp-json\/wp\/v2\/users\/34"}],"replies":[{"embeddable":true,"href":"https:\/\/www.tgrthaber.com\/mavikadin\/wp-json\/wp\/v2\/comments?post=232134"}],"version-history":[{"count":2,"href":"https:\/\/www.tgrthaber.com\/mavikadin\/wp-json\/wp\/v2\/posts\/232134\/revisions"}],"predecessor-version":[{"id":232144,"href":"https:\/\/www.tgrthaber.com\/mavikadin\/wp-json\/wp\/v2\/posts\/232134\/revisions\/232144"}],"wp:featuredmedia":[{"embeddable":true,"href":"https:\/\/www.tgrthaber.com\/mavikadin\/wp-json\/wp\/v2\/media\/232138"}],"wp:attachment":[{"href":"https:\/\/www.tgrthaber.com\/mavikadin\/wp-json\/wp\/v2\/media?parent=232134"}],"wp:term":[{"taxonomy":"category","embeddable":true,"href":"https:\/\/www.tgrthaber.com\/mavikadin\/wp-json\/wp\/v2\/categories?post=232134"},{"taxonomy":"post_tag","embeddable":true,"href":"https:\/\/www.tgrthaber.com\/mavikadin\/wp-json\/wp\/v2\/tags?post=232134"}],"curies":[{"name":"wp","href":"https:\/\/api.w.org\/{rel}","templated":true}]}}