{"id":232177,"date":"2025-09-07T13:34:37","date_gmt":"2025-09-07T10:34:37","guid":{"rendered":"https:\/\/www.tgrthaber.com\/mavikadin\/?p=232177"},"modified":"2025-09-07T13:41:43","modified_gmt":"2025-09-07T10:41:43","slug":"teskilat-6-sezona-bomba-uclu-serhat-tutumluer-bulent-polat-ve-murat-parasayar-kadroda","status":"publish","type":"post","link":"https:\/\/www.tgrthaber.com\/mavikadin\/teskilat-6-sezona-bomba-uclu-serhat-tutumluer-bulent-polat-ve-murat-parasayar-kadroda\/","title":{"rendered":"Te\u015fkilat 6. sezona bomba \u00fc\u00e7l\u00fc! Serhat Tutumluer B\u00fclent Polat ve Murat Parasayar kadroda"},"content":{"rendered":"<p>Pazar ak\u015famlar\u0131n\u0131n vazge\u00e7ilmez TRT 1 dizisi Te\u015fkilat, yeni sezon b\u00f6l\u00fcmleriyle \u015fimdiden g\u00fcndemde. 6. sezon i\u00e7in b\u00fcy\u00fck bir haz\u0131rl\u0131k s\u00fcrecine giren Te\u015fkilat dizisinde s\u00fcpriz bir geli\u015fme ya\u015fand\u0131. Birsen Altunta\u015f&#8217;\u0131n haberine g\u00f6re, dizinin 6. sezonuna Serhat Tutumluer, B\u00fclent Polat ve Murat Parasayar da dahil oldu. Dizide bomba etkisi olu\u015fturan bu haber sonras\u0131 yeni b\u00f6l\u00fcmlerin ekrana gelmesi sab\u0131rs\u0131zl\u0131kla bekleniyor. \u0130\u015fte detaylar&#8230;<\/p>\n<h3>TE\u015eK\u0130LAT 6. SEZONA BOMBA \u00dc\u00c7L\u00dc!<\/h3>\n<p>Pazar ak\u015famlar\u0131n\u0131n reyting rekortmeni dizisi Te\u015fkilat, 6. sezon haz\u0131rl\u0131klar\u0131yla da kendinden s\u00f6z ettireiyor. Tims&amp;B yap\u0131mc\u0131l\u0131\u011f\u0131nda olan Te\u015fkilat dizisi hem hikayesi hem de oyuncu kadrosuyla dikkat \u00e7ekmeye devam ediyor.<\/p>\n<p><img loading=\"lazy\" decoding=\"async\" class=\"alignnone wp-image-232189\" src=\"https:\/\/www.tgrthaber.com\/mavikadin\/wp-content\/uploads\/CNS_5042-1-300x169.jpg\" alt=\"\" width=\"1208\" height=\"680\" title=\"\" srcset=\"https:\/\/www.tgrthaber.com\/mavikadin\/wp-content\/uploads\/CNS_5042-1-300x169.jpg 300w, https:\/\/www.tgrthaber.com\/mavikadin\/wp-content\/uploads\/CNS_5042-1-1024x576.jpg 1024w, https:\/\/www.tgrthaber.com\/mavikadin\/wp-content\/uploads\/CNS_5042-1-768x432.jpg 768w, https:\/\/www.tgrthaber.com\/mavikadin\/wp-content\/uploads\/CNS_5042-1-1536x864.jpg 1536w, https:\/\/www.tgrthaber.com\/mavikadin\/wp-content\/uploads\/CNS_5042-1-2048x1152.jpg 2048w\" sizes=\"(max-width: 1208px) 100vw, 1208px\" \/><\/p>\n<hr \/>\n<p>Son olarak diziye dahil olan Serhat Tutumluer, Murat Parasayar ve B\u00fclent Polat b\u00fcy\u00fck bir ilgi olu\u015fturmu\u015f durumda. Usta isimlerin Te\u015fkilat 6. sezonda yer alacak olmas\u0131 beklentiyi yeni b\u00f6l\u00fcmlerde daha da art\u0131rd\u0131. Gerilimin zirvede ya\u015fan\u0131laca\u011f\u0131 d\u00fc\u015f\u00fcn\u00fclen Te\u015fkilat 6. sezon t\u00fcm detaylar\u0131yla g\u00fcndemde kalmaya devam ediyor.<\/p>\n<p><img loading=\"lazy\" decoding=\"async\" class=\"alignnone wp-image-232194\" src=\"https:\/\/www.tgrthaber.com\/mavikadin\/wp-content\/uploads\/galeri_serhat-tutumluer_15-300x169.jpg\" alt=\"\" width=\"1208\" height=\"680\" title=\"\" srcset=\"https:\/\/www.tgrthaber.com\/mavikadin\/wp-content\/uploads\/galeri_serhat-tutumluer_15-300x169.jpg 300w, https:\/\/www.tgrthaber.com\/mavikadin\/wp-content\/uploads\/galeri_serhat-tutumluer_15-1024x576.jpg 1024w, https:\/\/www.tgrthaber.com\/mavikadin\/wp-content\/uploads\/galeri_serhat-tutumluer_15-768x432.jpg 768w, https:\/\/www.tgrthaber.com\/mavikadin\/wp-content\/uploads\/galeri_serhat-tutumluer_15-1536x864.jpg 1536w, https:\/\/www.tgrthaber.com\/mavikadin\/wp-content\/uploads\/galeri_serhat-tutumluer_15.jpg 1920w\" sizes=\"(max-width: 1208px) 100vw, 1208px\" \/><\/p>\n<hr \/>\n<h3>SERHAT TUTUMLUER B\u00dcLENT POLAT VE MURAT PARASAYAR KADRODA<\/h3>\n<p>Te\u015fkilat 6. sezona kat\u0131lan Serhat Tutumluer dizide Rutkay rol\u00fcn\u00fc oynayacak. Dizide karanl\u0131k i\u015flerin kilit ismi olacak Rutkay karakteri Te\u015fkilat ekibine kar\u015f\u0131 dikkat \u00e7eken ve tehlikeli hamleleri ile ad\u0131ndan s\u00f6z ettirecek.<\/p>\n<p><img loading=\"lazy\" decoding=\"async\" class=\"alignnone wp-image-232192\" src=\"https:\/\/www.tgrthaber.com\/mavikadin\/wp-content\/uploads\/murat-parasayar.jpg\" alt=\"\" width=\"1208\" height=\"906\" title=\"\"><\/p>\n<hr \/>\n<p>6. sezonda dikkat \u00e7eken di\u011fer isim ise Murat Parasayar&#8217;\u0131n \u00fcstlenece\u011fi gizemli k\u00f6t\u00fc Davut&#8217;un s\u00f6zc\u00fcs\u00fc olan Theodor karakteri. Masada s\u00f6z\u00fc ge\u00e7en ve \u00f6rg\u00fct\u00fcn \u00e7ok \u00f6nemli kararlar\u0131nda yetki sahibi olacak Theodor karakteri, Murat Parasayar&#8217;\u0131n otoriter ve sert duru\u015fuyla adeta b\u00fct\u00fcnle\u015fecek gibi g\u00f6r\u00fcn\u00fcyor.<\/p>\n<p><img loading=\"lazy\" decoding=\"async\" class=\"alignnone wp-image-232193\" src=\"https:\/\/www.tgrthaber.com\/mavikadin\/wp-content\/uploads\/bulent-polat-kimdir-300x176.webp\" alt=\"\" width=\"1208\" height=\"709\" title=\"\" srcset=\"https:\/\/www.tgrthaber.com\/mavikadin\/wp-content\/uploads\/bulent-polat-kimdir-300x176.webp 300w, https:\/\/www.tgrthaber.com\/mavikadin\/wp-content\/uploads\/bulent-polat-kimdir-768x451.webp 768w, https:\/\/www.tgrthaber.com\/mavikadin\/wp-content\/uploads\/bulent-polat-kimdir.webp 860w\" sizes=\"(max-width: 1208px) 100vw, 1208px\" \/><\/p>\n<hr \/>\n<p>Te\u015fkilat 6. sezona dahil etti\u011fi di\u011fer usta isim B\u00fclent Polat. Daha \u00f6nce Avrupa Yakas\u0131 \u015eesu ve <a href=\"https:\/\/www.tgrthaber.com\/mavikadin\/siyah-kalp-bunyamin-kimdir-bulent-polat-kimdir-kac-yasinda\/\">Siyah Kalp dizisinde B\u00fcnyamin<\/a> rol\u00fcyle performans\u0131ndan s\u00f6z ettiren B\u00fclent Polat, Te\u015fkilat 6. sezonu i\u00e7in Dizdar rol\u00fcyle sevenlerinin kar\u015f\u0131s\u0131na \u00e7\u0131kacak. Polat, Rutkay&#8217;\u0131n i\u015fbirli\u011fi i\u00e7inde oldu\u011fu isimlerden biri olarak Te\u015fkilat yeni sezonda yer alacak. \u00d6rg\u00fct\u00fcn karanl\u0131k y\u00fcz\u00fc, Dizdar karakteriyle daha net yans\u0131t\u0131lacak.<\/p>\n<p><img loading=\"lazy\" decoding=\"async\" class=\"alignnone wp-image-232191\" src=\"https:\/\/www.tgrthaber.com\/mavikadin\/wp-content\/uploads\/teskilat-sezon-finali-ne-zaman-final-bolumu-belli-oldu-17488643679876-300x169.jpg\" alt=\"\" width=\"1208\" height=\"680\" title=\"\" srcset=\"https:\/\/www.tgrthaber.com\/mavikadin\/wp-content\/uploads\/teskilat-sezon-finali-ne-zaman-final-bolumu-belli-oldu-17488643679876-300x169.jpg 300w, https:\/\/www.tgrthaber.com\/mavikadin\/wp-content\/uploads\/teskilat-sezon-finali-ne-zaman-final-bolumu-belli-oldu-17488643679876-1024x576.jpg 1024w, https:\/\/www.tgrthaber.com\/mavikadin\/wp-content\/uploads\/teskilat-sezon-finali-ne-zaman-final-bolumu-belli-oldu-17488643679876-768x432.jpg 768w, https:\/\/www.tgrthaber.com\/mavikadin\/wp-content\/uploads\/teskilat-sezon-finali-ne-zaman-final-bolumu-belli-oldu-17488643679876.jpg 1280w\" sizes=\"(max-width: 1208px) 100vw, 1208px\" \/><\/p>\n<hr \/>\n<p>TRT 1 ekranlar\u0131n\u0131n en \u00e7ok izlenen dizilerinden Te\u015fkilat 6. sezon b\u00f6l\u00fcmleriyle de \u00e7ok konu\u015fulacak gibi g\u00f6r\u00fcn\u00fcyor. Pazar ak\u015famlar\u0131 soluksuz izlenen dizi 15 Haziran 2025 tarihinde sezon finali yapm\u0131\u015ft\u0131.<\/p>\n<p><img loading=\"lazy\" decoding=\"async\" class=\"alignnone wp-image-232190\" src=\"https:\/\/www.tgrthaber.com\/mavikadin\/wp-content\/uploads\/1744723320_5775a6f427c0371798bf-1024x576-1-300x169.webp\" alt=\"\" width=\"1208\" height=\"680\" title=\"\" srcset=\"https:\/\/www.tgrthaber.com\/mavikadin\/wp-content\/uploads\/1744723320_5775a6f427c0371798bf-1024x576-1-300x169.webp 300w, https:\/\/www.tgrthaber.com\/mavikadin\/wp-content\/uploads\/1744723320_5775a6f427c0371798bf-1024x576-1-768x432.webp 768w, https:\/\/www.tgrthaber.com\/mavikadin\/wp-content\/uploads\/1744723320_5775a6f427c0371798bf-1024x576-1.webp 1024w\" sizes=\"(max-width: 1208px) 100vw, 1208px\" \/><\/p>\n<hr \/>\n<p>Kulis bilgilerine g\u00f6re dizinin yeni b\u00f6l\u00fcmleri 28 Eyl\u00fcl 2025 Pazar ak\u015fam\u0131 yine TRT 1 ekranlar\u0131nda ve 20:00&#8217;de yay\u0131nlanacak. \u015eimdi g\u00f6z\u015fer TRT&#8217;nin resmi yay\u0131n tarihini a\u00e7\u0131klamas\u0131na \u00e7evrilmi\u015f durumda.<\/p>\n","protected":false},"excerpt":{"rendered":"<p>TRT 1 ekranlar\u0131n\u0131n yay\u0131nlad\u0131\u011f\u0131 her b\u00f6l\u00fcmle reyting k\u0131ran dizisi Te\u015fkilat, 6. sezon haz\u0131rl\u0131klar\u0131yla bomba gibi geliyor. Usta isimlerin de yer ald\u0131\u011f\u0131 dizi heyecan\u0131n dozunu iyice art\u0131racak gibi duruyor. Te\u015fkilat 6. sezonda kadroya Serhat Tutumluer, B\u00fclent Polat ve Murat Parasayar kat\u0131ld\u0131. \u0130\u015fte Te\u015fkilat 6. sezona dair merak edilenler&#8230;<\/p>\n","protected":false},"author":35,"featured_media":232178,"comment_status":"closed","ping_status":"closed","sticky":false,"template":"","format":"standard","meta":{"rank_math_lock_modified_date":false,"footnotes":""},"categories":[602],"tags":[3792,3602,61692,61691,13607],"class_list":["post-232177","post","type-post","status-publish","format-standard","has-post-thumbnail","hentry","category-diziler","tag-bulent-polat","tag-diziler","tag-murat-parasayar","tag-serhat-tutumluer","tag-teskilat-6-sezon"],"_links":{"self":[{"href":"https:\/\/www.tgrthaber.com\/mavikadin\/wp-json\/wp\/v2\/posts\/232177"}],"collection":[{"href":"https:\/\/www.tgrthaber.com\/mavikadin\/wp-json\/wp\/v2\/posts"}],"about":[{"href":"https:\/\/www.tgrthaber.com\/mavikadin\/wp-json\/wp\/v2\/types\/post"}],"author":[{"embeddable":true,"href":"https:\/\/www.tgrthaber.com\/mavikadin\/wp-json\/wp\/v2\/users\/35"}],"replies":[{"embeddable":true,"href":"https:\/\/www.tgrthaber.com\/mavikadin\/wp-json\/wp\/v2\/comments?post=232177"}],"version-history":[{"count":2,"href":"https:\/\/www.tgrthaber.com\/mavikadin\/wp-json\/wp\/v2\/posts\/232177\/revisions"}],"predecessor-version":[{"id":232196,"href":"https:\/\/www.tgrthaber.com\/mavikadin\/wp-json\/wp\/v2\/posts\/232177\/revisions\/232196"}],"wp:featuredmedia":[{"embeddable":true,"href":"https:\/\/www.tgrthaber.com\/mavikadin\/wp-json\/wp\/v2\/media\/232178"}],"wp:attachment":[{"href":"https:\/\/www.tgrthaber.com\/mavikadin\/wp-json\/wp\/v2\/media?parent=232177"}],"wp:term":[{"taxonomy":"category","embeddable":true,"href":"https:\/\/www.tgrthaber.com\/mavikadin\/wp-json\/wp\/v2\/categories?post=232177"},{"taxonomy":"post_tag","embeddable":true,"href":"https:\/\/www.tgrthaber.com\/mavikadin\/wp-json\/wp\/v2\/tags?post=232177"}],"curies":[{"name":"wp","href":"https:\/\/api.w.org\/{rel}","templated":true}]}}