{"id":232179,"date":"2025-09-07T13:28:48","date_gmt":"2025-09-07T10:28:48","guid":{"rendered":"https:\/\/www.tgrthaber.com\/mavikadin\/?p=232179"},"modified":"2025-09-07T13:28:48","modified_gmt":"2025-09-07T10:28:48","slug":"manifest-grubuna-sorusturma-mi-baslatildi-grubun-konserleri-iptal-mi","status":"publish","type":"post","link":"https:\/\/www.tgrthaber.com\/mavikadin\/manifest-grubuna-sorusturma-mi-baslatildi-grubun-konserleri-iptal-mi\/","title":{"rendered":"Manifest Grubu\u2019na soru\u015fturma m\u0131 ba\u015flat\u0131ld\u0131? Grubun konserleri iptal mi?"},"content":{"rendered":"<p>Manifest Grubu \u015fark\u0131lar\u0131 ve danslar\u0131 ile g\u00fcndem olmaya devam ediyor. T\u00fcrkiye\u2019nin yeni gen\u00e7 k\u0131z grubu olan Manifest 6 Eyl\u00fcl\u2019de ger\u00e7ekle\u015ftirdikleri K\u00fc\u00e7\u00fck\u00e7iftlik Park\u2019taki konserleri ile dikkatleri \u00fczerlerine \u00e7ekti. Danslar\u0131 ve k\u0131yafetleri ile sosyal medyan\u0131n diline d\u00fc\u015fen Manifest Grubu, b\u00fcy\u00fck ses getirdi. Peki, Manifest Grubu\u2019na soru\u015fturulma m\u0131 ba\u015flat\u0131ld\u0131? Merak edilen soruyu ara\u015ft\u0131rd\u0131k. \u0130\u015fte detaylar\u2026<\/p>\n<h3>MAN\u0130FEST GRUBU\u2019NA SORU\u015eTURMA MI BA\u015eLATILDI?<\/h3>\n<p>T\u00fcrkiye\u2019nin yeni pop\u00fcler k\u0131z grubu Manifest g\u00fcndem olmaya devam ediyor. Ge\u00e7ti\u011fimiz g\u00fcn 6 Eyl\u00fcl\u2019de K\u00fc\u00e7\u00fck\u00e7iftlik Park\u2019ta sahne alan grup dikkatleri \u00fczerine \u00e7ekti. 2025 y\u0131l\u0131 m\u00fcz\u00fck d\u00fcnyas\u0131na bomba gibi giren Manifest grubu, \u015fark\u0131lar\u0131 ve enerjik danslar\u0131 ile g\u00fcndemden d\u00fc\u015fm\u00fcyor.<\/p>\n<p><img loading=\"lazy\" decoding=\"async\" class=\"alignnone size-full wp-image-232187\" src=\"https:\/\/www.tgrthaber.com\/mavikadin\/wp-content\/uploads\/ARZU-23-19.jpg\" alt=\"Manifest Grubu\u2019na soru\u015fturma m\u0131 ba\u015flat\u0131ld\u0131? Grubun konserleri iptal mi?\" width=\"1208\" height=\"680\" title=\"\" srcset=\"https:\/\/www.tgrthaber.com\/mavikadin\/wp-content\/uploads\/ARZU-23-19.jpg 1208w, https:\/\/www.tgrthaber.com\/mavikadin\/wp-content\/uploads\/ARZU-23-19-300x169.jpg 300w, https:\/\/www.tgrthaber.com\/mavikadin\/wp-content\/uploads\/ARZU-23-19-1024x576.jpg 1024w, https:\/\/www.tgrthaber.com\/mavikadin\/wp-content\/uploads\/ARZU-23-19-768x432.jpg 768w\" sizes=\"(max-width: 1208px) 100vw, 1208px\" \/><\/p>\n<hr \/>\n<p>Hypers New Media taraf\u0131ndan kurulan grup \u2018Zamans\u0131zd\u0131k\u2019 \u015fark\u0131s\u0131 ile m\u00fczik listelerinde ilk s\u0131raya yerle\u015fmi\u015flerdi. Ard\u0131ndan \u2018Ar\u0131yo\u2019, \u2018KTS\u2019 ve \u2018Snap\u2019 gibi par\u00e7alar ile dinleyiciler taraf\u0131ndan \u00e7ok sevilmi\u015flerdi.<\/p>\n<p><img loading=\"lazy\" decoding=\"async\" class=\"alignnone size-full wp-image-232180\" src=\"https:\/\/www.tgrthaber.com\/mavikadin\/wp-content\/uploads\/ARZU-30-20.jpg\" alt=\"Manifest Grubu\u2019na soru\u015fturma m\u0131 ba\u015flat\u0131ld\u0131? Grubun konserleri iptal mi?\" width=\"1208\" height=\"680\" title=\"\" srcset=\"https:\/\/www.tgrthaber.com\/mavikadin\/wp-content\/uploads\/ARZU-30-20.jpg 1208w, https:\/\/www.tgrthaber.com\/mavikadin\/wp-content\/uploads\/ARZU-30-20-300x169.jpg 300w, https:\/\/www.tgrthaber.com\/mavikadin\/wp-content\/uploads\/ARZU-30-20-1024x576.jpg 1024w, https:\/\/www.tgrthaber.com\/mavikadin\/wp-content\/uploads\/ARZU-30-20-768x432.jpg 768w\" sizes=\"(max-width: 1208px) 100vw, 1208px\" \/><\/p>\n<hr \/>\n<p>13 Haziran 2025 tarihinden ilk alb\u00fcmleri olan \u2018Manifestival\u2019 ile g\u00fcndeme bomba gibi d\u00fc\u015ft\u00fcler. M\u00fczik listelerinde bir numaraya y\u00fckselen grup k\u0131sa s\u00fcre i\u00e7inde b\u00fcy\u00fck bir ba\u015far\u0131 yakalad\u0131.<\/p>\n<p><img loading=\"lazy\" decoding=\"async\" class=\"alignnone size-full wp-image-232185\" src=\"https:\/\/www.tgrthaber.com\/mavikadin\/wp-content\/uploads\/ARZU-25-19.jpg\" alt=\"Manifest Grubu\u2019na soru\u015fturma m\u0131 ba\u015flat\u0131ld\u0131? Grubun konserleri iptal mi?\" width=\"1208\" height=\"680\" title=\"\" srcset=\"https:\/\/www.tgrthaber.com\/mavikadin\/wp-content\/uploads\/ARZU-25-19.jpg 1208w, https:\/\/www.tgrthaber.com\/mavikadin\/wp-content\/uploads\/ARZU-25-19-300x169.jpg 300w, https:\/\/www.tgrthaber.com\/mavikadin\/wp-content\/uploads\/ARZU-25-19-1024x576.jpg 1024w, https:\/\/www.tgrthaber.com\/mavikadin\/wp-content\/uploads\/ARZU-25-19-768x432.jpg 768w\" sizes=\"(max-width: 1208px) 100vw, 1208px\" \/><\/p>\n<hr \/>\n<p>Ge\u00e7ti\u011fimiz g\u00fcnlerde K\u00fc\u00e7\u00fck\u00e7iftlik Park\u2019ta +18 konserleri ile de g\u00fcndeme bomba gibi d\u00fc\u015ft\u00fcler. \u201cDeluxe Day\u201d adl\u0131 etkinlikleri adeta sosyal medyay\u0131 sallad\u0131. Bu konser sonras\u0131 s\u0131k\u00e7a medya da yer alan Manifest grubu, haklar\u0131nda ortaya \u00e7\u0131kan soru\u015fturma ile dikkat \u00e7ektiler.<\/p>\n<p><img loading=\"lazy\" decoding=\"async\" class=\"alignnone size-full wp-image-232181\" src=\"https:\/\/www.tgrthaber.com\/mavikadin\/wp-content\/uploads\/ARZU-29-19.jpg\" alt=\"Manifest Grubu\u2019na soru\u015fturma m\u0131 ba\u015flat\u0131ld\u0131? Grubun konserleri iptal mi?\" width=\"1208\" height=\"680\" title=\"\" srcset=\"https:\/\/www.tgrthaber.com\/mavikadin\/wp-content\/uploads\/ARZU-29-19.jpg 1208w, https:\/\/www.tgrthaber.com\/mavikadin\/wp-content\/uploads\/ARZU-29-19-300x169.jpg 300w, https:\/\/www.tgrthaber.com\/mavikadin\/wp-content\/uploads\/ARZU-29-19-1024x576.jpg 1024w, https:\/\/www.tgrthaber.com\/mavikadin\/wp-content\/uploads\/ARZU-29-19-768x432.jpg 768w\" sizes=\"(max-width: 1208px) 100vw, 1208px\" \/><\/p>\n<hr \/>\n<p>\u0130stanbul Cumhuriyet Ba\u015fsavc\u0131l\u0131\u011f\u0131 konserdeki dans ve g\u00f6steriler nedeniyle \u2018hayas\u0131zca hareketler\u2019 ve \u2018te\u015fhircilik\u2019 su\u00e7lar\u0131ndan resen soru\u015fturma ba\u015flat\u0131ld\u0131\u011f\u0131n\u0131 belirtti. Soru\u015fturman\u0131n \u2018hayas\u0131zca hareketler\u2019 ve \u2018te\u015fhircilik\u2019 su\u00e7lar\u0131ndan oldu\u011funu belirten ba\u015fsavc\u0131l\u0131k yay\u0131nlad\u0131\u011f\u0131 ac\u0131kmas\u0131nda \u015fu ifadeleri kulland\u0131.<\/p>\n<p><img loading=\"lazy\" decoding=\"async\" class=\"alignnone size-full wp-image-232184\" src=\"https:\/\/www.tgrthaber.com\/mavikadin\/wp-content\/uploads\/ARZU-26-19.jpg\" alt=\"Manifest Grubu\u2019na soru\u015fturma m\u0131 ba\u015flat\u0131ld\u0131? Grubun konserleri iptal mi?\" width=\"1208\" height=\"680\" title=\"\" srcset=\"https:\/\/www.tgrthaber.com\/mavikadin\/wp-content\/uploads\/ARZU-26-19.jpg 1208w, https:\/\/www.tgrthaber.com\/mavikadin\/wp-content\/uploads\/ARZU-26-19-300x169.jpg 300w, https:\/\/www.tgrthaber.com\/mavikadin\/wp-content\/uploads\/ARZU-26-19-1024x576.jpg 1024w, https:\/\/www.tgrthaber.com\/mavikadin\/wp-content\/uploads\/ARZU-26-19-768x432.jpg 768w\" sizes=\"(max-width: 1208px) 100vw, 1208px\" \/><\/p>\n<hr \/>\n<p>\u201cToplumun sahip bulundu\u011fu ortak edep (ar ve haya) duygular\u0131n\u0131n ihl\u00e2li ve incitilmesi, edep ve ahl\u00e2k temizli\u011fine, toplum k\u00fclt\u00fcr\u00fcn\u00fcn \u00f6nemli bir k\u0131sm\u0131n\u0131 olu\u015fturan edep, iffet, ar ve haya duygular\u0131, edep t\u00f6relerine sald\u0131r\u0131 niteli\u011fi ta\u015f\u0131yan, \u00e7ocuklar\u0131 ve gen\u00e7lerin bu duygular\u0131na zarar verip olumsuz etkileyici nitelikte olan eylem ve hareketlerde bulunduklar\u0131n\u0131n tespit edilmesi \u00fczerine\u201d s\u00f6zlerini yay\u0131nlad\u0131.<\/p>\n<h3><img loading=\"lazy\" decoding=\"async\" class=\"alignnone size-full wp-image-232183\" src=\"https:\/\/www.tgrthaber.com\/mavikadin\/wp-content\/uploads\/ARZU-27-20.jpg\" alt=\"Manifest Grubu\u2019na soru\u015fturma m\u0131 ba\u015flat\u0131ld\u0131? Grubun konserleri iptal mi?\" width=\"1208\" height=\"680\" title=\"\" srcset=\"https:\/\/www.tgrthaber.com\/mavikadin\/wp-content\/uploads\/ARZU-27-20.jpg 1208w, https:\/\/www.tgrthaber.com\/mavikadin\/wp-content\/uploads\/ARZU-27-20-300x169.jpg 300w, https:\/\/www.tgrthaber.com\/mavikadin\/wp-content\/uploads\/ARZU-27-20-1024x576.jpg 1024w, https:\/\/www.tgrthaber.com\/mavikadin\/wp-content\/uploads\/ARZU-27-20-768x432.jpg 768w\" sizes=\"(max-width: 1208px) 100vw, 1208px\" \/><\/h3>\n<hr \/>\n<h3>GRUBUN KONSERLER\u0130 \u0130PTAL M\u0130?<\/h3>\n<p>Sahne k\u0131yafetleri ve danslar\u0131 ile \u00e7ok konu\u015fulan Manifest Grubu, sosyal medyada tart\u0131\u015fmalara neden oldu. Grup ilk 18 ya\u015f s\u0131n\u0131rl\u0131 konserleri ile de 12 bin seyircinin oldu\u011funu sosyal medyas\u0131ndan a\u00e7\u0131klad\u0131.<\/p>\n<p><img loading=\"lazy\" decoding=\"async\" class=\"alignnone size-full wp-image-232186\" src=\"https:\/\/www.tgrthaber.com\/mavikadin\/wp-content\/uploads\/ARZU-24-19.jpg\" alt=\"Manifest Grubu\u2019na soru\u015fturma m\u0131 ba\u015flat\u0131ld\u0131? Grubun konserleri iptal mi?\" width=\"1208\" height=\"680\" title=\"\" srcset=\"https:\/\/www.tgrthaber.com\/mavikadin\/wp-content\/uploads\/ARZU-24-19.jpg 1208w, https:\/\/www.tgrthaber.com\/mavikadin\/wp-content\/uploads\/ARZU-24-19-300x169.jpg 300w, https:\/\/www.tgrthaber.com\/mavikadin\/wp-content\/uploads\/ARZU-24-19-1024x576.jpg 1024w, https:\/\/www.tgrthaber.com\/mavikadin\/wp-content\/uploads\/ARZU-24-19-768x432.jpg 768w\" sizes=\"(max-width: 1208px) 100vw, 1208px\" \/><\/p>\n<hr \/>\n<p>Manifest Grubu\u2019nun ge\u00e7ti\u011fimiz g\u00fcnlerde yine k\u0131yafet se\u00e7imleri nedeniyle Erzurum konserler iptal olmu\u015ftu. Erzurum B\u00fcy\u00fck\u015fehir Belediyesi\u2019nin yapt\u0131\u011f\u0131 a\u00e7\u0131klamalarda grubun sahne k\u0131yafetleri gerek\u00e7e g\u00f6sterilmi\u015f ve konserleri iptal edilmi\u015fti.<\/p>\n","protected":false},"excerpt":{"rendered":"<p>T\u00fcrkiye\u2019nin yeni pop\u00fcler yeni k\u0131z grubu Manifest 6 Eyl\u00fcl\u2019de ger\u00e7ekle\u015ftirdikleri konser sonras\u0131 sosyal medyada bomba gibi d\u00fc\u015ft\u00fcler. Dikkat \u00e7ekici kost\u00fcmleri ve sahnedeki danslar\u0131 ile adeta b\u00fcy\u00fck ses getirdiler. Peki, Manifest\u2019in \u00e7ok konu\u015fulan konseri sonras\u0131 hakk\u0131nda soru\u015fturulma m\u0131 ba\u015flat\u0131ld\u0131? \u0130\u015fte detaylar\u2026 <\/p>\n","protected":false},"author":34,"featured_media":232182,"comment_status":"closed","ping_status":"closed","sticky":false,"template":"","format":"standard","meta":{"rank_math_lock_modified_date":false,"footnotes":""},"categories":[76],"tags":[2218,10533,26726,2402],"class_list":["post-232179","post","type-post","status-publish","format-standard","has-post-thumbnail","hentry","category-magazin","tag-magazin-haberleri","tag-manifest-grubu","tag-manifest-grubu-konser","tag-sorusturma"],"_links":{"self":[{"href":"https:\/\/www.tgrthaber.com\/mavikadin\/wp-json\/wp\/v2\/posts\/232179"}],"collection":[{"href":"https:\/\/www.tgrthaber.com\/mavikadin\/wp-json\/wp\/v2\/posts"}],"about":[{"href":"https:\/\/www.tgrthaber.com\/mavikadin\/wp-json\/wp\/v2\/types\/post"}],"author":[{"embeddable":true,"href":"https:\/\/www.tgrthaber.com\/mavikadin\/wp-json\/wp\/v2\/users\/34"}],"replies":[{"embeddable":true,"href":"https:\/\/www.tgrthaber.com\/mavikadin\/wp-json\/wp\/v2\/comments?post=232179"}],"version-history":[{"count":1,"href":"https:\/\/www.tgrthaber.com\/mavikadin\/wp-json\/wp\/v2\/posts\/232179\/revisions"}],"predecessor-version":[{"id":232188,"href":"https:\/\/www.tgrthaber.com\/mavikadin\/wp-json\/wp\/v2\/posts\/232179\/revisions\/232188"}],"wp:featuredmedia":[{"embeddable":true,"href":"https:\/\/www.tgrthaber.com\/mavikadin\/wp-json\/wp\/v2\/media\/232182"}],"wp:attachment":[{"href":"https:\/\/www.tgrthaber.com\/mavikadin\/wp-json\/wp\/v2\/media?parent=232179"}],"wp:term":[{"taxonomy":"category","embeddable":true,"href":"https:\/\/www.tgrthaber.com\/mavikadin\/wp-json\/wp\/v2\/categories?post=232179"},{"taxonomy":"post_tag","embeddable":true,"href":"https:\/\/www.tgrthaber.com\/mavikadin\/wp-json\/wp\/v2\/tags?post=232179"}],"curies":[{"name":"wp","href":"https:\/\/api.w.org\/{rel}","templated":true}]}}