{"id":232197,"date":"2025-09-07T14:42:19","date_gmt":"2025-09-07T11:42:19","guid":{"rendered":"https:\/\/www.tgrthaber.com\/mavikadin\/?p=232197"},"modified":"2025-09-07T14:42:19","modified_gmt":"2025-09-07T11:42:19","slug":"hande-unsala-sahnede-tursulu-pasta-surprizi-agizlari-acik-birakti-selena-gomeze-sok-gonderme","status":"publish","type":"post","link":"https:\/\/www.tgrthaber.com\/mavikadin\/hande-unsala-sahnede-tursulu-pasta-surprizi-agizlari-acik-birakti-selena-gomeze-sok-gonderme\/","title":{"rendered":"Hande \u00dcnsal&#8217;a sahnede tur\u015fulu pasta s\u00fcrprizi a\u011f\u0131zlar\u0131 a\u00e7\u0131k b\u0131rakt\u0131! Selena Gomez&#8217;e \u015fok g\u00f6nderme"},"content":{"rendered":"<p>\u00c7ubuk&#8217;ta bu sene 17. d\u00fczenlenen K\u00fclt\u00fcr ve Tur\u015fu Festivali, unutulmaz bir anla g\u00fcndemde. Sahneye damga vuran tur\u015fulu pasta olay\u0131 sosyal medyan\u0131n g\u00fcndemine resmen oturdu. Etkinlikte konser veren Hande \u00dcnsal, sahneye gelen tur\u015fulu pastay\u0131 g\u00f6r\u00fcnce neye u\u011frad\u0131\u011f\u0131n\u0131 \u015fa\u015f\u0131rd\u0131. Selena Gomez&#8217;in tur\u015fulu pastas\u0131na adeta g\u00f6nderme yap\u0131lan etkinlikte ya\u015fan\u0131lan bu olay magazin sayfalar\u0131nda da ilk s\u0131ralarda yer ald\u0131. \u0130\u015fte Hande \u00dcnsal sahnesinde a\u011f\u0131zlar\u0131 a\u00e7\u0131kta b\u0131rakan o anlar&#8230;<\/p>\n<h3>HANDE \u00dcNSAL&#8217;A SAHNEDE TUR\u015eULU PASTA S\u00dcRPR\u0130Z\u0130 A\u011eIZLARI A\u00c7IK BIRAKTI<\/h3>\n<p>17. Uluslararas\u0131 \u00c7ubuk K\u00fclt\u00fcr ve Tur\u015fu Festivali etkinli\u011finde sahne alan Hande \u00dcnsal, beklenmedik bir olayla g\u00fcndeme geldi. Sahnede konser verdi\u011fi s\u0131rada g\u00fczel bir jestle kar\u015f\u0131la\u015fan Hande \u00dcnsal, sahneye gelen tur\u015fulu pastay\u0131 g\u00f6r\u00fcnce \u015fa\u015ft\u0131 kald\u0131. \u00c7ubuk&#8217;un me\u015fhur tur\u015fular\u0131yla haz\u0131rlanan tur\u015fulu pasta geceye resmen damga vurdu.<\/p>\n<p><img loading=\"lazy\" decoding=\"async\" class=\"alignnone wp-image-232209\" src=\"https:\/\/www.tgrthaber.com\/mavikadin\/wp-content\/uploads\/Adsiz-tasarim-19-30-300x169.png\" alt=\"\" width=\"1208\" height=\"680\" title=\"\" srcset=\"https:\/\/www.tgrthaber.com\/mavikadin\/wp-content\/uploads\/Adsiz-tasarim-19-30-300x169.png 300w, https:\/\/www.tgrthaber.com\/mavikadin\/wp-content\/uploads\/Adsiz-tasarim-19-30-1024x576.png 1024w, https:\/\/www.tgrthaber.com\/mavikadin\/wp-content\/uploads\/Adsiz-tasarim-19-30-768x432.png 768w, https:\/\/www.tgrthaber.com\/mavikadin\/wp-content\/uploads\/Adsiz-tasarim-19-30-1536x864.png 1536w, https:\/\/www.tgrthaber.com\/mavikadin\/wp-content\/uploads\/Adsiz-tasarim-19-30.png 1920w\" sizes=\"(max-width: 1208px) 100vw, 1208px\" \/><\/p>\n<hr \/>\n<p>Ankara&#8217;n\u0131n \u00c7ubuk il\u00e7esi her y\u0131l geleneksel tur\u015fu festivaliyle g\u00fcndeme geliyor. Ancak bu defa Hande \u00dcnsal&#8217;\u0131n konseri s\u0131ras\u0131nda sunulan tur\u015fulu pastas\u0131yla konu\u015fuldu. Sosyal medyada yay\u0131lan g\u00f6r\u00fcnt\u00fcler ise binlerce yorum ve be\u011feni ald\u0131. Hande \u00dcnsal i\u00e7in haz\u0131rlanan tur\u015fulu pasta, takip\u00e7iler taraf\u0131ndan da olduk\u00e7a be\u011fenildi.<\/p>\n<p><img loading=\"lazy\" decoding=\"async\" class=\"alignnone wp-image-232210\" src=\"https:\/\/www.tgrthaber.com\/mavikadin\/wp-content\/uploads\/Adsiz-tasarim-18-32-300x169.png\" alt=\"\" width=\"1208\" height=\"680\" title=\"\" srcset=\"https:\/\/www.tgrthaber.com\/mavikadin\/wp-content\/uploads\/Adsiz-tasarim-18-32-300x169.png 300w, https:\/\/www.tgrthaber.com\/mavikadin\/wp-content\/uploads\/Adsiz-tasarim-18-32-1024x576.png 1024w, https:\/\/www.tgrthaber.com\/mavikadin\/wp-content\/uploads\/Adsiz-tasarim-18-32-768x432.png 768w, https:\/\/www.tgrthaber.com\/mavikadin\/wp-content\/uploads\/Adsiz-tasarim-18-32-1536x864.png 1536w, https:\/\/www.tgrthaber.com\/mavikadin\/wp-content\/uploads\/Adsiz-tasarim-18-32.png 1920w\" sizes=\"(max-width: 1208px) 100vw, 1208px\" \/><\/p>\n<hr \/>\n<h3>SELENA GOMEZ&#8217;E \u015eOK G\u00d6NDERME<\/h3>\n<p>Daha \u00f6nce bilen bilir. D\u00fcnyaca \u00fcnl\u00fc Selena Gomez, do\u011fumg\u00fcn\u00fc pastas\u0131n\u0131 tur\u015fu temal\u0131 yapt\u0131rm\u0131\u015f ve de\u011fi\u015fik pasta yorumu g\u00fcnlerce d\u00fcnya bas\u0131n\u0131nda da konu\u015fulmu\u015ftu. \u00c7ubuk sakinlerinin d\u00fczenledi\u011fi 17. K\u00fclt\u00fcr ve Tur\u015fu Festivali&#8217;nde Selena Gomez&#8217;e tur\u015fulu g\u00f6nderme yapmas\u0131 epeyce dikkat \u00e7ekti.<\/p>\n<p><img loading=\"lazy\" decoding=\"async\" class=\"alignnone wp-image-232211\" src=\"https:\/\/www.tgrthaber.com\/mavikadin\/wp-content\/uploads\/Adsiz-tasarim-17-31-300x169.png\" alt=\"\" width=\"1208\" height=\"680\" title=\"\" srcset=\"https:\/\/www.tgrthaber.com\/mavikadin\/wp-content\/uploads\/Adsiz-tasarim-17-31-300x169.png 300w, https:\/\/www.tgrthaber.com\/mavikadin\/wp-content\/uploads\/Adsiz-tasarim-17-31-1024x576.png 1024w, https:\/\/www.tgrthaber.com\/mavikadin\/wp-content\/uploads\/Adsiz-tasarim-17-31-768x432.png 768w, https:\/\/www.tgrthaber.com\/mavikadin\/wp-content\/uploads\/Adsiz-tasarim-17-31-1536x864.png 1536w, https:\/\/www.tgrthaber.com\/mavikadin\/wp-content\/uploads\/Adsiz-tasarim-17-31.png 1920w\" sizes=\"(max-width: 1208px) 100vw, 1208px\" \/><\/p>\n<hr \/>\n<p>Hande \u00dcnsal kendi sahnesinde tur\u015fu temal\u0131 pastay\u0131 g\u00f6r\u00fcnce de \u015fa\u015fk\u0131nl\u0131\u011f\u0131n\u0131 ve mutlulu\u011funu \u015fu s\u00f6zlerle dile getirdi;<\/p>\n<p>&#8216;Bu ger\u00e7ekten benim i\u00e7in \u00e7ok farkl\u0131 ve \u00e7ok tatl\u0131 bir s\u00fcrpriz oldu.&#8217;<\/p>\n<p><img loading=\"lazy\" decoding=\"async\" class=\"alignnone wp-image-232212\" src=\"https:\/\/www.tgrthaber.com\/mavikadin\/wp-content\/uploads\/Adsiz-tasarim-16-32-300x169.png\" alt=\"\" width=\"1208\" height=\"680\" title=\"\" srcset=\"https:\/\/www.tgrthaber.com\/mavikadin\/wp-content\/uploads\/Adsiz-tasarim-16-32-300x169.png 300w, https:\/\/www.tgrthaber.com\/mavikadin\/wp-content\/uploads\/Adsiz-tasarim-16-32-1024x576.png 1024w, https:\/\/www.tgrthaber.com\/mavikadin\/wp-content\/uploads\/Adsiz-tasarim-16-32-768x432.png 768w, https:\/\/www.tgrthaber.com\/mavikadin\/wp-content\/uploads\/Adsiz-tasarim-16-32-1536x864.png 1536w, https:\/\/www.tgrthaber.com\/mavikadin\/wp-content\/uploads\/Adsiz-tasarim-16-32.png 1920w\" sizes=\"(max-width: 1208px) 100vw, 1208px\" \/><\/p>\n<hr \/>\n<h3>HANDE \u00dcNSAL K\u0130MD\u0130R K\u0130M\u0130N KIZI?<\/h3>\n<p>\u00dcnl\u00fc \u015fark\u0131c\u0131 Hande \u00dcnsal 1992 do\u011fumludur. \u0130zmir&#8217;de d\u00fcnyaya gelen sanat\u00e7\u0131, daha \u00e7ocuk ya\u015fta m\u00fczi\u011fe ilgi duymaya ba\u015flam\u0131\u015f. \u015eark\u0131c\u0131 Niran \u00dcnsal&#8217;\u0131n k\u0131z\u0131d\u0131r. Hande \u00dcnsal e\u011fitimini ise \u0130stanbul Teknik \u00dcniversitesi T\u00fcrk Musikisi Devlet Konservatuar\u0131&#8217;nda tamamlam\u0131\u015ft\u0131r.<\/p>\n<p><img loading=\"lazy\" decoding=\"async\" class=\"alignnone wp-image-232208\" src=\"https:\/\/www.tgrthaber.com\/mavikadin\/wp-content\/uploads\/Adsiz-tasarim-15-31-300x169.png\" alt=\"\" width=\"1208\" height=\"680\" title=\"\" srcset=\"https:\/\/www.tgrthaber.com\/mavikadin\/wp-content\/uploads\/Adsiz-tasarim-15-31-300x169.png 300w, https:\/\/www.tgrthaber.com\/mavikadin\/wp-content\/uploads\/Adsiz-tasarim-15-31-1024x576.png 1024w, https:\/\/www.tgrthaber.com\/mavikadin\/wp-content\/uploads\/Adsiz-tasarim-15-31-768x432.png 768w, https:\/\/www.tgrthaber.com\/mavikadin\/wp-content\/uploads\/Adsiz-tasarim-15-31-1536x864.png 1536w, https:\/\/www.tgrthaber.com\/mavikadin\/wp-content\/uploads\/Adsiz-tasarim-15-31.png 1920w\" sizes=\"(max-width: 1208px) 100vw, 1208px\" \/><\/p>\n<hr \/>\n<p>2016 y\u0131l\u0131nda \u0130ki \u00c7ift Laf \u015fark\u0131s\u0131yla m\u00fczik piyasas\u0131nda ismini duyurmu\u015ftur. G\u00fc\u00e7l\u00fc sesi ve yorumuyla \u00e7ok k\u0131sa s\u00fcrede milyonlara hitap etmi\u015ftir. 2018 y\u0131l\u0131nda ise m\u00fczik listelerini sallayan Seni Sever miydim? \u015fark\u0131s\u0131 ile g\u00f6n\u00fcllerde yer etmi\u015ftir. Daha sonra Nerdesin, Daha \u0130yi, S\u00f6z\u00fcm S\u00f6z, G\u00f6nder Gelsin, Senm Yokken gibi par\u00e7alarla \u00f6vg\u00fc toplam\u0131\u015ft\u0131r.<\/p>\n<p><img loading=\"lazy\" decoding=\"async\" class=\"alignnone wp-image-232214\" src=\"https:\/\/www.tgrthaber.com\/mavikadin\/wp-content\/uploads\/handeunsallll-300x189.png\" alt=\"\" width=\"1208\" height=\"761\" title=\"\" srcset=\"https:\/\/www.tgrthaber.com\/mavikadin\/wp-content\/uploads\/handeunsallll-300x189.png 300w, https:\/\/www.tgrthaber.com\/mavikadin\/wp-content\/uploads\/handeunsallll.png 683w\" sizes=\"(max-width: 1208px) 100vw, 1208px\" \/><\/p>\n<hr \/>\n<p>2025 y\u0131l\u0131 ise Halim ad\u0131nda alb\u00fcm\u00fc onun i\u00e7in d\u00f6n\u00fcm noktas\u0131 olmu\u015ftur. Alb\u00fcmde 9 \u015fark\u0131ya da klip \u00e7eken Hande \u00dcnsal, \u00e7\u0131k\u0131\u015f \u015fark\u0131s\u0131 olan Loveland\u0131m ile k\u0131sa s\u00fcrede dijital platformlarda ad\u0131ndan s\u00f6z ettirdi.<\/p>\n","protected":false},"excerpt":{"rendered":"<p>\u00c7ubuk&#8217;ta d\u00fczenlenen K\u00fclt\u00fcr ve Tur\u015fu Festivali&#8217;nde sahneye damga vuran bir an ya\u015fand\u0131. Verdi\u011fi konser s\u0131ras\u0131nda beklenmedik bir anda kendisine sunulan tur\u015fulu pasta kar\u015f\u0131s\u0131nda donup kalan Hande \u00dcnsal, sosyal medyada adeta g\u00fcndem oldu. Ak\u0131llara Selena Gomez&#8217;in do\u011fum g\u00fcn\u00fc pastas\u0131 gelirken, merak edilen t\u00fcm detaylar\u0131 haberimizde derlerdik.\u00a0<\/p>\n","protected":false},"author":35,"featured_media":232213,"comment_status":"closed","ping_status":"closed","sticky":false,"template":"","format":"standard","meta":{"rank_math_lock_modified_date":false,"footnotes":""},"categories":[76],"tags":[61694,6148,133,3756,61693],"class_list":["post-232197","post","type-post","status-publish","format-standard","has-post-thumbnail","hentry","category-magazin","tag-17-kultur-ve-tursu-festivali","tag-hande-unsal","tag-magazin","tag-selena-gomez","tag-tursu-temali-pasta"],"_links":{"self":[{"href":"https:\/\/www.tgrthaber.com\/mavikadin\/wp-json\/wp\/v2\/posts\/232197"}],"collection":[{"href":"https:\/\/www.tgrthaber.com\/mavikadin\/wp-json\/wp\/v2\/posts"}],"about":[{"href":"https:\/\/www.tgrthaber.com\/mavikadin\/wp-json\/wp\/v2\/types\/post"}],"author":[{"embeddable":true,"href":"https:\/\/www.tgrthaber.com\/mavikadin\/wp-json\/wp\/v2\/users\/35"}],"replies":[{"embeddable":true,"href":"https:\/\/www.tgrthaber.com\/mavikadin\/wp-json\/wp\/v2\/comments?post=232197"}],"version-history":[{"count":1,"href":"https:\/\/www.tgrthaber.com\/mavikadin\/wp-json\/wp\/v2\/posts\/232197\/revisions"}],"predecessor-version":[{"id":232215,"href":"https:\/\/www.tgrthaber.com\/mavikadin\/wp-json\/wp\/v2\/posts\/232197\/revisions\/232215"}],"wp:featuredmedia":[{"embeddable":true,"href":"https:\/\/www.tgrthaber.com\/mavikadin\/wp-json\/wp\/v2\/media\/232213"}],"wp:attachment":[{"href":"https:\/\/www.tgrthaber.com\/mavikadin\/wp-json\/wp\/v2\/media?parent=232197"}],"wp:term":[{"taxonomy":"category","embeddable":true,"href":"https:\/\/www.tgrthaber.com\/mavikadin\/wp-json\/wp\/v2\/categories?post=232197"},{"taxonomy":"post_tag","embeddable":true,"href":"https:\/\/www.tgrthaber.com\/mavikadin\/wp-json\/wp\/v2\/tags?post=232197"}],"curies":[{"name":"wp","href":"https:\/\/api.w.org\/{rel}","templated":true}]}}