{"id":232198,"date":"2025-09-07T14:08:39","date_gmt":"2025-09-07T11:08:39","guid":{"rendered":"https:\/\/www.tgrthaber.com\/mavikadin\/?p=232198"},"modified":"2025-09-07T14:08:39","modified_gmt":"2025-09-07T11:08:39","slug":"carpinti-dizisinin-emresi-gurberk-polat-kimdir-gurberk-polat-kac-yasinda-hangi-dizilerde-rol-aldi","status":"publish","type":"post","link":"https:\/\/www.tgrthaber.com\/mavikadin\/carpinti-dizisinin-emresi-gurberk-polat-kimdir-gurberk-polat-kac-yasinda-hangi-dizilerde-rol-aldi\/","title":{"rendered":"\u00c7arp\u0131nt\u0131 dizisinin Emre\u2019si G\u00fcrberk Polat kimdir? G\u00fcrberk Polat ka\u00e7 ya\u015f\u0131nda hangi dizilerde rol ald\u0131?"},"content":{"rendered":"<p>Kerem B\u00fcrsin ve Lizge C\u00f6mert gibi isimlerin ba\u015frol oldu\u011fu \u2018\u00c7arp\u0131nt\u0131\u2019 dizisi seyircisi ile bulu\u015fmaya g\u00fcn say\u0131yor. Konusu ile dikkatleri \u00fczerine \u00e7eken \u00c7arp\u0131nt\u0131 dizisi oyuncular\u0131 ile g\u00fcndeme de geliyor. Ba\u015far\u0131l\u0131 oyunculardan G\u00fcrberk Polat \u2018Emre\u2019 karakteri ile ekranlara geliyor. Peki, \u00c7arp\u0131nt\u0131 dizisinin Emre\u2019si G\u00fcrberk Polat kimdir? G\u00fcrberk Polat ka\u00e7 ya\u015f\u0131nda hangi dizilerde rol ald\u0131? sorular\u0131n\u0131 sizin i\u00e7in ara\u015ft\u0131rd\u0131k. \u0130\u015fte G\u00fcrberk Polat hakk\u0131nda merak edilenler\u2026<\/p>\n<h3>\u00c7ARPINTI D\u0130Z\u0130S\u0130N\u0130N EMRE\u2019S\u0130 G\u00dcRBERK POLAT K\u0130MD\u0130R?<\/h3>\n<p>Star TV\u2019nin yeni dizisi <a href=\"https:\/\/www.tgrthaber.com\/mavikadin\/carpinti-dizisinin-meryemi-pinar-caglar-gencturk-kimdir-pinar-caglar-gencturk-oynadigi-diziler-ve-filmler-neler\/\">\u2018\u00c7arp\u0131nt\u0131\u2019<\/a> seyirci ile bulu\u015fmaya g\u00fcn say\u0131yor. Heyecan dolu konusu ile dikkatleri \u00fczerine \u00e7eken \u2018\u00c7arp\u0131nt\u0131\u2019 dizisi oyuncular\u0131 ile de g\u00fcndeme geliyor. \u2018Emre\u2019 karakteri ile seyirci kar\u015f\u0131s\u0131na \u00e7\u0131kacak olan G\u00fcrberk Polat, merak edilen oyuncular aras\u0131nda yerini ald\u0131.<\/p>\n<p><img loading=\"lazy\" decoding=\"async\" class=\"alignnone size-full wp-image-232201\" src=\"https:\/\/www.tgrthaber.com\/mavikadin\/wp-content\/uploads\/ARZU-35-18.jpg\" alt=\"\u00c7arp\u0131nt\u0131 dizisinin Emre\u2019si G\u00fcrberk Polat kimdir? G\u00fcrberk Polat ka\u00e7 ya\u015f\u0131nda hangi dizilerde rol ald\u0131?\" width=\"1208\" height=\"680\" title=\"\" srcset=\"https:\/\/www.tgrthaber.com\/mavikadin\/wp-content\/uploads\/ARZU-35-18.jpg 1208w, https:\/\/www.tgrthaber.com\/mavikadin\/wp-content\/uploads\/ARZU-35-18-300x169.jpg 300w, https:\/\/www.tgrthaber.com\/mavikadin\/wp-content\/uploads\/ARZU-35-18-1024x576.jpg 1024w, https:\/\/www.tgrthaber.com\/mavikadin\/wp-content\/uploads\/ARZU-35-18-768x432.jpg 768w\" sizes=\"(max-width: 1208px) 100vw, 1208px\" \/><\/p>\n<hr \/>\n<p>Ba\u015far\u0131l\u0131 oyuncu G\u00fcrberk Polat, 2 Nisan 1997 y\u0131l\u0131nda Eski\u015fehir\u2019de d\u00fcnyaya geldi. 2018 y\u0131l\u0131nda \u2018Gelece\u011fin Star\u0131\u2019 adl\u0131 yar\u0131\u015fma ile birincilik kazand\u0131. Yar\u0131\u015fma sonras\u0131 ilk kez \u2018Benim Tatl\u0131 Yalan\u0131m\u2019 dizisi ile kamara kar\u015f\u0131s\u0131na ge\u00e7en G\u00fcrberk Polat, \u00e7e\u015fitli projelerde rol ald\u0131.<\/p>\n<p><img loading=\"lazy\" decoding=\"async\" class=\"alignnone size-full wp-image-232204\" src=\"https:\/\/www.tgrthaber.com\/mavikadin\/wp-content\/uploads\/ARZU-32-20.jpg\" alt=\"\u00c7arp\u0131nt\u0131 dizisinin Emre\u2019si G\u00fcrberk Polat kimdir? G\u00fcrberk Polat ka\u00e7 ya\u015f\u0131nda hangi dizilerde rol ald\u0131?\" width=\"1208\" height=\"680\" title=\"\" srcset=\"https:\/\/www.tgrthaber.com\/mavikadin\/wp-content\/uploads\/ARZU-32-20.jpg 1208w, https:\/\/www.tgrthaber.com\/mavikadin\/wp-content\/uploads\/ARZU-32-20-300x169.jpg 300w, https:\/\/www.tgrthaber.com\/mavikadin\/wp-content\/uploads\/ARZU-32-20-1024x576.jpg 1024w, https:\/\/www.tgrthaber.com\/mavikadin\/wp-content\/uploads\/ARZU-32-20-768x432.jpg 768w\" sizes=\"(max-width: 1208px) 100vw, 1208px\" \/><\/p>\n<hr \/>\n<p>E\u011fitimini Eski\u015fehir Anadolu \u00dcniversitesi G\u00fczel Sanatlar Fak\u00fcltesi Grafik B\u00f6l\u00fcm\u00fc\u2019nde tamamlad\u0131. Televizyon ve sinema alan\u0131nda \u201cMaviye S\u00fcrg\u00fcn\u201d, \u201cBabil\u201d ve \u201cKimya\u201d gibi yap\u0131mlar ile ekranlarda yer ald\u0131.<\/p>\n<h3><img loading=\"lazy\" decoding=\"async\" class=\"alignnone size-full wp-image-232202\" src=\"https:\/\/www.tgrthaber.com\/mavikadin\/wp-content\/uploads\/ARZU-34-19.jpg\" alt=\"\u00c7arp\u0131nt\u0131 dizisinin Emre\u2019si G\u00fcrberk Polat kimdir? G\u00fcrberk Polat ka\u00e7 ya\u015f\u0131nda hangi dizilerde rol ald\u0131?\" width=\"1208\" height=\"680\" title=\"\" srcset=\"https:\/\/www.tgrthaber.com\/mavikadin\/wp-content\/uploads\/ARZU-34-19.jpg 1208w, https:\/\/www.tgrthaber.com\/mavikadin\/wp-content\/uploads\/ARZU-34-19-300x169.jpg 300w, https:\/\/www.tgrthaber.com\/mavikadin\/wp-content\/uploads\/ARZU-34-19-1024x576.jpg 1024w, https:\/\/www.tgrthaber.com\/mavikadin\/wp-content\/uploads\/ARZU-34-19-768x432.jpg 768w\" sizes=\"(max-width: 1208px) 100vw, 1208px\" \/><\/h3>\n<hr \/>\n<h3>G\u00dcRBERK POLAT KA\u00c7 YA\u015eINDA?<\/h3>\n<p>\u015eimdilerde \u00c7arp\u0131nt\u0131 dizisi ile izleyici kar\u015f\u0131s\u0131na \u00e7\u0131kacak olan G\u00fcrberk Polat, 27 ya\u015f\u0131ndad\u0131r. Oyuncu olma hayalini ilk kez Beyaz Show\u2019u izlerken ke\u015ffetmeye ba\u015flad\u0131\u011f\u0131n\u0131 ifade eden G\u00fcrberk Polat, ba\u015far\u0131l\u0131 oyunculu\u011fu ile de dikkatleri \u00fczerine \u00e7ekmeye devam ediyor.<\/p>\n<h3><img loading=\"lazy\" decoding=\"async\" class=\"alignnone size-full wp-image-232200\" src=\"https:\/\/www.tgrthaber.com\/mavikadin\/wp-content\/uploads\/ARZU-36-18.jpg\" alt=\"\u00c7arp\u0131nt\u0131 dizisinin Emre\u2019si G\u00fcrberk Polat kimdir? G\u00fcrberk Polat ka\u00e7 ya\u015f\u0131nda hangi dizilerde rol ald\u0131?\" width=\"1208\" height=\"680\" title=\"\" srcset=\"https:\/\/www.tgrthaber.com\/mavikadin\/wp-content\/uploads\/ARZU-36-18.jpg 1208w, https:\/\/www.tgrthaber.com\/mavikadin\/wp-content\/uploads\/ARZU-36-18-300x169.jpg 300w, https:\/\/www.tgrthaber.com\/mavikadin\/wp-content\/uploads\/ARZU-36-18-1024x576.jpg 1024w, https:\/\/www.tgrthaber.com\/mavikadin\/wp-content\/uploads\/ARZU-36-18-768x432.jpg 768w\" sizes=\"(max-width: 1208px) 100vw, 1208px\" \/><\/h3>\n<hr \/>\n<h3>G\u00dcRBERK POLAT HANG\u0130 D\u0130Z\u0130LERDE ROL ALDI?<\/h3>\n<p>\u00c7arp\u0131nt\u0131 dizisi ile izleyici kar\u015f\u0131s\u0131na \u00e7\u0131kacak olan G\u00fcrberk Polat, oynad\u0131\u011f\u0131 karakterler ile de dikkatleri \u00fczerine \u00e7ekmeye devam ediyor. Ba\u015far\u0131l\u0131 oyuncu daha \u00f6nceleri \u015fu projelerle g\u00fcndeme geldi.<\/p>\n<p><img loading=\"lazy\" decoding=\"async\" class=\"alignnone size-full wp-image-232205\" src=\"https:\/\/www.tgrthaber.com\/mavikadin\/wp-content\/uploads\/ARZU-31-18.jpg\" alt=\"\u00c7arp\u0131nt\u0131 dizisinin Emre\u2019si G\u00fcrberk Polat kimdir? G\u00fcrberk Polat ka\u00e7 ya\u015f\u0131nda hangi dizilerde rol ald\u0131?\" width=\"1208\" height=\"680\" title=\"\" srcset=\"https:\/\/www.tgrthaber.com\/mavikadin\/wp-content\/uploads\/ARZU-31-18.jpg 1208w, https:\/\/www.tgrthaber.com\/mavikadin\/wp-content\/uploads\/ARZU-31-18-300x169.jpg 300w, https:\/\/www.tgrthaber.com\/mavikadin\/wp-content\/uploads\/ARZU-31-18-1024x576.jpg 1024w, https:\/\/www.tgrthaber.com\/mavikadin\/wp-content\/uploads\/ARZU-31-18-768x432.jpg 768w\" sizes=\"(max-width: 1208px) 100vw, 1208px\" \/><\/p>\n<hr \/>\n<p>K\u0131rm\u0131z\u0131 Kamyon<\/p>\n<p>Babil<\/p>\n<p>K\u0131rk Yalan<\/p>\n<p>Benim Tatl\u0131 Yalan\u0131m<\/p>\n<p>Ben Bir Denizim<\/p>\n<p><img loading=\"lazy\" decoding=\"async\" class=\"alignnone size-full wp-image-232199\" src=\"https:\/\/www.tgrthaber.com\/mavikadin\/wp-content\/uploads\/ARZU-37-18.jpg\" alt=\"\u00c7arp\u0131nt\u0131 dizisinin Emre\u2019si G\u00fcrberk Polat kimdir? G\u00fcrberk Polat ka\u00e7 ya\u015f\u0131nda hangi dizilerde rol ald\u0131?\" width=\"1208\" height=\"680\" title=\"\" srcset=\"https:\/\/www.tgrthaber.com\/mavikadin\/wp-content\/uploads\/ARZU-37-18.jpg 1208w, https:\/\/www.tgrthaber.com\/mavikadin\/wp-content\/uploads\/ARZU-37-18-300x169.jpg 300w, https:\/\/www.tgrthaber.com\/mavikadin\/wp-content\/uploads\/ARZU-37-18-1024x576.jpg 1024w, https:\/\/www.tgrthaber.com\/mavikadin\/wp-content\/uploads\/ARZU-37-18-768x432.jpg 768w\" sizes=\"(max-width: 1208px) 100vw, 1208px\" \/><\/p>\n<hr \/>\n<p>Yan Oda<\/p>\n<p>Mahk\u00fbm<\/p>\n<p>Maviye S\u00fcrg\u00fcn<\/p>\n<p>Modern Kad\u0131n<\/p>\n","protected":false},"excerpt":{"rendered":"<p>Star TV ekranlar\u0131nda yay\u0131nlanacak olan \u00c7arp\u0131nt\u0131 dizisi konusu kadar oyuncular\u0131 ile de g\u00fcndeme gelmeye devam ediyor. Ba\u015far\u0131l\u0131 oyunculardan G\u00fcrberk Polat \u2018Emre\u2019 karakteri ile dikkatleri \u00fczerine \u00e7ekiyor. Peki, \u00c7arp\u0131nt\u0131 dizisinin Emre\u2019si G\u00fcrberk Polat kimdir? G\u00fcrberk Polat ka\u00e7 ya\u015f\u0131nda hangi dizilerde rol ald\u0131? \u0130\u015fte detaylar\u2026<\/p>\n","protected":false},"author":34,"featured_media":232203,"comment_status":"closed","ping_status":"closed","sticky":false,"template":"","format":"standard","meta":{"rank_math_lock_modified_date":false,"footnotes":""},"categories":[491],"tags":[16521,27728,32159,49919],"class_list":["post-232198","post","type-post","status-publish","format-standard","has-post-thumbnail","hentry","category-biyografi","tag-biyografi-haberleri","tag-carpinti","tag-dizi","tag-gurberk-polat"],"_links":{"self":[{"href":"https:\/\/www.tgrthaber.com\/mavikadin\/wp-json\/wp\/v2\/posts\/232198"}],"collection":[{"href":"https:\/\/www.tgrthaber.com\/mavikadin\/wp-json\/wp\/v2\/posts"}],"about":[{"href":"https:\/\/www.tgrthaber.com\/mavikadin\/wp-json\/wp\/v2\/types\/post"}],"author":[{"embeddable":true,"href":"https:\/\/www.tgrthaber.com\/mavikadin\/wp-json\/wp\/v2\/users\/34"}],"replies":[{"embeddable":true,"href":"https:\/\/www.tgrthaber.com\/mavikadin\/wp-json\/wp\/v2\/comments?post=232198"}],"version-history":[{"count":2,"href":"https:\/\/www.tgrthaber.com\/mavikadin\/wp-json\/wp\/v2\/posts\/232198\/revisions"}],"predecessor-version":[{"id":232207,"href":"https:\/\/www.tgrthaber.com\/mavikadin\/wp-json\/wp\/v2\/posts\/232198\/revisions\/232207"}],"wp:featuredmedia":[{"embeddable":true,"href":"https:\/\/www.tgrthaber.com\/mavikadin\/wp-json\/wp\/v2\/media\/232203"}],"wp:attachment":[{"href":"https:\/\/www.tgrthaber.com\/mavikadin\/wp-json\/wp\/v2\/media?parent=232198"}],"wp:term":[{"taxonomy":"category","embeddable":true,"href":"https:\/\/www.tgrthaber.com\/mavikadin\/wp-json\/wp\/v2\/categories?post=232198"},{"taxonomy":"post_tag","embeddable":true,"href":"https:\/\/www.tgrthaber.com\/mavikadin\/wp-json\/wp\/v2\/tags?post=232198"}],"curies":[{"name":"wp","href":"https:\/\/api.w.org\/{rel}","templated":true}]}}