{"id":232290,"date":"2025-09-07T18:06:30","date_gmt":"2025-09-07T15:06:30","guid":{"rendered":"https:\/\/www.tgrthaber.com\/mavikadin\/?p=232290"},"modified":"2025-09-07T18:06:31","modified_gmt":"2025-09-07T15:06:31","slug":"nazli-sabanci-kayinvalidesinin-dogum-gununu-kutladi-aralarindaki-muhabbet-sosyal-medyada-gundem-oldu","status":"publish","type":"post","link":"https:\/\/www.tgrthaber.com\/mavikadin\/nazli-sabanci-kayinvalidesinin-dogum-gununu-kutladi-aralarindaki-muhabbet-sosyal-medyada-gundem-oldu\/","title":{"rendered":"Nazl\u0131 Sabanc\u0131 kay\u0131nvalidesinin do\u011fum g\u00fcn\u00fcn\u00fc kutlad\u0131! Aralar\u0131ndaki muhabbet sosyal medyada g\u00fcndem oldu"},"content":{"rendered":"<p>Son g\u00fcnlerde Sabanc\u0131 Ailesi g\u00fcndemden d\u00fc\u015fm\u00fcyor. Ge\u00e7ti\u011fimiz dakikalarda Arzu Sabanc\u0131 60. ya\u015f\u0131na girerek dikkatleri \u00fczerine \u00e7ekti. Sabanc\u0131 Ailesi\u2019nin gelini olan Nazl\u0131 Sabanc\u0131 ise kay\u0131nvalidesinin do\u011fum g\u00fcn\u00fcn\u00fc sosyal medyas\u0131ndan kutlad\u0131.<\/p>\n<h3>NAZLI SABANCI KAYINVAL\u0130DES\u0130N\u0130N DO\u011eUM G\u00dcN\u00dcN\u00dc KUTLADI!<\/h3>\n<p>Son zamanlar da Sabanc\u0131 Ailesi, Hande Er\u00e7el ve Hakan Sabanc\u0131\u2019n\u0131n ayr\u0131l\u0131\u011f\u0131 ile g\u00fcndeme geliyor. \u00dc\u00e7 y\u0131la yak\u0131n ili\u015fkilerini sonland\u0131ran \u00fcnl\u00fc \u00e7ift ayr\u0131l\u0131klar\u0131 ile b\u00fcy\u00fck bir ses getirmi\u015flerdi. Ayr\u0131l\u0131\u011f\u0131 oda\u011f\u0131nda olan Hakan Sabanc\u0131\u2019n\u0131n annesi Arz\u0131 Sabanc\u0131, ge\u00e7ti\u011fimiz saatler de 60. ya\u015f\u0131n\u0131 kutlad\u0131.<\/p>\n<p><img loading=\"lazy\" decoding=\"async\" class=\"alignnone size-full wp-image-232293\" src=\"https:\/\/www.tgrthaber.com\/mavikadin\/wp-content\/uploads\/ARZU-76-12.jpg\" alt=\"Nazl\u0131 Sabanc\u0131 kay\u0131nvalidesinin do\u011fum g\u00fcn\u00fcn\u00fc kutlad\u0131! Aralar\u0131ndaki muhabbet sosyal medyada g\u00fcndem oldu\" width=\"1208\" height=\"680\" title=\"\" srcset=\"https:\/\/www.tgrthaber.com\/mavikadin\/wp-content\/uploads\/ARZU-76-12.jpg 1208w, https:\/\/www.tgrthaber.com\/mavikadin\/wp-content\/uploads\/ARZU-76-12-300x169.jpg 300w, https:\/\/www.tgrthaber.com\/mavikadin\/wp-content\/uploads\/ARZU-76-12-1024x576.jpg 1024w, https:\/\/www.tgrthaber.com\/mavikadin\/wp-content\/uploads\/ARZU-76-12-768x432.jpg 768w\" sizes=\"(max-width: 1208px) 100vw, 1208px\" \/><\/p>\n<hr \/>\n<p>\u00dcnl\u00fc \u00e7ift Hande Er\u00e7el ve Hakan Sabanc\u0131\u2019n\u0131n ayr\u0131l\u0131\u011f\u0131n\u0131n arkas\u0131nda Arzu Sabanc\u0131\u2019n\u0131n oldu\u011fu iddia edilirken Arzu Sabanc\u0131 sosyal medyas\u0131ndan konu hakk\u0131nda a\u00e7\u0131klamalarda bulunmu\u015ftu.<\/p>\n<p><img loading=\"lazy\" decoding=\"async\" class=\"alignnone size-full wp-image-232295\" src=\"https:\/\/www.tgrthaber.com\/mavikadin\/wp-content\/uploads\/ARZU-74-12.jpg\" alt=\"Nazl\u0131 Sabanc\u0131 kay\u0131nvalidesinin do\u011fum g\u00fcn\u00fcn\u00fc kutlad\u0131! Aralar\u0131ndaki muhabbet sosyal medyada g\u00fcndem oldu\" width=\"1208\" height=\"680\" title=\"\" srcset=\"https:\/\/www.tgrthaber.com\/mavikadin\/wp-content\/uploads\/ARZU-74-12.jpg 1208w, https:\/\/www.tgrthaber.com\/mavikadin\/wp-content\/uploads\/ARZU-74-12-300x169.jpg 300w, https:\/\/www.tgrthaber.com\/mavikadin\/wp-content\/uploads\/ARZU-74-12-1024x576.jpg 1024w, https:\/\/www.tgrthaber.com\/mavikadin\/wp-content\/uploads\/ARZU-74-12-768x432.jpg 768w\" sizes=\"(max-width: 1208px) 100vw, 1208px\" \/><\/p>\n<hr \/>\n<p>Arzu Sabanc\u0131, \u201cAyr\u0131l\u0131k karar\u0131 Hakan ve Hande\u2019ye aittir; biz aile olarak bunu sonradan \u00f6\u011frendik. O\u011fullar\u0131m\u0131z\u0131n \u00f6zel hayat\u0131 tamamen kendi tercihleri ve se\u00e7imleridir. Biz hi\u00e7bir zaman bu s\u00fcrece m\u00fcdahil olmad\u0131k ve olmayaca\u011f\u0131z\u201d \u015feklinde a\u00e7\u0131klama yapt\u0131.<\/p>\n<p><img loading=\"lazy\" decoding=\"async\" class=\"alignnone size-full wp-image-232297\" src=\"https:\/\/www.tgrthaber.com\/mavikadin\/wp-content\/uploads\/ARZU-72-11.jpg\" alt=\"Nazl\u0131 Sabanc\u0131 kay\u0131nvalidesinin do\u011fum g\u00fcn\u00fcn\u00fc kutlad\u0131! Aralar\u0131ndaki muhabbet sosyal medyada g\u00fcndem oldu\" width=\"1208\" height=\"680\" title=\"\" srcset=\"https:\/\/www.tgrthaber.com\/mavikadin\/wp-content\/uploads\/ARZU-72-11.jpg 1208w, https:\/\/www.tgrthaber.com\/mavikadin\/wp-content\/uploads\/ARZU-72-11-300x169.jpg 300w, https:\/\/www.tgrthaber.com\/mavikadin\/wp-content\/uploads\/ARZU-72-11-1024x576.jpg 1024w, https:\/\/www.tgrthaber.com\/mavikadin\/wp-content\/uploads\/ARZU-72-11-768x432.jpg 768w\" sizes=\"(max-width: 1208px) 100vw, 1208px\" \/><\/p>\n<hr \/>\n<p>Hac\u0131 Sabanc\u0131\u2019n\u0131n e\u015fi Nazl\u0131 Sabanc\u0131\u2019da kay\u0131nvalidesi ile aras\u0131ndaki mesafeli ili\u015fkisi ile g\u00fcndeme gelmeye devam ediyor. Ge\u00e7ti\u011fimiz saatlerde ise Nazl\u0131 Sabanc\u0131 Arzu Sabanc\u0131\u2019n\u0131n foto\u011fraf\u0131n\u0131 payla\u015farak, 60. ya\u015f\u0131na giren kay\u0131nvalidesinin do\u011fum g\u00fcn\u00fcn\u00fc kutlad\u0131.<\/p>\n<h3><img loading=\"lazy\" decoding=\"async\" class=\"alignnone size-full wp-image-232292\" src=\"https:\/\/www.tgrthaber.com\/mavikadin\/wp-content\/uploads\/ARZU-77-12.jpg\" alt=\"Nazl\u0131 Sabanc\u0131 kay\u0131nvalidesinin do\u011fum g\u00fcn\u00fcn\u00fc kutlad\u0131! Aralar\u0131ndaki muhabbet sosyal medyada g\u00fcndem oldu\" width=\"1208\" height=\"680\" title=\"\" srcset=\"https:\/\/www.tgrthaber.com\/mavikadin\/wp-content\/uploads\/ARZU-77-12.jpg 1208w, https:\/\/www.tgrthaber.com\/mavikadin\/wp-content\/uploads\/ARZU-77-12-300x169.jpg 300w, https:\/\/www.tgrthaber.com\/mavikadin\/wp-content\/uploads\/ARZU-77-12-1024x576.jpg 1024w, https:\/\/www.tgrthaber.com\/mavikadin\/wp-content\/uploads\/ARZU-77-12-768x432.jpg 768w\" sizes=\"(max-width: 1208px) 100vw, 1208px\" \/><\/h3>\n<hr \/>\n<h3>ARALARINDAK\u0130 MUHABBET SOSYAL MEDYADA G\u00dcNDEM OLDU<\/h3>\n<p>G\u00fcndemden d\u00fc\u015fmeyen Sabanc\u0131 Ailesi\u2019nden Arzu Sabanc\u0131 60. ya\u015f\u0131na girdi. Gelini olan Nazl\u0131 Sabanc\u0131, kay\u0131nvalidesinin do\u011fum g\u00fcn\u00fcn\u00fc sosyal medyas\u0131ndan payla\u015farak sosyal medyada da g\u00fcndem oldu.<\/p>\n<p><img loading=\"lazy\" decoding=\"async\" class=\"alignnone size-full wp-image-232291\" src=\"https:\/\/www.tgrthaber.com\/mavikadin\/wp-content\/uploads\/ARZU-78-12.jpg\" alt=\"Nazl\u0131 Sabanc\u0131 kay\u0131nvalidesinin do\u011fum g\u00fcn\u00fcn\u00fc kutlad\u0131! Aralar\u0131ndaki muhabbet sosyal medyada g\u00fcndem oldu\" width=\"1208\" height=\"680\" title=\"\" srcset=\"https:\/\/www.tgrthaber.com\/mavikadin\/wp-content\/uploads\/ARZU-78-12.jpg 1208w, https:\/\/www.tgrthaber.com\/mavikadin\/wp-content\/uploads\/ARZU-78-12-300x169.jpg 300w, https:\/\/www.tgrthaber.com\/mavikadin\/wp-content\/uploads\/ARZU-78-12-1024x576.jpg 1024w, https:\/\/www.tgrthaber.com\/mavikadin\/wp-content\/uploads\/ARZU-78-12-768x432.jpg 768w\" sizes=\"(max-width: 1208px) 100vw, 1208px\" \/><\/p>\n<hr \/>\n<p>Nazl\u0131 Sabanc\u0131 sosyal medya hesab\u0131ndan yapt\u0131\u011f\u0131 do\u011fum g\u00fcn\u00fc payla\u015f\u0131m\u0131na \u2018Bana Kay\u0131nvalideden \u00f6te anne oldunuz. Sizi \u00e7ok seviyoruz.\u2019 s\u00f6zlerini yazmas\u0131 dikkatlerden ka\u00e7mad\u0131. \u00a0Daha sonra pasta ba\u015f\u0131nda olan Arzu Sabanc\u0131\u2019n\u0131n foto\u011fraf\u0131n\u0131 payla\u015fan Nazl\u0131 Sabanc\u0131, \u201c7 Eyl\u00fcl bizim i\u00e7in \u00e7ok \u00f6nemli bir g\u00fcn. \u0130yi ki do\u011fdunuz\u201d notunu d\u00fc\u015ft\u00fc.<\/p>\n<p><img loading=\"lazy\" decoding=\"async\" class=\"alignnone size-full wp-image-232296\" src=\"https:\/\/www.tgrthaber.com\/mavikadin\/wp-content\/uploads\/ARZU-73-11.jpg\" alt=\"Nazl\u0131 Sabanc\u0131 kay\u0131nvalidesinin do\u011fum g\u00fcn\u00fcn\u00fc kutlad\u0131! Aralar\u0131ndaki muhabbet sosyal medyada g\u00fcndem oldu\" width=\"1208\" height=\"680\" title=\"\" srcset=\"https:\/\/www.tgrthaber.com\/mavikadin\/wp-content\/uploads\/ARZU-73-11.jpg 1208w, https:\/\/www.tgrthaber.com\/mavikadin\/wp-content\/uploads\/ARZU-73-11-300x169.jpg 300w, https:\/\/www.tgrthaber.com\/mavikadin\/wp-content\/uploads\/ARZU-73-11-1024x576.jpg 1024w, https:\/\/www.tgrthaber.com\/mavikadin\/wp-content\/uploads\/ARZU-73-11-768x432.jpg 768w\" sizes=\"(max-width: 1208px) 100vw, 1208px\" \/><\/p>\n<hr \/>\n<p>Onedio\u2019nun haberine g\u00f6re, bu payla\u015f\u0131mlar\u0131nda kulland\u0131\u011f\u0131 sizli bizli c\u00fcmleler ise dikkatlerden ka\u00e7mad\u0131. \u0130kilinin aralar\u0131ndaki resmiyet sosyal medyada da g\u00fcndem oldu.<\/p>\n","protected":false},"excerpt":{"rendered":"<p>Sabanc\u0131 Ailesi\u2019nden Arzu Sabanc\u0131 60. ya\u015f\u0131na bast\u0131. Hac\u0131 Sabanc\u0131\u2019n\u0131n e\u015fi Nazl\u0131 Sabanc\u0131\u2019da kay\u0131nvalidesinin yeni ya\u015f\u0131n\u0131 sosyal medyas\u0131ndan kutlad\u0131. <\/p>\n","protected":false},"author":34,"featured_media":232298,"comment_status":"closed","ping_status":"closed","sticky":false,"template":"","format":"standard","meta":{"rank_math_lock_modified_date":false,"footnotes":""},"categories":[76],"tags":[2877,61706,133,3463],"class_list":["post-232290","post","type-post","status-publish","format-standard","has-post-thumbnail","hentry","category-magazin","tag-arzu-sabanci","tag-arzu-sabanci-dogum-gunu","tag-magazin","tag-nazli-sabanci"],"_links":{"self":[{"href":"https:\/\/www.tgrthaber.com\/mavikadin\/wp-json\/wp\/v2\/posts\/232290"}],"collection":[{"href":"https:\/\/www.tgrthaber.com\/mavikadin\/wp-json\/wp\/v2\/posts"}],"about":[{"href":"https:\/\/www.tgrthaber.com\/mavikadin\/wp-json\/wp\/v2\/types\/post"}],"author":[{"embeddable":true,"href":"https:\/\/www.tgrthaber.com\/mavikadin\/wp-json\/wp\/v2\/users\/34"}],"replies":[{"embeddable":true,"href":"https:\/\/www.tgrthaber.com\/mavikadin\/wp-json\/wp\/v2\/comments?post=232290"}],"version-history":[{"count":1,"href":"https:\/\/www.tgrthaber.com\/mavikadin\/wp-json\/wp\/v2\/posts\/232290\/revisions"}],"predecessor-version":[{"id":232299,"href":"https:\/\/www.tgrthaber.com\/mavikadin\/wp-json\/wp\/v2\/posts\/232290\/revisions\/232299"}],"wp:featuredmedia":[{"embeddable":true,"href":"https:\/\/www.tgrthaber.com\/mavikadin\/wp-json\/wp\/v2\/media\/232298"}],"wp:attachment":[{"href":"https:\/\/www.tgrthaber.com\/mavikadin\/wp-json\/wp\/v2\/media?parent=232290"}],"wp:term":[{"taxonomy":"category","embeddable":true,"href":"https:\/\/www.tgrthaber.com\/mavikadin\/wp-json\/wp\/v2\/categories?post=232290"},{"taxonomy":"post_tag","embeddable":true,"href":"https:\/\/www.tgrthaber.com\/mavikadin\/wp-json\/wp\/v2\/tags?post=232290"}],"curies":[{"name":"wp","href":"https:\/\/api.w.org\/{rel}","templated":true}]}}